{"id":26389,"date":"2026-03-09T07:28:57","date_gmt":"2026-03-09T07:28:57","guid":{"rendered":"https:\/\/acronoticias.com\/index.php\/2026\/03\/09\/proponen-declarar-el-8-de-abril-como-dia-de-duelo-nacional-por-tragedia-del-jet-set\/"},"modified":"2026-03-09T07:28:57","modified_gmt":"2026-03-09T07:28:57","slug":"proponen-declarar-el-8-de-abril-como-dia-de-duelo-nacional-por-tragedia-del-jet-set","status":"publish","type":"post","link":"https:\/\/acronoticias.com\/index.php\/2026\/03\/09\/proponen-declarar-el-8-de-abril-como-dia-de-duelo-nacional-por-tragedia-del-jet-set\/","title":{"rendered":"Proponen declarar el 8 de abril como d\u00eda de duelo nacional por tragedia del Jet Set"},"content":{"rendered":"<div data-td-block-uid=\"tdi_101\">\n<div class=\"tdb-block-inner td-fix-index\">\n<p><strong>Santo Domingo<\/strong>. \u2013 El sacerdote <strong>Rogelio Cruz<\/strong> propuso declarar el <strong>8 de abril<\/strong> como <strong>d\u00eda de duelo nacional<\/strong>, en homenaje a las v\u00edctimas de la tragedia del <strong>Jet Set<\/strong>, ocurrida hace 11 meses, donde murieron <strong>142 mujeres<\/strong> en una madrugada fat\u00eddica.<\/p>\n<p>La propuesta fue realizada durante una <strong>homil\u00eda<\/strong> a la que asistieron por primera vez <strong>Do\u00f1a Melba Grullon<\/strong> y <strong>Arelis de Estrella<\/strong>, quienes perdieron a sus hijos reci\u00e9n casados en aquel suceso<\/p>\n<p>Durante la ceremonia, <strong>Rogelio Cruz<\/strong> expres\u00f3 que, aunque ha pasado casi un a\u00f1o del desplome del Jet Set, \u201cel dolor y las penas siguen a flor de piel\u201d. <\/p>\n<p>Los familiares aprovecharon la homil\u00eda no solo para manifestar su dolor y tristeza, sino tambi\u00e9n su inconformidad por el proceso judicial contra los hermanos <strong>Espillat<\/strong>, se\u00f1alados como responsables de la tragedia. <\/p>\n<p>Sobrevivientes y familiares, como <strong>Julio Montilla<\/strong> y <strong>Socorro Valera<\/strong>, han anunciado que convocar\u00e1n a una manifestaci\u00f3n frente a la <strong>Fiscal\u00eda del Distrito Nacional<\/strong>, donde se reanudar\u00e1 el proceso judicial contra los ejecutivos de la discoteca <strong>Jet Set<\/strong>.<\/p>\n<p>La convocatoria busca visibilizar la memoria de los m\u00e1s de <strong>233 muertos<\/strong> y los <strong>189 heridos<\/strong>, y reclamar justicia para los afectados por la tragedia que marc\u00f3 a toda la comunidad.<\/p>\n<\/div>\n<\/div>\n","protected":false},"excerpt":{"rendered":"<p>Santo Domingo. \u2013 El sacerdote Rogelio Cruz propuso declarar el 8 de abril como d\u00eda de duelo nacional, en homenaje a las v\u00edctimas de la tragedia del Jet Set, ocurrida hace 11 meses, donde murieron 142 mujeres en una madrugada fat\u00eddica. La propuesta fue realizada durante una homil\u00eda a la que asistieron por primera vez<\/p>\n","protected":false},"author":1,"featured_media":26390,"comment_status":"open","ping_status":"open","sticky":false,"template":"","format":"standard","meta":{"footnotes":""},"categories":[1],"tags":[],"class_list":["post-26389","post","type-post","status-publish","format-standard","has-post-thumbnail","hentry","category-nacionales"],"_links":{"self":[{"href":"https:\/\/acronoticias.com\/index.php\/wp-json\/wp\/v2\/posts\/26389","targetHints":{"allow":["GET"]}}],"collection":[{"href":"https:\/\/acronoticias.com\/index.php\/wp-json\/wp\/v2\/posts"}],"about":[{"href":"https:\/\/acronoticias.com\/index.php\/wp-json\/wp\/v2\/types\/post"}],"author":[{"embeddable":true,"href":"https:\/\/acronoticias.com\/index.php\/wp-json\/wp\/v2\/users\/1"}],"replies":[{"embeddable":true,"href":"https:\/\/acronoticias.com\/index.php\/wp-json\/wp\/v2\/comments?post=26389"}],"version-history":[{"count":0,"href":"https:\/\/acronoticias.com\/index.php\/wp-json\/wp\/v2\/posts\/26389\/revisions"}],"wp:featuredmedia":[{"embeddable":true,"href":"https:\/\/acronoticias.com\/index.php\/wp-json\/wp\/v2\/media\/26390"}],"wp:attachment":[{"href":"https:\/\/acronoticias.com\/index.php\/wp-json\/wp\/v2\/media?parent=26389"}],"wp:term":[{"taxonomy":"category","embeddable":true,"href":"https:\/\/acronoticias.com\/index.php\/wp-json\/wp\/v2\/categories?post=26389"},{"taxonomy":"post_tag","embeddable":true,"href":"https:\/\/acronoticias.com\/index.php\/wp-json\/wp\/v2\/tags?post=26389"}],"curies":[{"name":"wp","href":"https:\/\/api.w.org\/{rel}","templated":true}]}}