{"id":26387,"date":"2026-03-09T07:13:00","date_gmt":"2026-03-09T07:13:00","guid":{"rendered":"https:\/\/acronoticias.com\/index.php\/2026\/03\/09\/mi-nina-era-mi-todo-madre-de-victima-del-jet-set-clama-justicia\/"},"modified":"2026-03-09T07:13:00","modified_gmt":"2026-03-09T07:13:00","slug":"mi-nina-era-mi-todo-madre-de-victima-del-jet-set-clama-justicia","status":"publish","type":"post","link":"https:\/\/acronoticias.com\/index.php\/2026\/03\/09\/mi-nina-era-mi-todo-madre-de-victima-del-jet-set-clama-justicia\/","title":{"rendered":"\u201cMi ni\u00f1a era mi todo\u201d: madre de v\u00edctima del Jet Set clama justicia"},"content":{"rendered":"<div data-td-block-uid=\"tdi_101\">\n<div class=\"tdb-block-inner td-fix-index\">\n<p><strong>Santo Domingo.<\/strong> \u2013 La madre de una de las v\u00edctimas de la tragedia de la discoteca <strong>Jet Set<\/strong>, <strong>Socorro Valera<\/strong>, pidi\u00f3 justicia durante una emotiva declaraci\u00f3n en un acto de recuerdo, destacando la dignidad de su hija y el dolor de su p\u00e9rdida.<\/p>\n<p>Valera relat\u00f3 que su hija, asisti\u00f3 a la discoteca para <strong>acompa\u00f1ar a una compa\u00f1era de trabajo <\/strong>que celebraba su cumplea\u00f1os, y que ella misma cumplir\u00eda a\u00f1os apenas cuatro d\u00edas despu\u00e9s. <\/p>\n<p>\u201cMi ni\u00f1a no se hab\u00eda casado. Profesional.<strong> Mi \u00fanica hija. Mi \u00e1ngel. Mi todo.<\/strong> La que me impulsaba a levantarme todos los d\u00edas\u201d, expres\u00f3 entre l\u00e1grimas.<\/p>\n<p>Durante su intervenci\u00f3n, Valera inst\u00f3 a las autoridades a garantizar justicia para los fallecidos y sus familias: \u201cHoy me levanto con m\u00e1s fuerza porque le digo al se\u00f1or, como le dijo la viuda de Zareta: se\u00f1or, haznos justicia. Necesitamos justicia. Necesitamos que este pa\u00eds entienda que no fueron pollos los que murieron ah\u00ed, que fueron seres humanos dignos de que se le haga justicia\u201d.<\/p>\n<p>La declaraci\u00f3n de Socorro Valera se suma a los reclamos de los familiares de las v\u00edctimas del Jet Set, quienes contin\u00faan exigiendo transparencia en el proceso judicial contra los responsables del accidente, ocurrido hace casi un a\u00f1o y que cobr\u00f3 la vida de <strong>142 mujeres<\/strong>, dejando a numerosas familias en duelo.<\/p>\n<\/div>\n<\/div>\n","protected":false},"excerpt":{"rendered":"<p>Santo Domingo. \u2013 La madre de una de las v\u00edctimas de la tragedia de la discoteca Jet Set, Socorro Valera, pidi\u00f3 justicia durante una emotiva declaraci\u00f3n en un acto de recuerdo, destacando la dignidad de su hija y el dolor de su p\u00e9rdida. Valera relat\u00f3 que su hija, asisti\u00f3 a la discoteca para acompa\u00f1ar a<\/p>\n","protected":false},"author":1,"featured_media":26388,"comment_status":"open","ping_status":"open","sticky":false,"template":"","format":"standard","meta":{"footnotes":""},"categories":[1],"tags":[],"class_list":["post-26387","post","type-post","status-publish","format-standard","has-post-thumbnail","hentry","category-nacionales"],"_links":{"self":[{"href":"https:\/\/acronoticias.com\/index.php\/wp-json\/wp\/v2\/posts\/26387","targetHints":{"allow":["GET"]}}],"collection":[{"href":"https:\/\/acronoticias.com\/index.php\/wp-json\/wp\/v2\/posts"}],"about":[{"href":"https:\/\/acronoticias.com\/index.php\/wp-json\/wp\/v2\/types\/post"}],"author":[{"embeddable":true,"href":"https:\/\/acronoticias.com\/index.php\/wp-json\/wp\/v2\/users\/1"}],"replies":[{"embeddable":true,"href":"https:\/\/acronoticias.com\/index.php\/wp-json\/wp\/v2\/comments?post=26387"}],"version-history":[{"count":0,"href":"https:\/\/acronoticias.com\/index.php\/wp-json\/wp\/v2\/posts\/26387\/revisions"}],"wp:featuredmedia":[{"embeddable":true,"href":"https:\/\/acronoticias.com\/index.php\/wp-json\/wp\/v2\/media\/26388"}],"wp:attachment":[{"href":"https:\/\/acronoticias.com\/index.php\/wp-json\/wp\/v2\/media?parent=26387"}],"wp:term":[{"taxonomy":"category","embeddable":true,"href":"https:\/\/acronoticias.com\/index.php\/wp-json\/wp\/v2\/categories?post=26387"},{"taxonomy":"post_tag","embeddable":true,"href":"https:\/\/acronoticias.com\/index.php\/wp-json\/wp\/v2\/tags?post=26387"}],"curies":[{"name":"wp","href":"https:\/\/api.w.org\/{rel}","templated":true}]}}