{"id":26385,"date":"2026-03-09T06:56:58","date_gmt":"2026-03-09T06:56:58","guid":{"rendered":"https:\/\/acronoticias.com\/index.php\/2026\/03\/09\/abinader-inaugura-escuela-modular-en-los-guandules\/"},"modified":"2026-03-09T06:56:58","modified_gmt":"2026-03-09T06:56:58","slug":"abinader-inaugura-escuela-modular-en-los-guandules","status":"publish","type":"post","link":"https:\/\/acronoticias.com\/index.php\/2026\/03\/09\/abinader-inaugura-escuela-modular-en-los-guandules\/","title":{"rendered":"Abinader inaugura escuela modular en Los Guandules"},"content":{"rendered":"<div data-td-block-uid=\"tdi_101\">\n<div class=\"tdb-block-inner td-fix-index\">\n<p><strong>Santo Domingo.<\/strong> El presidente Luis Abinader dej\u00f3 inaugurada este domingo la Escuela Primaria San Rafael (Fe y Alegr\u00eda), en el sector Los Guandules del Distrito Nacional, con una inversi\u00f3n de RD$153,573,410, destinada a acoger a m\u00e1s de 800 estudiantes de la comunidad.<\/p>\n<p>El nuevo plantel cuenta con 27 aulas modulares, construidas con materiales termoac\u00fasticos para controlar el ruido externo. Todas las aulas est\u00e1n equipadas con aire acondicionado y accesos inclusivos. Dos de los espacios estar\u00e1n dedicados a la educaci\u00f3n especial, mientras que el centro tambi\u00e9n dispone de laboratorios, cancha deportiva, \u00e1reas verdes, juegos infantiles y plaza c\u00edvica.<\/p>\n<p>Durante el acto, el ministro de Educaci\u00f3n, Luis Miguel De Camps, explic\u00f3 que la obra enfrent\u00f3 inicialmente diferencias de opini\u00f3n dentro de la comunidad, las cuales fueron superadas tras la intervenci\u00f3n de la alcaldesa del Distrito Nacional, Carolina Mej\u00eda. \u201cHab\u00eda en esta comunidad una duda sobre esta iniciativa y sobre esta construcci\u00f3n. Gracias a esa intervenci\u00f3n sostuvimos una cantidad de reuniones con las autoridades comunitarias de ac\u00e1\u201d, se\u00f1al\u00f3.<\/p>\n<p>De Camps destac\u00f3 que la escuela incorpora espacios inclusivos para estudiantes con necesidades educativas espec\u00edficas, como parte de la pol\u00edtica de garantizar trayectorias educativas completas, que acompa\u00f1en al alumno desde la educaci\u00f3n inicial hasta la formaci\u00f3n t\u00e9cnica o superior orientada al empleo.<\/p>\n<p>Con esta inauguraci\u00f3n, el Gobierno reafirma su apuesta por ampliar la cobertura educativa en sectores vulnerables y ofrecer condiciones modernas para el aprendizaje de la ni\u00f1ez dominicana.<\/p>\n<\/div>\n<\/div>\n","protected":false},"excerpt":{"rendered":"<p>Santo Domingo. El presidente Luis Abinader dej\u00f3 inaugurada este domingo la Escuela Primaria San Rafael (Fe y Alegr\u00eda), en el sector Los Guandules del Distrito Nacional, con una inversi\u00f3n de RD$153,573,410, destinada a acoger a m\u00e1s de 800 estudiantes de la comunidad. El nuevo plantel cuenta con 27 aulas modulares, construidas con materiales termoac\u00fasticos para<\/p>\n","protected":false},"author":1,"featured_media":26386,"comment_status":"open","ping_status":"open","sticky":false,"template":"","format":"standard","meta":{"footnotes":""},"categories":[1],"tags":[],"class_list":["post-26385","post","type-post","status-publish","format-standard","has-post-thumbnail","hentry","category-nacionales"],"_links":{"self":[{"href":"https:\/\/acronoticias.com\/index.php\/wp-json\/wp\/v2\/posts\/26385","targetHints":{"allow":["GET"]}}],"collection":[{"href":"https:\/\/acronoticias.com\/index.php\/wp-json\/wp\/v2\/posts"}],"about":[{"href":"https:\/\/acronoticias.com\/index.php\/wp-json\/wp\/v2\/types\/post"}],"author":[{"embeddable":true,"href":"https:\/\/acronoticias.com\/index.php\/wp-json\/wp\/v2\/users\/1"}],"replies":[{"embeddable":true,"href":"https:\/\/acronoticias.com\/index.php\/wp-json\/wp\/v2\/comments?post=26385"}],"version-history":[{"count":0,"href":"https:\/\/acronoticias.com\/index.php\/wp-json\/wp\/v2\/posts\/26385\/revisions"}],"wp:featuredmedia":[{"embeddable":true,"href":"https:\/\/acronoticias.com\/index.php\/wp-json\/wp\/v2\/media\/26386"}],"wp:attachment":[{"href":"https:\/\/acronoticias.com\/index.php\/wp-json\/wp\/v2\/media?parent=26385"}],"wp:term":[{"taxonomy":"category","embeddable":true,"href":"https:\/\/acronoticias.com\/index.php\/wp-json\/wp\/v2\/categories?post=26385"},{"taxonomy":"post_tag","embeddable":true,"href":"https:\/\/acronoticias.com\/index.php\/wp-json\/wp\/v2\/tags?post=26385"}],"curies":[{"name":"wp","href":"https:\/\/api.w.org\/{rel}","templated":true}]}}