{"id":26383,"date":"2026-03-09T06:55:54","date_gmt":"2026-03-09T06:55:54","guid":{"rendered":"https:\/\/acronoticias.com\/index.php\/2026\/03\/09\/junior-caminero-explica-por-que-dijo-que-iria-al-clasico-mundial-aunque-fuera-de-aguatero-el-nuevo-diario-republica-dominicana\/"},"modified":"2026-03-09T06:55:54","modified_gmt":"2026-03-09T06:55:54","slug":"junior-caminero-explica-por-que-dijo-que-iria-al-clasico-mundial-aunque-fuera-de-aguatero-el-nuevo-diario-republica-dominicana","status":"publish","type":"post","link":"https:\/\/acronoticias.com\/index.php\/2026\/03\/09\/junior-caminero-explica-por-que-dijo-que-iria-al-clasico-mundial-aunque-fuera-de-aguatero-el-nuevo-diario-republica-dominicana\/","title":{"rendered":"Junior Caminero explica por qu\u00e9 dijo que ir\u00eda al Cl\u00e1sico Mundial \u201caunque fuera de aguatero\u201d \u2013 El Nuevo Diario (Rep\u00fablica Dominicana)"},"content":{"rendered":"<p><i class=\"bi bi-camera-fill\" style=\"font-size:18px; color:var(--rojo)\"\/> Junior Caminero. Ilustraci\u00f3n: Ruben Suero <\/p>\n<div>\n<div id=\"gemini-summary-wrapper\" class=\"mb-3\">\n                <button id=\"btn-get-summary\" class=\"gemini-btn\" data-post-id=\"3041559\" data-post-title=\"Junior Caminero explica por qu\u00e9 dijo que ir\u00eda al Cl\u00e1sico Mundial \u201caunque fuera de aguatero\u201d\"><br \/>\n                    Leer resumen <b class=\"d-none d-md-inline\">de la noticia<\/b> (IA) <span>CLICK AQU\u00cd<\/span><br \/>\n                <\/button><\/p>\n<div id=\"gemini-loading\" class=\"mb-3\">\n<p>                    <span>Analizando noticia&#8230; por favor espera.<\/span>\n                <\/div>\n<\/p><\/div>\n<p>EL NUEVO DIARIO, SANTO DOMINGO.-El pelotero dominicano Junior Caminero explic\u00f3 que en un momento dijo que estaba dispuesto a asistir al Cl\u00e1sico Mundial de B\u00e9isbol aunque fuera como \u201caguatero\u201d, porque era consciente de la gran cantidad de estrellas que conforman la Selecci\u00f3n Dominicana y quer\u00eda aportar su granito de arena.<\/p>\n<p>\u201cDije eso porque yo s\u00e9 que es un equipo lleno de estrellas y yo s\u00e9 que yo pod\u00eda aportar\u201d, expres\u00f3.<\/p>\n<p>En ese sentido, el jugador agradeci\u00f3 a la directiva del equipo y al dirigente Albert Pujols por confiar en su talento y brindarle la oportunidad de formar parte del \u201cline up\u201d, algo que describi\u00f3 como muy especial en su carrera.<\/p>\n<p>Caminero record\u00f3 que siempre dec\u00eda que era \u201cun muchachito jod\u00f3n con el bate\u201d; ha podido demostrarlo en el terreno de juego, aportando su granito de arena a la Rep\u00fablica Dominicana y los resultados se est\u00e1n viendo, no solo a nivel individual, sino en el desempe\u00f1o colectivo del equipo.<\/p>\n<p>Esta cobertura llega a ustedes gracias a Autoridad Portuaria Dominicana y MR. HOME Asesores Inmobiliarios.<\/p>\n<p><h3 class=\"jp-relatedposts-headline\"><em>Relacionado<\/em><\/h3>\n<\/p>\n<p>\t\t\t\t\t\t<!-- .entry-footer --><br \/>\n\t\t\t\t\t\t<!-- \n\n<div data-type=\"_mgwidget\" data-widget-id=\"1743501\"><\/div>\n\n  -->\n\t\t\t\t\t<\/div>\n","protected":false},"excerpt":{"rendered":"<p>Junior Caminero. Ilustraci\u00f3n: Ruben Suero Leer resumen de la noticia (IA) CLICK AQU\u00cd Analizando noticia&#8230; por favor espera. EL NUEVO DIARIO, SANTO DOMINGO.-El pelotero dominicano Junior Caminero explic\u00f3 que en un momento dijo que estaba dispuesto a asistir al Cl\u00e1sico Mundial de B\u00e9isbol aunque fuera como \u201caguatero\u201d, porque era consciente de la gran cantidad de<\/p>\n","protected":false},"author":1,"featured_media":26384,"comment_status":"open","ping_status":"open","sticky":false,"template":"","format":"standard","meta":{"footnotes":""},"categories":[2],"tags":[],"class_list":["post-26383","post","type-post","status-publish","format-standard","has-post-thumbnail","hentry","category-deporte"],"_links":{"self":[{"href":"https:\/\/acronoticias.com\/index.php\/wp-json\/wp\/v2\/posts\/26383","targetHints":{"allow":["GET"]}}],"collection":[{"href":"https:\/\/acronoticias.com\/index.php\/wp-json\/wp\/v2\/posts"}],"about":[{"href":"https:\/\/acronoticias.com\/index.php\/wp-json\/wp\/v2\/types\/post"}],"author":[{"embeddable":true,"href":"https:\/\/acronoticias.com\/index.php\/wp-json\/wp\/v2\/users\/1"}],"replies":[{"embeddable":true,"href":"https:\/\/acronoticias.com\/index.php\/wp-json\/wp\/v2\/comments?post=26383"}],"version-history":[{"count":0,"href":"https:\/\/acronoticias.com\/index.php\/wp-json\/wp\/v2\/posts\/26383\/revisions"}],"wp:featuredmedia":[{"embeddable":true,"href":"https:\/\/acronoticias.com\/index.php\/wp-json\/wp\/v2\/media\/26384"}],"wp:attachment":[{"href":"https:\/\/acronoticias.com\/index.php\/wp-json\/wp\/v2\/media?parent=26383"}],"wp:term":[{"taxonomy":"category","embeddable":true,"href":"https:\/\/acronoticias.com\/index.php\/wp-json\/wp\/v2\/categories?post=26383"},{"taxonomy":"post_tag","embeddable":true,"href":"https:\/\/acronoticias.com\/index.php\/wp-json\/wp\/v2\/tags?post=26383"}],"curies":[{"name":"wp","href":"https:\/\/api.w.org\/{rel}","templated":true}]}}