{"id":26379,"date":"2026-03-09T06:41:11","date_gmt":"2026-03-09T06:41:11","guid":{"rendered":"https:\/\/acronoticias.com\/index.php\/2026\/03\/09\/yeni-berenice-y-su-familia-agradecen-muestras-de-solidaridad-tras-fallecimiento-de-su-padre\/"},"modified":"2026-03-09T06:41:11","modified_gmt":"2026-03-09T06:41:11","slug":"yeni-berenice-y-su-familia-agradecen-muestras-de-solidaridad-tras-fallecimiento-de-su-padre","status":"publish","type":"post","link":"https:\/\/acronoticias.com\/index.php\/2026\/03\/09\/yeni-berenice-y-su-familia-agradecen-muestras-de-solidaridad-tras-fallecimiento-de-su-padre\/","title":{"rendered":"Yeni Berenice y su familia agradecen muestras de solidaridad tras fallecimiento de su padre"},"content":{"rendered":"<div data-td-block-uid=\"tdi_101\">\n<div class=\"tdb-block-inner td-fix-index\">\n<p>SANTO DOMINGO.- La procuradora general Yeni Berenice Reynoso y su familia expresaron su agradecimiento por las muestras de solidaridad, cari\u00f1o y acompa\u00f1amiento recibidas tras el fallecimiento de su padre Ram\u00f3n Dar\u00edo Reynoso Gonz\u00e1lez.<\/p>\n<p>A trav\u00e9s de un mensaje, la familia Reynoso Gonz\u00e1lez-N\u00fa\u00f1ez manifest\u00f3 su profunda gratitud a todas las personas que han estado presentes durante este momento de duelo, destacando que cada gesto de apoyo ha representado un consuelo ante la p\u00e9rdida.<\/p>\n<p>Asimismo, agradecieron al equipo m\u00e9dico que se esforz\u00f3 en atender a Reynoso Gonz\u00e1lez, as\u00ed como a sus colegas, maestros y compa\u00f1eros de docencia y profesi\u00f3n que se mantuvieron atentos y en oraci\u00f3n durante su proceso de salud.<\/p>\n<p>En el comunicado la familia se\u00f1al\u00f3 que cada mensaje, visita y pensamiento solidario ha sido un \u201cb\u00e1lsamo\u201d en medio del dolor y un recordatorio del cari\u00f1o y respeto que rodearon la vida de su ser querido.<\/p>\n<p>Principio del formulario<\/p>\n<p>Final del formulario<\/p>\n<p>Finalmente, indicaron que el apoyo recibido quedar\u00e1 siempre presente en la memoria de la familia, que valora profundamente la cercan\u00eda y la nobleza demostrada en estos d\u00edas dif\u00edciles.<\/p>\n<\/div>\n<\/div>\n","protected":false},"excerpt":{"rendered":"<p>SANTO DOMINGO.- La procuradora general Yeni Berenice Reynoso y su familia expresaron su agradecimiento por las muestras de solidaridad, cari\u00f1o y acompa\u00f1amiento recibidas tras el fallecimiento de su padre Ram\u00f3n Dar\u00edo Reynoso Gonz\u00e1lez. A trav\u00e9s de un mensaje, la familia Reynoso Gonz\u00e1lez-N\u00fa\u00f1ez manifest\u00f3 su profunda gratitud a todas las personas que han estado presentes durante<\/p>\n","protected":false},"author":1,"featured_media":26380,"comment_status":"open","ping_status":"open","sticky":false,"template":"","format":"standard","meta":{"footnotes":""},"categories":[1],"tags":[],"class_list":["post-26379","post","type-post","status-publish","format-standard","has-post-thumbnail","hentry","category-nacionales"],"_links":{"self":[{"href":"https:\/\/acronoticias.com\/index.php\/wp-json\/wp\/v2\/posts\/26379","targetHints":{"allow":["GET"]}}],"collection":[{"href":"https:\/\/acronoticias.com\/index.php\/wp-json\/wp\/v2\/posts"}],"about":[{"href":"https:\/\/acronoticias.com\/index.php\/wp-json\/wp\/v2\/types\/post"}],"author":[{"embeddable":true,"href":"https:\/\/acronoticias.com\/index.php\/wp-json\/wp\/v2\/users\/1"}],"replies":[{"embeddable":true,"href":"https:\/\/acronoticias.com\/index.php\/wp-json\/wp\/v2\/comments?post=26379"}],"version-history":[{"count":0,"href":"https:\/\/acronoticias.com\/index.php\/wp-json\/wp\/v2\/posts\/26379\/revisions"}],"wp:featuredmedia":[{"embeddable":true,"href":"https:\/\/acronoticias.com\/index.php\/wp-json\/wp\/v2\/media\/26380"}],"wp:attachment":[{"href":"https:\/\/acronoticias.com\/index.php\/wp-json\/wp\/v2\/media?parent=26379"}],"wp:term":[{"taxonomy":"category","embeddable":true,"href":"https:\/\/acronoticias.com\/index.php\/wp-json\/wp\/v2\/categories?post=26379"},{"taxonomy":"post_tag","embeddable":true,"href":"https:\/\/acronoticias.com\/index.php\/wp-json\/wp\/v2\/tags?post=26379"}],"curies":[{"name":"wp","href":"https:\/\/api.w.org\/{rel}","templated":true}]}}