{"id":26369,"date":"2026-03-09T05:48:35","date_gmt":"2026-03-09T05:48:35","guid":{"rendered":"https:\/\/acronoticias.com\/index.php\/2026\/03\/09\/muere-otro-soldado-eu-8vo-guerra-iran\/"},"modified":"2026-03-09T05:48:35","modified_gmt":"2026-03-09T05:48:35","slug":"muere-otro-soldado-eu-8vo-guerra-iran","status":"publish","type":"post","link":"https:\/\/acronoticias.com\/index.php\/2026\/03\/09\/muere-otro-soldado-eu-8vo-guerra-iran\/","title":{"rendered":"Muere otro soldado EU; 8vo guerra Ir\u00e1n"},"content":{"rendered":"<div>\n<div class=\"c-detail__author full\">\n<div>\n<div class=\"c-detail__author__thumb\">\n<figure>\n                                <picture src=\"https:\/\/imagenes.hoy.com.do\/files\/image_square_xs\/uploads\/2025\/11\/18\/691c7d5bed035.jpeg\" data-size=\"w:40,h:40\">\n                                    <img decoding=\"async\" loading=\"lazy\" alt=\"EFE EFE\" width=\"40\" height=\"40\" src=\"https:\/\/imagenes.hoy.com.do\/files\/image_square_xs\/uploads\/2025\/11\/18\/691c7d5bed035.jpeg\"\/>\n                                <\/picture>\n                                <\/figure>\n<\/div>\n<\/div>\n<\/div>\n<p>                                                                                            <!-- --><\/p>\n<p class=\"paragraph\">Miami, EE.UU. EFE.<\/p>\n<p class=\"paragraph\">Un soldado de Estados Unidos muri\u00f3 en Kuwait por una \u201cemergencia m\u00e9dica\u201d, seg\u00fan inform\u00f3 ayer el Comando Central de EE.UU. (CENTCOM), con lo que suman ocho militares estadounidenses fallecidos desde que comenz\u00f3 la guerra contra Ir\u00e1n hace una semana.<\/p>\n<p class=\"paragraph\">\u201cUn soldado de la Guardia Nacional de EE.UU. muri\u00f3 en un incidente relacionado con salud en Kuwait el 6 de marzo durante una emergencia m\u00e9dica. La causa exacta de muerte est\u00e1 bajo investigaci\u00f3n\u201d, indic\u00f3 el organismo militar, con sede en Florida, en un comunicado de dos p\u00e1rrafos.<\/p>\n<p class=\"paragraph\">Este deceso trasciende apenas horas despu\u00e9s de revelarse que otro militar de Estados Unidos, a\u00fan no identificado, muri\u00f3 tras haber resultado herido en Arabia Saud\u00ed en uno de los primeros ataques de Ir\u00e1n en la guerra.<\/p>\n<p class=\"paragraph\">Estos hechos se suman al ataque de Ir\u00e1n con un dron en Kuwait que dej\u00f3 al comienzo de la guerra seis elementos estadounidenses fallecidos, cuyos cuerpos llegaron el s\u00e1bado a Estados Unidos en una ceremonia solemne que lider\u00f3 el presidente  Donald Trump.   El CENTCOM adelant\u00f3 que el Bur\u00f3 de la Guardia Nacional de EE.UU. ofrecer\u00eda \u201cinformaci\u00f3n adicional\u201d sobre el \u00faltimo muerto m\u00e1s adelante.<\/p>\n<div class=\"c-detail__box \">\n<article class=\"c-detail__sumario \">\n<figure class=\"c-detail__sumario__thumb\" style=\"display: block;\">\n            <a href=\"#\" title=\"\">\n                <picture data-size=\"w:140,h:140\" loading=\"lazy\" src=\"https:\/\/imagenes.hoy.com.do\/files\/related_image\/files\/fp\/uploads\/2026\/03\/08\/69ae450e06172.r_d.621-504.jpeg\" data-full-src=\"https:\/\/imagenes.hoy.com.do\/uploads\/2026\/03\/08\/69ae450e06172.jpeg\">\n                    <img loading=\"lazy\" decoding=\"async\" width=\"140\" height=\"140\" alt=\"Personas observan fuego  tras ataque contra dep\u00f3sito petrolero en Ir\u00e1n el s\u00e1bado.  AP\" src=\"https:\/\/imagenes.hoy.com.do\/uploads\/2026\/03\/08\/69ae450e06172.jpeg\"\/>\n                <\/picture>\n            <\/a><br \/>\n        <\/figure>\n<\/article>\n<\/div>\n<p class=\"paragraph\">Trump prometi\u00f3 el s\u00e1bado \u201cmantener al m\u00ednimo\u201d las muertes estadounidenses, aunque argument\u00f3 que esto es parte de lo que ocurre en la guerra.   \u201cSon grandiosos h\u00e9roes de nuestro pa\u00eds y vamos a mantenerlo de esa manera. Cuando se trata de guerra, siempre hay esas (bajas), vamos a mantenerlo al m\u00ednimo\u201d, indic\u00f3 el presidente i antes del homenaje.<\/p>\n<p class=\"paragraph\">Trump tambi\u00e9n asegur\u00f3 el s\u00e1bado que solo enviar\u00eda tropas estadounidenses sobre el terreno por \u201cuna muy buena raz\u00f3n\u201d, aunque el medio Axios report\u00f3 ayer que EEUU e Israel analizan enviar tropas especiales a Ir\u00e1n para confiscar sus reservas de uranio enriquecido.  La primera semana de ofensiva de EEUU result\u00f3 en m\u00e1s  3.000 objetivos atacados en Ir\u00e1n.<\/p>\n<\/div>\n","protected":false},"excerpt":{"rendered":"<p>Miami, EE.UU. EFE. Un soldado de Estados Unidos muri\u00f3 en Kuwait por una \u201cemergencia m\u00e9dica\u201d, seg\u00fan inform\u00f3 ayer el Comando Central de EE.UU. (CENTCOM), con lo que suman ocho militares estadounidenses fallecidos desde que comenz\u00f3 la guerra contra Ir\u00e1n hace una semana. \u201cUn soldado de la Guardia Nacional de EE.UU. muri\u00f3 en un incidente relacionado<\/p>\n","protected":false},"author":1,"featured_media":26370,"comment_status":"open","ping_status":"open","sticky":false,"template":"","format":"standard","meta":{"footnotes":""},"categories":[3],"tags":[],"class_list":["post-26369","post","type-post","status-publish","format-standard","has-post-thumbnail","hentry","category-internacionales"],"_links":{"self":[{"href":"https:\/\/acronoticias.com\/index.php\/wp-json\/wp\/v2\/posts\/26369","targetHints":{"allow":["GET"]}}],"collection":[{"href":"https:\/\/acronoticias.com\/index.php\/wp-json\/wp\/v2\/posts"}],"about":[{"href":"https:\/\/acronoticias.com\/index.php\/wp-json\/wp\/v2\/types\/post"}],"author":[{"embeddable":true,"href":"https:\/\/acronoticias.com\/index.php\/wp-json\/wp\/v2\/users\/1"}],"replies":[{"embeddable":true,"href":"https:\/\/acronoticias.com\/index.php\/wp-json\/wp\/v2\/comments?post=26369"}],"version-history":[{"count":0,"href":"https:\/\/acronoticias.com\/index.php\/wp-json\/wp\/v2\/posts\/26369\/revisions"}],"wp:featuredmedia":[{"embeddable":true,"href":"https:\/\/acronoticias.com\/index.php\/wp-json\/wp\/v2\/media\/26370"}],"wp:attachment":[{"href":"https:\/\/acronoticias.com\/index.php\/wp-json\/wp\/v2\/media?parent=26369"}],"wp:term":[{"taxonomy":"category","embeddable":true,"href":"https:\/\/acronoticias.com\/index.php\/wp-json\/wp\/v2\/categories?post=26369"},{"taxonomy":"post_tag","embeddable":true,"href":"https:\/\/acronoticias.com\/index.php\/wp-json\/wp\/v2\/tags?post=26369"}],"curies":[{"name":"wp","href":"https:\/\/api.w.org\/{rel}","templated":true}]}}