{"id":26365,"date":"2026-03-09T05:20:36","date_gmt":"2026-03-09T05:20:36","guid":{"rendered":"https:\/\/acronoticias.com\/index.php\/2026\/03\/09\/abinader-destituye-17-viceconsules-en-diferentes-consulados-entre-ellos-dos-de-nueva-york\/"},"modified":"2026-03-09T05:20:36","modified_gmt":"2026-03-09T05:20:36","slug":"abinader-destituye-17-viceconsules-en-diferentes-consulados-entre-ellos-dos-de-nueva-york","status":"publish","type":"post","link":"https:\/\/acronoticias.com\/index.php\/2026\/03\/09\/abinader-destituye-17-viceconsules-en-diferentes-consulados-entre-ellos-dos-de-nueva-york\/","title":{"rendered":"Abinader destituye 17 vicec\u00f3nsules en diferentes consulados, entre ellos dos de Nueva York"},"content":{"rendered":"<div id=\"mvp-content-main\">\n<p><strong>Por Ram\u00f3n Mercedes<\/strong>.-<\/p>\n<p><strong>NUEVA YORK.-<\/strong>El presidente Luis Abinader desvincul\u00f3 el pasado mi\u00e9rcoles, mediante el decreto 149-26, la cantidad de 17 vicec\u00f3nsules que prestaban servicios en diferentes consulados dominicanos diseminados por el mundo.<\/p>\n<p>Entre los cesanteados figuran dos pertenecientes a Nueva York; Francisco Antonio B\u00e1ez Mar\u00ed\u00f1ez auxiliar consular en NY, y Edgar N\u00fa\u00f1ez Ag\u00fcero, miembro de la seccional PRM-NY, y vicec\u00f3nsul en Montreal, Canad\u00e1, donde Lucilo de los Santos, presidente de la seccional del partido en Nueva Jersey, es el actual c\u00f3nsul.<\/p>\n<p>Asimismo, Gerlin Rosario Lara, vicec\u00f3nsul en R\u00edo de Janeiro, Brasil; Bol\u00edvar Medina Guerrero, en Sao Paulo, Brasil; Giovanny Mendoza P\u00e9rez, en La Habana, Cuba; Miguel Rodr\u00edguez Fuello, auxiliar consular en Madrid, Espa\u00f1a; Roger Rinc\u00f3n Pichardo, vicec\u00f3nsul en Miami; y Maya Denis Fern\u00e1ndez, en Saint John,<\/p>\n<p><strong>Yul\u00edn Mateo es el actual c\u00f3nsul en Antigua y Barbuda. <\/strong><\/p>\n<p>Tambi\u00e9n, a Ram\u00f3n Alexis Hern\u00e1ndez Marte, vicec\u00f3nsul en Aruba; Francisco Mateo Ram\u00edrez, en San Pedro Sula, Honduras; M\u00e1ximo Alberto Restituyo, en Atenas; Jos\u00e9 Mar\u00eda Hern\u00e1ndez Carias, en Mil\u00e1n, Italia.<\/p>\n<p>Adem\u00e1s, a Ezequiel Rodr\u00edguez L\u00f3pez, en San Juan, Puerto Rico; Gabriella Ariza Gonz\u00e1lez, en Orlando, Florida; y Luis Mercedes Perreras Terrero, en Philipsburg, San Mart\u00edn.<\/p>\n<\/div>\n","protected":false},"excerpt":{"rendered":"<p>Por Ram\u00f3n Mercedes.- NUEVA YORK.-El presidente Luis Abinader desvincul\u00f3 el pasado mi\u00e9rcoles, mediante el decreto 149-26, la cantidad de 17 vicec\u00f3nsules que prestaban servicios en diferentes consulados dominicanos diseminados por el mundo. Entre los cesanteados figuran dos pertenecientes a Nueva York; Francisco Antonio B\u00e1ez Mar\u00ed\u00f1ez auxiliar consular en NY, y Edgar N\u00fa\u00f1ez Ag\u00fcero, miembro de<\/p>\n","protected":false},"author":1,"featured_media":26366,"comment_status":"open","ping_status":"open","sticky":false,"template":"","format":"standard","meta":{"footnotes":""},"categories":[1],"tags":[],"class_list":["post-26365","post","type-post","status-publish","format-standard","has-post-thumbnail","hentry","category-nacionales"],"_links":{"self":[{"href":"https:\/\/acronoticias.com\/index.php\/wp-json\/wp\/v2\/posts\/26365","targetHints":{"allow":["GET"]}}],"collection":[{"href":"https:\/\/acronoticias.com\/index.php\/wp-json\/wp\/v2\/posts"}],"about":[{"href":"https:\/\/acronoticias.com\/index.php\/wp-json\/wp\/v2\/types\/post"}],"author":[{"embeddable":true,"href":"https:\/\/acronoticias.com\/index.php\/wp-json\/wp\/v2\/users\/1"}],"replies":[{"embeddable":true,"href":"https:\/\/acronoticias.com\/index.php\/wp-json\/wp\/v2\/comments?post=26365"}],"version-history":[{"count":0,"href":"https:\/\/acronoticias.com\/index.php\/wp-json\/wp\/v2\/posts\/26365\/revisions"}],"wp:featuredmedia":[{"embeddable":true,"href":"https:\/\/acronoticias.com\/index.php\/wp-json\/wp\/v2\/media\/26366"}],"wp:attachment":[{"href":"https:\/\/acronoticias.com\/index.php\/wp-json\/wp\/v2\/media?parent=26365"}],"wp:term":[{"taxonomy":"category","embeddable":true,"href":"https:\/\/acronoticias.com\/index.php\/wp-json\/wp\/v2\/categories?post=26365"},{"taxonomy":"post_tag","embeddable":true,"href":"https:\/\/acronoticias.com\/index.php\/wp-json\/wp\/v2\/tags?post=26365"}],"curies":[{"name":"wp","href":"https:\/\/api.w.org\/{rel}","templated":true}]}}