{"id":26345,"date":"2026-03-09T03:42:36","date_gmt":"2026-03-09T03:42:36","guid":{"rendered":"https:\/\/acronoticias.com\/index.php\/2026\/03\/09\/abinader-inaugura-escuela-san-rafael-en-los-guandules\/"},"modified":"2026-03-09T03:42:36","modified_gmt":"2026-03-09T03:42:36","slug":"abinader-inaugura-escuela-san-rafael-en-los-guandules","status":"publish","type":"post","link":"https:\/\/acronoticias.com\/index.php\/2026\/03\/09\/abinader-inaugura-escuela-san-rafael-en-los-guandules\/","title":{"rendered":"Abinader inaugura escuela San Rafael en Los Guandules"},"content":{"rendered":"<div id=\"nota-texto\">\n<p><strong>Santo Domingo<\/strong>. \u2013 Con gran entusiasmo y orgullo, decenas de estudiantes del sector <strong>Los Guandules<\/strong> recibieron al presidente <strong>Luis Abinader<\/strong>, quien, junto al ministro de Educaci\u00f3n <strong>Luis Miguel De Camps<\/strong>, encabez\u00f3 la inauguraci\u00f3n de la <strong>Escuela B\u00e1sica San Rafael (Fe y Alegr\u00eda)<\/strong> ubicada en <strong>Domingo Savio<\/strong>.<\/p>\n<p>La moderna infraestructura educativa beneficiar\u00e1 directamente a 810 estudiantes del nivel b\u00e1sico y responde a la visi\u00f3n nacional de transformar la educaci\u00f3n, dignific\u00e1ndola y llev\u00e1ndola a todas las comunidades del pa\u00eds, haci\u00e9ndola accesible para todos los <strong>ni\u00f1os y j\u00f3venes en edad escolar.\u00a0<\/strong><\/p>\n<p>Cada escuela que se levanta es una puerta que se abre hacia el conocimiento, a la dignidad y al futuro que comienza a construirse en el presente\u201d, destac\u00f3 <strong>De Camps<\/strong>, asegurando que el nuevo plantel es un espacio pensado para el aprendizaje, la inclusi\u00f3n y el desarrollo integral de los estudiantes, cumpliendo con las directrices del presidente <strong>Abinader<\/strong>.<\/p>\n<p>El objetivo, continu\u00f3 el <strong>funcionario<\/strong>, es \u201cpreparar a nuestros <strong>estudiantes<\/strong> para los desaf\u00edos de un mundo que cambia cada d\u00eda\u201d.<\/p>\n<h2 class=\"wp-block-heading\">Compromiso con la Educaci\u00f3n<\/h2>\n<p>En este sentido, motiv\u00f3 a los maestros y maestras a convertir las aulas en lugares donde se despierte la curiosidad, donde se cultive el pensamiento cr\u00edtico y donde cada estudiante<strong> descubra de lo que es capaz.<\/strong><\/p>\n<blockquote class=\"wp-block-quote is-layout-flow wp-block-quote-is-layout-flow\">\n<p>Reconfirmando estas palabras, la estudiante <strong>Yaslin Peralta Ger\u00f3nimo<\/strong> expres\u00f3 con seguridad y alegr\u00eda que \u201cdesde estas salas saldr\u00e1n doctores, maestros, ingenieros, artistas y hasta quiz\u00e1s un futuro presidente de la Rep\u00fablica. Se\u00f1or presidente y autoridades, les prometemos que como comunidad cuidaremos esta escuela tan so\u00f1ada y esperada y aprovecharemos cada ense\u00f1anza nuestra para demostrar que invertir en educaci\u00f3n siempre vale la pena\u201d.<\/p>\n<\/blockquote>\n<h3 class=\"wp-block-heading\">Agradecimientos de la Comunidad<\/h3>\n<p>De pie y frente al presidente <strong>Luis Abinader<\/strong>, <strong>Yaslin<\/strong> le agradeci\u00f3 al jefe de Estado en nombre de todos los estudiantes de este centro, por apoyar la educaci\u00f3n de los ni\u00f1os y ni\u00f1as de la <strong>Rep\u00fablica Dominicana<\/strong>, asegurando que su presencia los hace sentir importantes y les demuestra que sus sue\u00f1os s\u00ed cuentan.<\/p>\n<ul class=\"wp-block-list\">\n<li>El plantel cuenta con 27 aulas, dos de ellas destinadas a educaci\u00f3n especial. Tambi\u00e9n dispone de laboratorios, cancha deportiva, \u00e1reas verdes, juegos infantiles y plaza c\u00edvica.<\/li>\n<\/ul>\n<p>Asimismo, el p\u00e1rroco <strong>Francisco Coste<\/strong> agradeci\u00f3 a las autoridades por atender las necesidades de las comunidades y hacer realidad este tipo de proyectos.<\/p>\n<\/div>\n","protected":false},"excerpt":{"rendered":"<p>Santo Domingo. \u2013 Con gran entusiasmo y orgullo, decenas de estudiantes del sector Los Guandules recibieron al presidente Luis Abinader, quien, junto al ministro de Educaci\u00f3n Luis Miguel De Camps, encabez\u00f3 la inauguraci\u00f3n de la Escuela B\u00e1sica San Rafael (Fe y Alegr\u00eda) ubicada en Domingo Savio. La moderna infraestructura educativa beneficiar\u00e1 directamente a 810 estudiantes<\/p>\n","protected":false},"author":1,"featured_media":26346,"comment_status":"open","ping_status":"open","sticky":false,"template":"","format":"standard","meta":{"footnotes":""},"categories":[1],"tags":[],"class_list":["post-26345","post","type-post","status-publish","format-standard","has-post-thumbnail","hentry","category-nacionales"],"_links":{"self":[{"href":"https:\/\/acronoticias.com\/index.php\/wp-json\/wp\/v2\/posts\/26345","targetHints":{"allow":["GET"]}}],"collection":[{"href":"https:\/\/acronoticias.com\/index.php\/wp-json\/wp\/v2\/posts"}],"about":[{"href":"https:\/\/acronoticias.com\/index.php\/wp-json\/wp\/v2\/types\/post"}],"author":[{"embeddable":true,"href":"https:\/\/acronoticias.com\/index.php\/wp-json\/wp\/v2\/users\/1"}],"replies":[{"embeddable":true,"href":"https:\/\/acronoticias.com\/index.php\/wp-json\/wp\/v2\/comments?post=26345"}],"version-history":[{"count":0,"href":"https:\/\/acronoticias.com\/index.php\/wp-json\/wp\/v2\/posts\/26345\/revisions"}],"wp:featuredmedia":[{"embeddable":true,"href":"https:\/\/acronoticias.com\/index.php\/wp-json\/wp\/v2\/media\/26346"}],"wp:attachment":[{"href":"https:\/\/acronoticias.com\/index.php\/wp-json\/wp\/v2\/media?parent=26345"}],"wp:term":[{"taxonomy":"category","embeddable":true,"href":"https:\/\/acronoticias.com\/index.php\/wp-json\/wp\/v2\/categories?post=26345"},{"taxonomy":"post_tag","embeddable":true,"href":"https:\/\/acronoticias.com\/index.php\/wp-json\/wp\/v2\/tags?post=26345"}],"curies":[{"name":"wp","href":"https:\/\/api.w.org\/{rel}","templated":true}]}}