{"id":26343,"date":"2026-03-09T03:26:36","date_gmt":"2026-03-09T03:26:36","guid":{"rendered":"https:\/\/acronoticias.com\/index.php\/2026\/03\/09\/padre-rogelio-cruz-pide-duelo-nacional-el-8-de-abril-por\/"},"modified":"2026-03-09T03:26:36","modified_gmt":"2026-03-09T03:26:36","slug":"padre-rogelio-cruz-pide-duelo-nacional-el-8-de-abril-por","status":"publish","type":"post","link":"https:\/\/acronoticias.com\/index.php\/2026\/03\/09\/padre-rogelio-cruz-pide-duelo-nacional-el-8-de-abril-por\/","title":{"rendered":"Padre Rogelio Cruz pide duelo nacional el 8 de abril por"},"content":{"rendered":"<div id=\"nota-texto\">\n<p><strong>SANTO DOMINGO<\/strong>.- El sacerdote <strong>Rogelio Cruz<\/strong> plante\u00f3 que el pa\u00eds declare el 8 de abril como d\u00eda de duelo nacional, al cumplirse un a\u00f1o de la tragedia ocurrida en el centro nocturno <strong>Jet Set<\/strong>.<\/p>\n<p>Se\u00f1al\u00f3 que esta medida corresponder\u00eda tanto por lo establecido en la ley como por el respeto que merecen las v\u00edctimas, a quienes describi\u00f3 como seres humanos cuya p\u00e9rdida impact\u00f3 a toda la sociedad <strong>dominicana<\/strong>.<\/p>\n<p>El religioso sostuvo que el suceso no solo<strong> afect\u00f3 a las familias de las v\u00edctimas directas<\/strong>, sino que dej\u00f3 una profunda huella de dolor en todo el pa\u00eds.<\/p>\n<p>Record\u00f3 que tragedias de gran magnitud tambi\u00e9n han provocado expresiones de memoria y solidaridad en otras comunidades, como ocurri\u00f3 en <strong>San Crist\u00f3bal<\/strong>, donde ciudadanos realizaron acciones para mantener vivo el recuerdo de los afectados.<\/p>\n<p>Durante su intervenci\u00f3n, <strong>Cruz<\/strong> tambi\u00e9n critic\u00f3 lo que considera obst\u00e1culos en el proceso judicial relacionado con el caso.<\/p>\n<p>Se\u00f1al\u00f3 que en ocasiones el <strong>Palacio de Justicia<\/strong> ha sido cerrado durante audiencias, lo que, seg\u00fan afirm\u00f3, transmite la sensaci\u00f3n de que se intenta limitar el acceso y la transparencia en el proceso.<\/p>\n<p>El sacerdote insisti\u00f3 en que, ante hechos de esta magnitud, la<strong> ciudadan\u00eda debe mantenerse vigilante<\/strong> y organizada para exigir justicia.<\/p>\n<p>Asimismo, afirm\u00f3 que este llamado busca movilizar a ciudadanos y ciudadanas que est\u00e9n dispuestos a reclamar justicia no solo por lo ocurrido en el <strong>Jet Set<\/strong>, sino tambi\u00e9n por otros problemas que afectan al pa\u00eds.<\/p>\n<p>En ese contexto, cit\u00f3 la frase del escritor <strong>Eduardo Galeano<\/strong> al se\u00f1alar que, en muchas ocasiones, la justicia en la <strong>Rep\u00fablica Dominicana<\/strong> parece actuar con mayor dureza contra los m\u00e1s vulnerables.<\/p>\n<blockquote class=\"wp-block-quote is-layout-flow wp-block-quote-is-layout-flow\">\n<blockquote class=\"wp-block-quote is-layout-flow wp-block-quote-is-layout-flow\">\n<ul class=\"wp-block-list\">\n<li>Cruz tambi\u00e9n reflexion\u00f3 sobre la importancia de la igualdad en la sociedad <strong>dominicana<\/strong>, destacando el papel fundamental de la mujer tanto en la vida familiar como en la comunidad.<\/li>\n<\/ul>\n<\/blockquote>\n<\/blockquote>\n<p>Indic\u00f3 que las <strong>mujeres<\/strong> han sido hist\u00f3ricamente pilares en la transmisi\u00f3n de valores y en el sostenimiento de la vida religiosa y social, por lo que consider\u00f3 que su rol debe ser reconocido y fortalecido en todos los espacios.<\/p>\n<h3 class=\"wp-block-heading\">Detalles del Incidente<\/h3>\n<p>El desplome del techo del centro nocturno ocurri\u00f3 la noche del 8 de abril de 2025, mientras se presentaba el merenguero <strong>Rubby P\u00e9rez<\/strong>, quien tambi\u00e9n falleci\u00f3 en el hecho. El derrumbe dej\u00f3 un saldo de 236 personas muertas y m\u00e1s de 180 heridas.<\/p>\n<h3 class=\"wp-block-heading\">Medidas Legales<\/h3>\n<p>Tras la tragedia, a los hermanos <strong>Antonio<\/strong> y <strong>Maribel Espaillat<\/strong> se les impuso como medida de coerci\u00f3n garant\u00eda econ\u00f3mica, impedimento de salida del pa\u00eds y presentaci\u00f3n peri\u00f3dica.<\/p>\n<p>De acuerdo con el <strong>Ministerio P\u00fablico<\/strong>, el <strong>Jet Set<\/strong> oper\u00f3 durante a\u00f1os con una sistem\u00e1tica y grave negligencia en el mantenimiento y adecuaci\u00f3n estructural de sus instalaciones, lo que habr\u00eda puesto en riesgo la vida de clientes y empleados.<\/p>\n<p>Los fiscales sostienen que los imputados realizaron remodelaciones, ampliaciones y cambios estructurales sin permisos ni evaluaciones t\u00e9cnicas del <strong>Ministerio de Obras P\u00fablicas<\/strong> y la <strong>Alcald\u00eda del Distrito Nacional<\/strong>. Entre las modificaciones se\u00f1aladas figuran la instalaci\u00f3n de escenario, sistemas de iluminaci\u00f3n, bares, zonas VIP y la eliminaci\u00f3n de una columna clave que habr\u00eda afectado la estabilidad del techo.<\/p>\n<p>Tambi\u00e9n se atribuye a los responsables haber sobrecargado <strong>la estructura con casetas t\u00e9cnicas, <\/strong>ductos, unidades de climatizaci\u00f3n de gran volumen y tinacos de agua, sin estudios que garantizaran la capacidad del edificio para soportar ese peso.<\/p>\n<\/div>\n","protected":false},"excerpt":{"rendered":"<p>SANTO DOMINGO.- El sacerdote Rogelio Cruz plante\u00f3 que el pa\u00eds declare el 8 de abril como d\u00eda de duelo nacional, al cumplirse un a\u00f1o de la tragedia ocurrida en el centro nocturno Jet Set. Se\u00f1al\u00f3 que esta medida corresponder\u00eda tanto por lo establecido en la ley como por el respeto que merecen las v\u00edctimas, a<\/p>\n","protected":false},"author":1,"featured_media":26344,"comment_status":"open","ping_status":"open","sticky":false,"template":"","format":"standard","meta":{"footnotes":""},"categories":[1],"tags":[],"class_list":["post-26343","post","type-post","status-publish","format-standard","has-post-thumbnail","hentry","category-nacionales"],"_links":{"self":[{"href":"https:\/\/acronoticias.com\/index.php\/wp-json\/wp\/v2\/posts\/26343","targetHints":{"allow":["GET"]}}],"collection":[{"href":"https:\/\/acronoticias.com\/index.php\/wp-json\/wp\/v2\/posts"}],"about":[{"href":"https:\/\/acronoticias.com\/index.php\/wp-json\/wp\/v2\/types\/post"}],"author":[{"embeddable":true,"href":"https:\/\/acronoticias.com\/index.php\/wp-json\/wp\/v2\/users\/1"}],"replies":[{"embeddable":true,"href":"https:\/\/acronoticias.com\/index.php\/wp-json\/wp\/v2\/comments?post=26343"}],"version-history":[{"count":0,"href":"https:\/\/acronoticias.com\/index.php\/wp-json\/wp\/v2\/posts\/26343\/revisions"}],"wp:featuredmedia":[{"embeddable":true,"href":"https:\/\/acronoticias.com\/index.php\/wp-json\/wp\/v2\/media\/26344"}],"wp:attachment":[{"href":"https:\/\/acronoticias.com\/index.php\/wp-json\/wp\/v2\/media?parent=26343"}],"wp:term":[{"taxonomy":"category","embeddable":true,"href":"https:\/\/acronoticias.com\/index.php\/wp-json\/wp\/v2\/categories?post=26343"},{"taxonomy":"post_tag","embeddable":true,"href":"https:\/\/acronoticias.com\/index.php\/wp-json\/wp\/v2\/tags?post=26343"}],"curies":[{"name":"wp","href":"https:\/\/api.w.org\/{rel}","templated":true}]}}