{"id":26275,"date":"2026-03-08T21:07:38","date_gmt":"2026-03-08T21:07:38","guid":{"rendered":"https:\/\/acronoticias.com\/index.php\/2026\/03\/08\/mivhed-inicia-proyecto-de-dignificacion-de-el-punal-y-comunidades-de-santiago-el-nuevo-diario-republica-dominicana\/"},"modified":"2026-03-08T21:07:38","modified_gmt":"2026-03-08T21:07:38","slug":"mivhed-inicia-proyecto-de-dignificacion-de-el-punal-y-comunidades-de-santiago-el-nuevo-diario-republica-dominicana","status":"publish","type":"post","link":"https:\/\/acronoticias.com\/index.php\/2026\/03\/08\/mivhed-inicia-proyecto-de-dignificacion-de-el-punal-y-comunidades-de-santiago-el-nuevo-diario-republica-dominicana\/","title":{"rendered":"Mivhed inicia proyecto de dignificaci\u00f3n de el Pu\u00f1al y comunidades de Santiago \u2013 El Nuevo Diario (Rep\u00fablica Dominicana)"},"content":{"rendered":"<p><i class=\"bi bi-camera-fill\" style=\"font-size:18px; color:var(--rojo)\"\/> Inician trabajos en varias comunidades. (Foto: MIVHED)<\/p>\n<div>\n<div id=\"gemini-summary-wrapper\" class=\"mb-3\">\n                <button id=\"btn-get-summary\" class=\"gemini-btn\" data-post-id=\"3041499\" data-post-title=\"Mivhed inicia proyecto de dignificaci\u00f3n de el Pu\u00f1al y comunidades de Santiago\"><br \/>\n                    Leer resumen <b class=\"d-none d-md-inline\">de la noticia<\/b> (IA) <span>CLICK AQU\u00cd<\/span><br \/>\n                <\/button><\/p>\n<div id=\"gemini-loading\" class=\"mb-3\">\n<p>                    <span>Analizando noticia&#8230; por favor espera.<\/span>\n                <\/div>\n<\/p><\/div>\n<p>EL NUEVO DIARIO, SANTIAGO DE LOS CABALLEROS.- El Ministerio de Vivienda, H\u00e1bitat y Edificaciones (MIVHED), liderado por V\u00edctor -Ito- Bison\u00f3, ha iniciado un proyecto de dignificaci\u00f3n de entornos en comunidades vulnerables de la provincia de Santiago, con una inversi\u00f3n estimada de RD$307 millones. Los trabajos comenzaron en el municipio de Pu\u00f1al y se extender\u00e1n a Hato del Yaque y Barranquita, con el objetivo de transformar las condiciones de vida mediante mejoras en infraestructura urbana y rehabilitaci\u00f3n de viviendas.<\/p>\n<p>Durante el recorrido por la zona, el ministro Bison\u00f3 destac\u00f3 que esta iniciativa prioriza la creaci\u00f3n de comunidades dignas y seguras, con infraestructura adecuada. \u00abSi algo tenemos claro es que las familias dominicanas merecen vivir en comunidades dignas, seguras y con infraestructura adecuada\u00bb, expres\u00f3 el ministro.<\/p>\n<p>De acuerdo con una nota de prensa, el proyecto incluye asfaltado de calles, construcci\u00f3n de aceras y contenes, as\u00ed como el mejoramiento de viviendas previamente identificadas, elevando as\u00ed la calidad del entorno familiar.<\/p>\n<figure id=\"attachment_3041510\" aria-describedby=\"caption-attachment-3041510\" style=\"width: 853px\" class=\"wp-caption alignnone\"><img loading=\"lazy\" data-recalc-dims=\"1\" data-dominant-color=\"b4a08e\" data-has-transparency=\"false\" style=\"--dominant-color: #b4a08e;\" decoding=\"async\" class=\"wp-image-3041510 size-full not-transparent\" src=\"https:\/\/i0.wp.com\/nuevodiario-assets.s3.us-east-2.amazonaws.com\/wp-content\/uploads\/2026\/03\/WhatsApp-Image-2026-03-08-at-16.23.55.jpeg?resize=640%2C960&amp;quality=100&amp;ssl=1\" alt=\"\" width=\"640\" height=\"960\" srcset=\"https:\/\/nuevodiario-assets.s3.us-east-2.amazonaws.com\/wp-content\/uploads\/2026\/03\/WhatsApp-Image-2026-03-08-at-16.23.55.jpeg 853w, https:\/\/nuevodiario-assets.s3.us-east-2.amazonaws.com\/wp-content\/uploads\/2026\/03\/WhatsApp-Image-2026-03-08-at-16.23.55.jpeg 267w, https:\/\/nuevodiario-assets.s3.us-east-2.amazonaws.com\/wp-content\/uploads\/2026\/03\/WhatsApp-Image-2026-03-08-at-16.23.55.jpeg 533w, https:\/\/nuevodiario-assets.s3.us-east-2.amazonaws.com\/wp-content\/uploads\/2026\/03\/WhatsApp-Image-2026-03-08-at-16.23.55.jpeg 768w, https:\/\/nuevodiario-assets.s3.us-east-2.amazonaws.com\/wp-content\/uploads\/2026\/03\/WhatsApp-Image-2026-03-08-at-16.23.55.jpeg 600w\" sizes=\"auto, (max-width: 640px) 100vw, 640px\"\/><figcaption id=\"caption-attachment-3041510\" class=\"wp-caption-text\">Inician trabajos.(Foto: MIVHED)<\/figcaption><\/figure>\n<p>Bison\u00f3 resalt\u00f3 que estas intervenciones de h\u00e1bitat en comunidades vulnerables son una prioridad de su gesti\u00f3n y ya se han implementado en otras zonas del pa\u00eds, como El Naranjo y el municipio de Guerra. Esta iniciativa forma parte de una visi\u00f3n nacional para mejorar los entornos urbanos y garantizar condiciones de vida m\u00e1s adecuadas para las familias dominicanas.<\/p>\n<p>En el acto de inicio de los trabajos participaron la gobernadora de Santiago, Rosa Santos; el alcalde de Santiago de los Caballeros, Ulises Rodr\u00edguez; el alcalde de Pu\u00f1al, Enrique Romero; el director de la Corporaci\u00f3n del Acueducto y Alcantarillado de Santiago, Andr\u00e9s Cueto; junto con representantes comunitarios y l\u00edderes sociales, quienes expresaron su apoyo a la intervenci\u00f3n.<\/p>\n<p>El ministro Bison\u00f3 enfatiz\u00f3 el compromiso del MIVHED de transformar comunidades completas, integrando mejoras en calles, infraestructura urbana y viviendas. \u00abPara nosotros no se trata solo de intervenir casas, sino de dignificar los entornos donde viven las familias. Ese es el compromiso que tenemos desde el MIVHED: trabajar para que cada dominicano pueda vivir en un ambiente digno\u00bb, afirm\u00f3.<\/p>\n<p>Tras el inicio en Pu\u00f1al, las intervenciones continuar\u00e1n progresivamente en Hato del Yaque y Barranquita, y posteriormente en otras comunidades de la provincia de Santiago, mientras proyectos similares se ejecutan en diferentes regiones del pa\u00eds.<\/p>\n<p><h3 class=\"jp-relatedposts-headline\"><em>Relacionado<\/em><\/h3>\n<\/p>\n<p>\t\t\t\t\t\t<!-- .entry-footer --><br \/>\n\t\t\t\t\t\t<!-- \n\n<div data-type=\"_mgwidget\" data-widget-id=\"1743501\"><\/div>\n\n  -->\n\t\t\t\t\t<\/div>\n","protected":false},"excerpt":{"rendered":"<p>Inician trabajos en varias comunidades. (Foto: MIVHED) Leer resumen de la noticia (IA) CLICK AQU\u00cd Analizando noticia&#8230; por favor espera. EL NUEVO DIARIO, SANTIAGO DE LOS CABALLEROS.- El Ministerio de Vivienda, H\u00e1bitat y Edificaciones (MIVHED), liderado por V\u00edctor -Ito- Bison\u00f3, ha iniciado un proyecto de dignificaci\u00f3n de entornos en comunidades vulnerables de la provincia de<\/p>\n","protected":false},"author":1,"featured_media":26276,"comment_status":"open","ping_status":"open","sticky":false,"template":"","format":"standard","meta":{"footnotes":""},"categories":[1],"tags":[],"class_list":["post-26275","post","type-post","status-publish","format-standard","has-post-thumbnail","hentry","category-nacionales"],"_links":{"self":[{"href":"https:\/\/acronoticias.com\/index.php\/wp-json\/wp\/v2\/posts\/26275","targetHints":{"allow":["GET"]}}],"collection":[{"href":"https:\/\/acronoticias.com\/index.php\/wp-json\/wp\/v2\/posts"}],"about":[{"href":"https:\/\/acronoticias.com\/index.php\/wp-json\/wp\/v2\/types\/post"}],"author":[{"embeddable":true,"href":"https:\/\/acronoticias.com\/index.php\/wp-json\/wp\/v2\/users\/1"}],"replies":[{"embeddable":true,"href":"https:\/\/acronoticias.com\/index.php\/wp-json\/wp\/v2\/comments?post=26275"}],"version-history":[{"count":0,"href":"https:\/\/acronoticias.com\/index.php\/wp-json\/wp\/v2\/posts\/26275\/revisions"}],"wp:featuredmedia":[{"embeddable":true,"href":"https:\/\/acronoticias.com\/index.php\/wp-json\/wp\/v2\/media\/26276"}],"wp:attachment":[{"href":"https:\/\/acronoticias.com\/index.php\/wp-json\/wp\/v2\/media?parent=26275"}],"wp:term":[{"taxonomy":"category","embeddable":true,"href":"https:\/\/acronoticias.com\/index.php\/wp-json\/wp\/v2\/categories?post=26275"},{"taxonomy":"post_tag","embeddable":true,"href":"https:\/\/acronoticias.com\/index.php\/wp-json\/wp\/v2\/tags?post=26275"}],"curies":[{"name":"wp","href":"https:\/\/api.w.org\/{rel}","templated":true}]}}