{"id":26273,"date":"2026-03-08T20:50:35","date_gmt":"2026-03-08T20:50:35","guid":{"rendered":"https:\/\/acronoticias.com\/index.php\/2026\/03\/08\/justicia-social-llama-a-fortalecer-igualdad-de-derechos-para-las-mujeres-en-el-8-de-marzo-el-nuevo-diario-republica-dominicana\/"},"modified":"2026-03-08T20:50:35","modified_gmt":"2026-03-08T20:50:35","slug":"justicia-social-llama-a-fortalecer-igualdad-de-derechos-para-las-mujeres-en-el-8-de-marzo-el-nuevo-diario-republica-dominicana","status":"publish","type":"post","link":"https:\/\/acronoticias.com\/index.php\/2026\/03\/08\/justicia-social-llama-a-fortalecer-igualdad-de-derechos-para-las-mujeres-en-el-8-de-marzo-el-nuevo-diario-republica-dominicana\/","title":{"rendered":"Justicia Social llama a fortalecer igualdad de derechos para las mujeres en el 8 de marzo \u2013 El Nuevo Diario (Rep\u00fablica Dominicana)"},"content":{"rendered":"<p><i class=\"bi bi-camera-fill\" style=\"font-size:18px; color:var(--rojo)\"\/> Partido Justicia Social se pronuncia por el D\u00eda Internacional de la Mujer. (Foto: Partido JC).<\/p>\n<div>\n<div id=\"gemini-summary-wrapper\" class=\"mb-3\">\n                <button id=\"btn-get-summary\" class=\"gemini-btn\" data-post-id=\"3041372\" data-post-title=\"Justicia Social llama a fortalecer igualdad de derechos para las mujeres en el 8 de marzo\"><br \/>\n                    Leer resumen <b class=\"d-none d-md-inline\">de la noticia<\/b> (IA) <span>CLICK AQU\u00cd<\/span><br \/>\n                <\/button><\/p>\n<div id=\"gemini-loading\" class=\"mb-3\">\n<p>                    <span>Analizando noticia&#8230; por favor espera.<\/span>\n                <\/div>\n<\/p><\/div>\n<p><strong>EL NUEVO DIARIO, SANTO DOMINGO.- <\/strong>Con motivo del D\u00eda Internacional de la Mujer, el partido Justicia Social (JS) afirm\u00f3 que la construcci\u00f3n de una sociedad justa requiere enfrentar las estructuras hist\u00f3ricas de desigualdad que han limitado la participaci\u00f3n y el reconocimiento de las mujeres en distintos \u00e1mbitos de la vida social.<\/p>\n<p>En un comunicado de prensa, la organizaci\u00f3n rindi\u00f3 homenaje a las mujeres del mundo y de la Rep\u00fablica Dominicana, al reconocer su lucha hist\u00f3rica por la dignidad, la igualdad y la justicia.<\/p>\n<p>La entidad se\u00f1al\u00f3 que durante siglos el talento y la capacidad de millones de mujeres han sido invisibilizados o relegados en espacios como la pol\u00edtica, la ciencia, la econom\u00eda y la cultura, como resultado de estructuras sociales que han restringido su acceso a la educaci\u00f3n, al trabajo y a las instituciones de poder.<\/p>\n<figure id=\"attachment_3041389\" aria-describedby=\"caption-attachment-3041389\" style=\"width: 1284px\" class=\"wp-caption alignnone\"><img loading=\"lazy\" data-recalc-dims=\"1\" data-dominant-color=\"b69192\" data-has-transparency=\"false\" style=\"--dominant-color: #b69192;\" decoding=\"async\" class=\"wp-image-3041389 size-full not-transparent\" src=\"https:\/\/i0.wp.com\/nuevodiario-assets.s3.us-east-2.amazonaws.com\/wp-content\/uploads\/2026\/03\/Partido-Justicia-Social-se-pronuncia-por-el-Dia-Internacional-de-la-Mujer-2.jpeg?resize=640%2C420&amp;quality=100&amp;ssl=1\" alt=\"\" width=\"640\" height=\"420\" srcset=\"https:\/\/nuevodiario-assets.s3.us-east-2.amazonaws.com\/wp-content\/uploads\/2026\/03\/Partido-Justicia-Social-se-pronuncia-por-el-Dia-Internacional-de-la-Mujer-2.jpeg 1284w, https:\/\/nuevodiario-assets.s3.us-east-2.amazonaws.com\/wp-content\/uploads\/2026\/03\/Partido-Justicia-Social-se-pronuncia-por-el-Dia-Internacional-de-la-Mujer-2.jpeg 400w, https:\/\/nuevodiario-assets.s3.us-east-2.amazonaws.com\/wp-content\/uploads\/2026\/03\/Partido-Justicia-Social-se-pronuncia-por-el-Dia-Internacional-de-la-Mujer-2.jpeg 800w, https:\/\/nuevodiario-assets.s3.us-east-2.amazonaws.com\/wp-content\/uploads\/2026\/03\/Partido-Justicia-Social-se-pronuncia-por-el-Dia-Internacional-de-la-Mujer-2.jpeg 768w, https:\/\/nuevodiario-assets.s3.us-east-2.amazonaws.com\/wp-content\/uploads\/2026\/03\/Partido-Justicia-Social-se-pronuncia-por-el-Dia-Internacional-de-la-Mujer-2.jpeg 600w\" sizes=\"auto, (max-width: 640px) 100vw, 640px\"\/><figcaption id=\"caption-attachment-3041389\" class=\"wp-caption-text\"><strong>Partido Justicia Social se pronuncia por el D\u00eda Internacional de la Mujer. (Foto: Partido JC).<\/strong><\/figcaption><\/figure>\n<p>En ese sentido, sostuvo que los avances alcanzados en materia de derechos han sido fruto de luchas sociales impulsadas por generaciones de mujeres que reclamaron el derecho a la educaci\u00f3n, al trabajo digno, al sufragio, a la igualdad jur\u00eddica y a la participaci\u00f3n plena en la vida p\u00fablica.<\/p>\n<p>Asimismo, el partido hizo referencia a la obra Sabias: La cara oculta de la ciencia, de la cient\u00edfica espa\u00f1ola Adela Mu\u00f1oz P\u00e1ez, en la que se documenta c\u00f3mo numerosas mujeres realizaron aportes decisivos al conocimiento humano que no siempre fueron reconocidos debido a prejuicios sociales y limitaciones de acceso a los espacios acad\u00e9micos.<\/p>\n<figure id=\"attachment_3041391\" aria-describedby=\"caption-attachment-3041391\" style=\"width: 1284px\" class=\"wp-caption alignnone\"><img data-recalc-dims=\"1\" data-dominant-color=\"b18487\" data-has-transparency=\"false\" style=\"--dominant-color: #b18487;\" loading=\"lazy\" decoding=\"async\" class=\"wp-image-3041391 size-full not-transparent\" src=\"https:\/\/i0.wp.com\/nuevodiario-assets.s3.us-east-2.amazonaws.com\/wp-content\/uploads\/2026\/03\/Partido-Justicia-Social-se-pronuncia-por-el-Dia-Internacional-de-la-Mujer-4.jpeg?resize=640%2C421&amp;quality=100&amp;ssl=1\" alt=\"\" width=\"640\" height=\"421\" srcset=\"https:\/\/nuevodiario-assets.s3.us-east-2.amazonaws.com\/wp-content\/uploads\/2026\/03\/Partido-Justicia-Social-se-pronuncia-por-el-Dia-Internacional-de-la-Mujer-4.jpeg 1284w, https:\/\/nuevodiario-assets.s3.us-east-2.amazonaws.com\/wp-content\/uploads\/2026\/03\/Partido-Justicia-Social-se-pronuncia-por-el-Dia-Internacional-de-la-Mujer-4.jpeg 400w, https:\/\/nuevodiario-assets.s3.us-east-2.amazonaws.com\/wp-content\/uploads\/2026\/03\/Partido-Justicia-Social-se-pronuncia-por-el-Dia-Internacional-de-la-Mujer-4.jpeg 800w, https:\/\/nuevodiario-assets.s3.us-east-2.amazonaws.com\/wp-content\/uploads\/2026\/03\/Partido-Justicia-Social-se-pronuncia-por-el-Dia-Internacional-de-la-Mujer-4.jpeg 768w, https:\/\/nuevodiario-assets.s3.us-east-2.amazonaws.com\/wp-content\/uploads\/2026\/03\/Partido-Justicia-Social-se-pronuncia-por-el-Dia-Internacional-de-la-Mujer-4.jpeg 600w\" sizes=\"auto, (max-width: 640px) 100vw, 640px\"\/><figcaption id=\"caption-attachment-3041391\" class=\"wp-caption-text\"><strong>Partido Justicia Social se pronuncia por el D\u00eda Internacional de la Mujer. (Foto: Partido JC).<\/strong><\/figcaption><\/figure>\n<p>La organizaci\u00f3n indic\u00f3 que, pese a los avances alcanzados, persisten desigualdades que afectan a las mujeres, entre ellas brechas salariales, violencia de g\u00e9nero, discriminaci\u00f3n laboral, dificultades para acceder a oportunidades educativas y limitaciones en su participaci\u00f3n en los espacios de toma de decisiones.<\/p>\n<p>En ese contexto, la entidad plante\u00f3 la necesidad de promover pol\u00edticas p\u00fablicas orientadas a garantizar igualdad de oportunidades en educaci\u00f3n, empleo, innovaci\u00f3n cient\u00edfica y participaci\u00f3n econ\u00f3mica.<\/p>\n<figure id=\"attachment_3041390\" aria-describedby=\"caption-attachment-3041390\" style=\"width: 1284px\" class=\"wp-caption alignnone\"><img data-recalc-dims=\"1\" data-dominant-color=\"a38b89\" data-has-transparency=\"false\" style=\"--dominant-color: #a38b89;\" loading=\"lazy\" decoding=\"async\" class=\"wp-image-3041390 size-full not-transparent\" src=\"https:\/\/i0.wp.com\/nuevodiario-assets.s3.us-east-2.amazonaws.com\/wp-content\/uploads\/2026\/03\/Partido-Justicia-Social-se-pronuncia-por-el-Dia-Internacional-de-la-Mujer-3.jpeg?resize=640%2C422&amp;quality=100&amp;ssl=1\" alt=\"\" width=\"640\" height=\"422\" srcset=\"https:\/\/nuevodiario-assets.s3.us-east-2.amazonaws.com\/wp-content\/uploads\/2026\/03\/Partido-Justicia-Social-se-pronuncia-por-el-Dia-Internacional-de-la-Mujer-3.jpeg 1284w, https:\/\/nuevodiario-assets.s3.us-east-2.amazonaws.com\/wp-content\/uploads\/2026\/03\/Partido-Justicia-Social-se-pronuncia-por-el-Dia-Internacional-de-la-Mujer-3.jpeg 400w, https:\/\/nuevodiario-assets.s3.us-east-2.amazonaws.com\/wp-content\/uploads\/2026\/03\/Partido-Justicia-Social-se-pronuncia-por-el-Dia-Internacional-de-la-Mujer-3.jpeg 800w, https:\/\/nuevodiario-assets.s3.us-east-2.amazonaws.com\/wp-content\/uploads\/2026\/03\/Partido-Justicia-Social-se-pronuncia-por-el-Dia-Internacional-de-la-Mujer-3.jpeg 768w, https:\/\/nuevodiario-assets.s3.us-east-2.amazonaws.com\/wp-content\/uploads\/2026\/03\/Partido-Justicia-Social-se-pronuncia-por-el-Dia-Internacional-de-la-Mujer-3.jpeg 600w\" sizes=\"auto, (max-width: 640px) 100vw, 640px\"\/><figcaption id=\"caption-attachment-3041390\" class=\"wp-caption-text\"><strong>Partido Justicia Social se pronuncia por el D\u00eda Internacional de la Mujer. (Foto: Partido JC).<\/strong><\/figcaption><\/figure>\n<p>De igual forma, la agrupaci\u00f3n se\u00f1al\u00f3 la importancia de fortalecer los mecanismos institucionales para prevenir, sancionar y erradicar la violencia contra las mujeres, as\u00ed como impulsar una mayor presencia femenina en los espacios de decisi\u00f3n p\u00fablica y liderazgo social.<\/p>\n<p>La organizaci\u00f3n tambi\u00e9n destac\u00f3 la necesidad de visibilizar el aporte hist\u00f3rico de las mujeres al desarrollo nacional en \u00e1reas como la ciencia, la educaci\u00f3n, la econom\u00eda y la vida pol\u00edtica.<\/p>\n<p>Finalmente, el partido indic\u00f3 que el 8 de marzo constituye una fecha para reconocer las luchas de las mujeres por la igualdad y reflexionar sobre los desaf\u00edos pendientes para garantizar una participaci\u00f3n plena y equitativa en todos los \u00e1mbitos de la sociedad.<\/p>\n<p>\u00a0<\/p>\n<p>NLP\/<\/p>\n<p><h3 class=\"jp-relatedposts-headline\"><em>Relacionado<\/em><\/h3>\n<\/p>\n<p>\t\t\t\t\t\t<!-- .entry-footer --><br \/>\n\t\t\t\t\t\t<!-- \n\n<div data-type=\"_mgwidget\" data-widget-id=\"1743501\"><\/div>\n\n  -->\n\t\t\t\t\t<\/div>\n","protected":false},"excerpt":{"rendered":"<p>Partido Justicia Social se pronuncia por el D\u00eda Internacional de la Mujer. (Foto: Partido JC). Leer resumen de la noticia (IA) CLICK AQU\u00cd Analizando noticia&#8230; por favor espera. EL NUEVO DIARIO, SANTO DOMINGO.- Con motivo del D\u00eda Internacional de la Mujer, el partido Justicia Social (JS) afirm\u00f3 que la construcci\u00f3n de una sociedad justa requiere<\/p>\n","protected":false},"author":1,"featured_media":26274,"comment_status":"open","ping_status":"open","sticky":false,"template":"","format":"standard","meta":{"footnotes":""},"categories":[1],"tags":[],"class_list":["post-26273","post","type-post","status-publish","format-standard","has-post-thumbnail","hentry","category-nacionales"],"_links":{"self":[{"href":"https:\/\/acronoticias.com\/index.php\/wp-json\/wp\/v2\/posts\/26273","targetHints":{"allow":["GET"]}}],"collection":[{"href":"https:\/\/acronoticias.com\/index.php\/wp-json\/wp\/v2\/posts"}],"about":[{"href":"https:\/\/acronoticias.com\/index.php\/wp-json\/wp\/v2\/types\/post"}],"author":[{"embeddable":true,"href":"https:\/\/acronoticias.com\/index.php\/wp-json\/wp\/v2\/users\/1"}],"replies":[{"embeddable":true,"href":"https:\/\/acronoticias.com\/index.php\/wp-json\/wp\/v2\/comments?post=26273"}],"version-history":[{"count":0,"href":"https:\/\/acronoticias.com\/index.php\/wp-json\/wp\/v2\/posts\/26273\/revisions"}],"wp:featuredmedia":[{"embeddable":true,"href":"https:\/\/acronoticias.com\/index.php\/wp-json\/wp\/v2\/media\/26274"}],"wp:attachment":[{"href":"https:\/\/acronoticias.com\/index.php\/wp-json\/wp\/v2\/media?parent=26273"}],"wp:term":[{"taxonomy":"category","embeddable":true,"href":"https:\/\/acronoticias.com\/index.php\/wp-json\/wp\/v2\/categories?post=26273"},{"taxonomy":"post_tag","embeddable":true,"href":"https:\/\/acronoticias.com\/index.php\/wp-json\/wp\/v2\/tags?post=26273"}],"curies":[{"name":"wp","href":"https:\/\/api.w.org\/{rel}","templated":true}]}}