{"id":26269,"date":"2026-03-08T20:31:44","date_gmt":"2026-03-08T20:31:44","guid":{"rendered":"https:\/\/acronoticias.com\/index.php\/2026\/03\/08\/phr-resalta-desempeno-de-la-mujer-dominicana-en-diferentes-sectores-de-la-sociedad-el-nuevo-diario-republica-dominicana\/"},"modified":"2026-03-08T20:31:44","modified_gmt":"2026-03-08T20:31:44","slug":"phr-resalta-desempeno-de-la-mujer-dominicana-en-diferentes-sectores-de-la-sociedad-el-nuevo-diario-republica-dominicana","status":"publish","type":"post","link":"https:\/\/acronoticias.com\/index.php\/2026\/03\/08\/phr-resalta-desempeno-de-la-mujer-dominicana-en-diferentes-sectores-de-la-sociedad-el-nuevo-diario-republica-dominicana\/","title":{"rendered":"PHR resalta desempe\u00f1o de la mujer dominicana en diferentes sectores de la sociedad \u2013 El Nuevo Diario (Rep\u00fablica Dominicana)"},"content":{"rendered":"<div>\n<div id=\"gemini-summary-wrapper\" class=\"mb-3\">\n                <button id=\"btn-get-summary\" class=\"gemini-btn\" data-post-id=\"3041415\" data-post-title=\"PHR resalta desempe\u00f1o de la mujer dominicana en diferentes sectores de la sociedad\"><br \/>\n                    Leer resumen <b class=\"d-none d-md-inline\">de la noticia<\/b> (IA) <span>CLICK AQU\u00cd<\/span><br \/>\n                <\/button><\/p>\n<div id=\"gemini-loading\" class=\"mb-3\">\n<p>                    <span>Analizando noticia&#8230; por favor espera.<\/span>\n                <\/div>\n<\/p><\/div>\n<p>EL NUEVO DIARIO, SANTO DOMINGO.-El presidente del <span class=\"hover:entity-accent entity-underline inline cursor-pointer align-baseline\"><span class=\"whitespace-normal\">Partido Humanista Renovador<\/span><\/span> (PHR), <span class=\"hover:entity-accent entity-underline inline cursor-pointer align-baseline\"><span class=\"whitespace-normal\">Antonio Mateo<\/span><\/span>, destac\u00f3 la lucha hist\u00f3rica de las mujeres dominicanas por conquistar mayores espacios de participaci\u00f3n y reconocimiento en la sociedad, en el marco de la conmemoraci\u00f3n del <span class=\"hover:entity-accent entity-underline inline cursor-pointer align-baseline\"><span class=\"whitespace-normal\">D\u00eda Internacional de la Mujer<\/span><\/span>.<\/p>\n<p data-start=\"446\" data-end=\"686\">Mateo expres\u00f3 que cada 8 de marzo el partido renueva su compromiso de respaldar el trabajo que realizan las mujeres en los diferentes sectores productivos del pa\u00eds, as\u00ed como su rol en el fortalecimiento de la familia y el desarrollo social.<\/p>\n<p data-start=\"688\" data-end=\"1028\">El dirigente pol\u00edtico record\u00f3 el legado de la l\u00edder feminista <span class=\"hover:entity-accent entity-underline inline cursor-pointer align-baseline\"><span class=\"whitespace-normal\">Abigail Mej\u00eda<\/span><\/span>, quien impuls\u00f3 la participaci\u00f3n pol\u00edtica de la mujer durante la dictadura de <span class=\"hover:entity-accent entity-underline inline cursor-pointer align-baseline\"><span class=\"whitespace-normal\">Rafael Le\u00f3nidas Trujillo<\/span><\/span>, proceso que permiti\u00f3 el ejercicio del voto femenino por primera vez en las elecciones presidenciales del 16 de mayo de 1942.<\/p>\n<div class=\"tiled-gallery type-rectangular tiled-gallery-unresized\" data-original-width=\"640\" data-carousel-extra=\"null\" itemscope=\"\" itemtype=\"http:\/\/schema.org\/ImageGallery\">\n<div class=\"gallery-row\" style=\"width: 640px; height: 429px;\" data-original-width=\"640\" data-original-height=\"429\">\n<div class=\"gallery-group images-1\" style=\"width: 640px; height: 429px;\" data-original-width=\"640\" data-original-height=\"429\">\n<div class=\"tiled-gallery-item tiled-gallery-item-large\" itemprop=\"associatedMedia\" itemscope=\"\" itemtype=\"http:\/\/schema.org\/ImageObject\"> <a href=\"https:\/\/elnuevodiario.com.do\/phr-resalta-desempeno-de-la-mujer-dominicana-en-diferentes-sectores-de-la-sociedad\/phr-resalta-desempeno-de-la-mujer-dominicana-en-diferentes-sectores-de-la-sociedad-2\/\" border=\"0\" itemprop=\"url\"> <meta itemprop=\"width\" content=\"636\"\/> <meta itemprop=\"height\" content=\"425\"\/> <img decoding=\"async\" class=\"\" data-attachment-id=\"3041420\" src=\"https:\/\/nuevodiario-assets.s3.us-east-2.amazonaws.com\/wp-content\/uploads\/2026\/03\/PHR-resalta-desempeno-de-la-mujer-dominicana-en-diferentes-sectores-de-la-sociedad-2-scaled.jpeg\" data-orig-size=\"2560,1709\" data-comments-opened=\"\" data-image-meta=\"{&quot;aperture&quot;:&quot;0&quot;,&quot;credit&quot;:&quot;&quot;,&quot;camera&quot;:&quot;&quot;,&quot;caption&quot;:&quot;&quot;,&quot;created_timestamp&quot;:&quot;0&quot;,&quot;copyright&quot;:&quot;&quot;,&quot;focal_length&quot;:&quot;0&quot;,&quot;iso&quot;:&quot;0&quot;,&quot;shutter_speed&quot;:&quot;0&quot;,&quot;title&quot;:&quot;&quot;,&quot;orientation&quot;:&quot;0&quot;}\" data-image-title=\"PHR resalta desempe\u00f1o de la mujer dominicana en diferentes sectores de la sociedad (2)\" data-image-description=\"\" data-medium-file=\"https:\/\/i0.wp.com\/nuevodiario-assets.s3.us-east-2.amazonaws.com\/wp-content\/uploads\/2026\/03\/PHR-resalta-desempeno-de-la-mujer-dominicana-en-diferentes-sectores-de-la-sociedad-2-scaled.jpeg?fit=400%2C267&amp;quality=100&amp;ssl=1\" data-large-file=\"https:\/\/i0.wp.com\/nuevodiario-assets.s3.us-east-2.amazonaws.com\/wp-content\/uploads\/2026\/03\/PHR-resalta-desempeno-de-la-mujer-dominicana-en-diferentes-sectores-de-la-sociedad-2-scaled.jpeg?fit=640%2C427&amp;quality=100&amp;ssl=1\" srcset=\"https:\/\/nuevodiario-assets.s3.us-east-2.amazonaws.com\/wp-content\/uploads\/2026\/03\/PHR-resalta-desempeno-de-la-mujer-dominicana-en-diferentes-sectores-de-la-sociedad-2-scaled.jpeg 2560w, https:\/\/nuevodiario-assets.s3.us-east-2.amazonaws.com\/wp-content\/uploads\/2026\/03\/PHR-resalta-desempeno-de-la-mujer-dominicana-en-diferentes-sectores-de-la-sociedad-2-scaled.jpeg 400w, https:\/\/nuevodiario-assets.s3.us-east-2.amazonaws.com\/wp-content\/uploads\/2026\/03\/PHR-resalta-desempeno-de-la-mujer-dominicana-en-diferentes-sectores-de-la-sociedad-2-scaled.jpeg 800w, https:\/\/nuevodiario-assets.s3.us-east-2.amazonaws.com\/wp-content\/uploads\/2026\/03\/PHR-resalta-desempeno-de-la-mujer-dominicana-en-diferentes-sectores-de-la-sociedad-2-scaled.jpeg 768w, https:\/\/nuevodiario-assets.s3.us-east-2.amazonaws.com\/wp-content\/uploads\/2026\/03\/PHR-resalta-desempeno-de-la-mujer-dominicana-en-diferentes-sectores-de-la-sociedad-2-scaled.jpeg 1536w, https:\/\/nuevodiario-assets.s3.us-east-2.amazonaws.com\/wp-content\/uploads\/2026\/03\/PHR-resalta-desempeno-de-la-mujer-dominicana-en-diferentes-sectores-de-la-sociedad-2-scaled.jpeg 2048w, https:\/\/nuevodiario-assets.s3.us-east-2.amazonaws.com\/wp-content\/uploads\/2026\/03\/PHR-resalta-desempeno-de-la-mujer-dominicana-en-diferentes-sectores-de-la-sociedad-2-scaled.jpeg 410w, https:\/\/nuevodiario-assets.s3.us-east-2.amazonaws.com\/wp-content\/uploads\/2026\/03\/PHR-resalta-desempeno-de-la-mujer-dominicana-en-diferentes-sectores-de-la-sociedad-2-scaled.jpeg 600w, https:\/\/nuevodiario-assets.s3.us-east-2.amazonaws.com\/wp-content\/uploads\/2026\/03\/PHR-resalta-desempeno-de-la-mujer-dominicana-en-diferentes-sectores-de-la-sociedad-2-scaled.jpeg 1280w, https:\/\/nuevodiario-assets.s3.us-east-2.amazonaws.com\/wp-content\/uploads\/2026\/03\/PHR-resalta-desempeno-de-la-mujer-dominicana-en-diferentes-sectores-de-la-sociedad-2-scaled.jpeg 1920w\" width=\"636\" height=\"425\" loading=\"lazy\" data-original-width=\"636\" data-original-height=\"425\" itemprop=\"http:\/\/schema.org\/image\" title=\"PHR resalta desempe\u00f1o de la mujer dominicana en diferentes sectores de la sociedad (2)\" alt=\"PHR resalta desempe\u00f1o de la mujer dominicana en diferentes sectores de la sociedad (2)\" style=\"width: 636px; height: 425px;\"\/> <\/a> <\/div>\n<\/p><\/div>\n<p> <!-- close group --> <\/div>\n<p> <!-- close row --> <\/div>\n<p data-start=\"1030\" data-end=\"1272\">Tambi\u00e9n resalt\u00f3 la figura de la dirigente campesina <span class=\"hover:entity-accent entity-underline inline cursor-pointer align-baseline\"><span class=\"whitespace-normal\">Florinda Soriano<\/span><\/span>, conocida como Mam\u00e1 Ting\u00f3, quien encabez\u00f3 la lucha por el derecho de los campesinos a la tierra en la zona de <span class=\"hover:entity-accent entity-underline inline cursor-pointer align-baseline\"><span class=\"whitespace-normal\">Yamas\u00e1<\/span><\/span>.<\/p>\n<p data-start=\"1274\" data-end=\"1587\">Mateo record\u00f3 que Mam\u00e1 Ting\u00f3 dedic\u00f3 d\u00e9cadas al trabajo agr\u00edcola junto a su esposo, Felipe, y que posteriormente enfrent\u00f3 a terratenientes que reclamaban las tierras que cultivaba, situaci\u00f3n que la llev\u00f3 a encabezar movilizaciones en favor de los campesinos organizados en la <span class=\"hover:entity-accent entity-underline inline cursor-pointer align-baseline\"><span class=\"whitespace-normal\">Federaci\u00f3n de Ligas Agrarias Cristianas<\/span><\/span>.<\/p>\n<p data-start=\"1589\" data-end=\"1893\">El presidente del PHR se\u00f1al\u00f3 que la conmemoraci\u00f3n del D\u00eda Internacional de la Mujer tiene su origen en las protestas de trabajadoras textiles en <span class=\"hover:entity-accent entity-underline inline cursor-pointer align-baseline\"><span class=\"whitespace-normal\">Nueva York<\/span><\/span> en 1908, cuando 129 obreras murieron durante un incendio en medio de una manifestaci\u00f3n por mejores condiciones laborales.<\/p>\n<p data-start=\"1895\" data-end=\"2176\">Afirm\u00f3 que estas luchas hist\u00f3ricas han contribuido a que hoy las mujeres ocupen posiciones de liderazgo en distintos \u00e1mbitos de la sociedad, y sostuvo que el PHR promueve la participaci\u00f3n femenina dentro de sus estructuras partidarias y fomenta el emprendimiento entre las mujeres.<\/p>\n<p data-start=\"2178\" data-end=\"2361\" data-is-last-node=\"\" data-is-only-node=\"\">Finalmente, Mateo expres\u00f3 su confianza en que la presencia de mujeres en posiciones de poder continuar\u00e1 generando transformaciones en los distintos espacios de la sociedad dominicana.<\/p>\n<p><h3 class=\"jp-relatedposts-headline\"><em>Relacionado<\/em><\/h3>\n<\/p>\n<p>\t\t\t\t\t\t<!-- .entry-footer --><br \/>\n\t\t\t\t\t\t<!-- \n\n<div data-type=\"_mgwidget\" data-widget-id=\"1743501\"><\/div>\n\n  -->\n\t\t\t\t\t<\/div>\n","protected":false},"excerpt":{"rendered":"<p>Leer resumen de la noticia (IA) CLICK AQU\u00cd Analizando noticia&#8230; por favor espera. EL NUEVO DIARIO, SANTO DOMINGO.-El presidente del Partido Humanista Renovador (PHR), Antonio Mateo, destac\u00f3 la lucha hist\u00f3rica de las mujeres dominicanas por conquistar mayores espacios de participaci\u00f3n y reconocimiento en la sociedad, en el marco de la conmemoraci\u00f3n del D\u00eda Internacional de<\/p>\n","protected":false},"author":1,"featured_media":26270,"comment_status":"open","ping_status":"open","sticky":false,"template":"","format":"standard","meta":{"footnotes":""},"categories":[1],"tags":[],"class_list":["post-26269","post","type-post","status-publish","format-standard","has-post-thumbnail","hentry","category-nacionales"],"_links":{"self":[{"href":"https:\/\/acronoticias.com\/index.php\/wp-json\/wp\/v2\/posts\/26269","targetHints":{"allow":["GET"]}}],"collection":[{"href":"https:\/\/acronoticias.com\/index.php\/wp-json\/wp\/v2\/posts"}],"about":[{"href":"https:\/\/acronoticias.com\/index.php\/wp-json\/wp\/v2\/types\/post"}],"author":[{"embeddable":true,"href":"https:\/\/acronoticias.com\/index.php\/wp-json\/wp\/v2\/users\/1"}],"replies":[{"embeddable":true,"href":"https:\/\/acronoticias.com\/index.php\/wp-json\/wp\/v2\/comments?post=26269"}],"version-history":[{"count":0,"href":"https:\/\/acronoticias.com\/index.php\/wp-json\/wp\/v2\/posts\/26269\/revisions"}],"wp:featuredmedia":[{"embeddable":true,"href":"https:\/\/acronoticias.com\/index.php\/wp-json\/wp\/v2\/media\/26270"}],"wp:attachment":[{"href":"https:\/\/acronoticias.com\/index.php\/wp-json\/wp\/v2\/media?parent=26269"}],"wp:term":[{"taxonomy":"category","embeddable":true,"href":"https:\/\/acronoticias.com\/index.php\/wp-json\/wp\/v2\/categories?post=26269"},{"taxonomy":"post_tag","embeddable":true,"href":"https:\/\/acronoticias.com\/index.php\/wp-json\/wp\/v2\/tags?post=26269"}],"curies":[{"name":"wp","href":"https:\/\/api.w.org\/{rel}","templated":true}]}}