{"id":26267,"date":"2026-03-08T20:30:20","date_gmt":"2026-03-08T20:30:20","guid":{"rendered":"https:\/\/acronoticias.com\/index.php\/2026\/03\/08\/delcy-rodriguez-llama-a-mujeres-de-venezuela-a-unirse-por\/"},"modified":"2026-03-08T20:30:20","modified_gmt":"2026-03-08T20:30:20","slug":"delcy-rodriguez-llama-a-mujeres-de-venezuela-a-unirse-por","status":"publish","type":"post","link":"https:\/\/acronoticias.com\/index.php\/2026\/03\/08\/delcy-rodriguez-llama-a-mujeres-de-venezuela-a-unirse-por\/","title":{"rendered":"Delcy Rodr\u00edguez llama a mujeres de Venezuela a unirse por"},"content":{"rendered":"<div id=\"nota-texto\">\n<p><strong>Caracas<\/strong>. \u2013 La presidenta encargada de <strong>Venezuela<\/strong>, <strong>Delcy Rodr\u00edguez<\/strong>, pidi\u00f3 este domingo a las venezolanas mantenerse unidas por la paz de su pa\u00eds, mientras familiares de presos pol\u00edticos protestan con apoyo de la oposici\u00f3n por la libertad de sus parientes detenidos, en medio de un proceso de amnist\u00eda impulsado por la l\u00edder chavista.<\/p>\n<p>Sigamos unidas en una sola agenda: la de la paz, el trabajo y la esperanza, para llevar este barco a puerto seguro por nuestros hijos\u00bb, public\u00f3 <strong>Rodr\u00edguez<\/strong> en sus redes sociales, con motivo del <strong>D\u00eda Internacional de la Mujer<\/strong>.<\/p>\n<h2 class=\"wp-block-heading\">Llamado a la unidad<\/h2>\n<p>Previamente, el ministro de Defensa de <strong>Venezuela<\/strong>, <strong>Vladimir Padrino L\u00f3pez<\/strong>, honr\u00f3 la in\u00e9dita presidencia de <strong>Delcy Rodr\u00edguez<\/strong>, quien se convirti\u00f3 en la primera mujer en asumir el cargo al ser juramentada en el pa\u00eds como mandataria encargada, luego de que <strong>Estados Unidos<\/strong> capturara al presidente venezolano, <strong>Nicol\u00e1s Maduro<\/strong>, en <strong>Caracas<\/strong>.<\/p>\n<ul class=\"wp-block-list\">\n<li>En un comunicado, el jefe militar reafirm\u00f3 el rol de <strong>Rodr\u00edguez<\/strong> como presidenta encargada y comandante en jefe de las <strong>Fuerzas Armadas<\/strong>, atribuciones que consider\u00f3 \u00abno responden a una casualidad del destino, sino al leg\u00edtimo reconocimiento de una trayectoria de m\u00e9ritos\u00bb.<\/li>\n<\/ul>\n<h2 class=\"wp-block-heading\">Protestas y apoyo opositor<\/h2>\n<p>Este domingo, activistas marcharon en <strong>Caracas<\/strong> por la \u00ablibertad, la justicia y la dignidad\u00bb de la mujer venezolana, una actividad apoyada por partidos opositores como <strong>Vente Venezuela<\/strong>, que lidera <strong>Mar\u00eda Corina Machado<\/strong>, y la ONG <strong>Comit\u00e9 por la Libertad de los Presos Pol\u00edticos<\/strong> (CLIPP), integrada por familiares de estos detenidos.<\/p>\n<p>La directora del <strong>Clipp<\/strong>, <strong>Andre\u00edna Baduel<\/strong>, dijo a <strong>EFE<\/strong> que las presas pol\u00edticas en <strong>Venezuela<\/strong> son \u00abvejadas\u00bb y \u00abmaltratadas\u00bb, por lo que pidi\u00f3 a la comunidad internacional estar \u00abalerta y vigilante\u00bb a esta situaci\u00f3n.<\/p>\n<h3 class=\"wp-block-heading\">Denuncias de maltrato<\/h3>\n<p>Por su parte, la activista <strong>Sairam Rivas<\/strong>, integrante del <strong>Clipp<\/strong>, ley\u00f3 un comunicado de la <strong>ONG<\/strong> en el que se exige justicia y reparaci\u00f3n para las v\u00edctimas mujeres en <strong>Venezuela<\/strong>, as\u00ed como \u00abcondiciones dignas de reclusi\u00f3n\u00bb y el \u00abcese de la violencia contra el liderazgo femenino de la oposici\u00f3n\u00bb.<\/p>\n<ul class=\"wp-block-list\">\n<li>La oposici\u00f3n venezolana liderada por <strong>Machado<\/strong> y <strong>Edmundo Gonz\u00e1lez Urrutia<\/strong> exigi\u00f3 este domingo la liberaci\u00f3n de 56 presas pol\u00edticas en <strong>Venezuela<\/strong> que contabiliza la organizaci\u00f3n <strong>Foro Penal<\/strong>.<\/li>\n<\/ul>\n<h3 class=\"wp-block-heading\">Respuesta del Gobierno<\/h3>\n<p>El <strong>Gobierno<\/strong>, por su parte, niega que haya personas arrestadas por estos motivos y afirma que cometieron varios delitos, una afirmaci\u00f3n que rechazan <strong>ONG<\/strong> y partidos opositores.<\/p>\n<\/div>\n","protected":false},"excerpt":{"rendered":"<p>Caracas. \u2013 La presidenta encargada de Venezuela, Delcy Rodr\u00edguez, pidi\u00f3 este domingo a las venezolanas mantenerse unidas por la paz de su pa\u00eds, mientras familiares de presos pol\u00edticos protestan con apoyo de la oposici\u00f3n por la libertad de sus parientes detenidos, en medio de un proceso de amnist\u00eda impulsado por la l\u00edder chavista. Sigamos unidas<\/p>\n","protected":false},"author":1,"featured_media":26268,"comment_status":"open","ping_status":"open","sticky":false,"template":"","format":"standard","meta":{"footnotes":""},"categories":[3],"tags":[],"class_list":["post-26267","post","type-post","status-publish","format-standard","has-post-thumbnail","hentry","category-internacionales"],"_links":{"self":[{"href":"https:\/\/acronoticias.com\/index.php\/wp-json\/wp\/v2\/posts\/26267","targetHints":{"allow":["GET"]}}],"collection":[{"href":"https:\/\/acronoticias.com\/index.php\/wp-json\/wp\/v2\/posts"}],"about":[{"href":"https:\/\/acronoticias.com\/index.php\/wp-json\/wp\/v2\/types\/post"}],"author":[{"embeddable":true,"href":"https:\/\/acronoticias.com\/index.php\/wp-json\/wp\/v2\/users\/1"}],"replies":[{"embeddable":true,"href":"https:\/\/acronoticias.com\/index.php\/wp-json\/wp\/v2\/comments?post=26267"}],"version-history":[{"count":0,"href":"https:\/\/acronoticias.com\/index.php\/wp-json\/wp\/v2\/posts\/26267\/revisions"}],"wp:featuredmedia":[{"embeddable":true,"href":"https:\/\/acronoticias.com\/index.php\/wp-json\/wp\/v2\/media\/26268"}],"wp:attachment":[{"href":"https:\/\/acronoticias.com\/index.php\/wp-json\/wp\/v2\/media?parent=26267"}],"wp:term":[{"taxonomy":"category","embeddable":true,"href":"https:\/\/acronoticias.com\/index.php\/wp-json\/wp\/v2\/categories?post=26267"},{"taxonomy":"post_tag","embeddable":true,"href":"https:\/\/acronoticias.com\/index.php\/wp-json\/wp\/v2\/tags?post=26267"}],"curies":[{"name":"wp","href":"https:\/\/api.w.org\/{rel}","templated":true}]}}