{"id":26265,"date":"2026-03-08T20:13:03","date_gmt":"2026-03-08T20:13:03","guid":{"rendered":"https:\/\/acronoticias.com\/index.php\/2026\/03\/08\/abinader-afirma-que-trato-con-trump-crisis-haitiana-como-estrategia-contra-crimen-organizado-el-nuevo-diario-republica-dominicana\/"},"modified":"2026-03-08T20:13:03","modified_gmt":"2026-03-08T20:13:03","slug":"abinader-afirma-que-trato-con-trump-crisis-haitiana-como-estrategia-contra-crimen-organizado-el-nuevo-diario-republica-dominicana","status":"publish","type":"post","link":"https:\/\/acronoticias.com\/index.php\/2026\/03\/08\/abinader-afirma-que-trato-con-trump-crisis-haitiana-como-estrategia-contra-crimen-organizado-el-nuevo-diario-republica-dominicana\/","title":{"rendered":"Abinader afirma que trat\u00f3 con Trump crisis haitiana como estrategia contra crimen organizado \u2013 El Nuevo Diario (Rep\u00fablica Dominicana)"},"content":{"rendered":"<div>\n<p data-start=\"606\" data-end=\"867\">Durante una entrevista, el mandatario explic\u00f3 que la situaci\u00f3n haitiana fue discutida dentro de las iniciativas de cooperaci\u00f3n en materia de seguridad en el hemisferio, especialmente frente a amenazas como el narcotr\u00e1fico y las redes criminales internacionales.<\/p>\n<p data-start=\"869\" data-end=\"1070\">\u201cEl tema haitiano claro que sali\u00f3 en el sentido de que es parte de la protecci\u00f3n\u201d, expres\u00f3 Abinader al referirse a las conversaciones sostenidas con otros l\u00edderes latinoamericanos durante el encuentro.<\/p>\n<p data-start=\"1072\" data-end=\"1358\">Se recuerda que Abinader particip\u00f3 el pasado s\u00e1bado junto a otros mandatarios del hemisferio en la firma de una proclamaci\u00f3n para la creaci\u00f3n de una <strong data-start=\"1221\" data-end=\"1251\">coalici\u00f3n militar regional<\/strong> destinada a combatir los c\u00e1rteles del narcotr\u00e1fico, durante la cumbre denominada \u201cEscudo de las Am\u00e9ricas\u201d.<\/p>\n<p data-start=\"1360\" data-end=\"1632\">La iniciativa busca fortalecer la cooperaci\u00f3n en materia de seguridad entre los pa\u00edses de Am\u00e9rica Latina y Estados Unidos, con el objetivo de enfrentar de manera coordinada el crimen organizado transnacional, el narcotr\u00e1fico y las redes criminales que operan en la regi\u00f3n.<\/p>\n<p data-start=\"1634\" data-end=\"1841\">Durante la firma del acuerdo, el presidente Donald Trump destac\u00f3 la importancia de la cooperaci\u00f3n entre los pa\u00edses participantes y asegur\u00f3 que Washington espera profundizar y ampliar los esfuerzos conjuntos.<\/p>\n<p data-start=\"1843\" data-end=\"2098\">\u201cJuntos estamos formando ese escudo de las Am\u00e9ricas para promover estas prioridades compartidas en el hemisferio\u201d, expres\u00f3 el mandatario estadounidense al referirse a las acciones coordinadas contra los c\u00e1rteles criminales, la delincuencia y la violencia.<\/p>\n<p data-start=\"2100\" data-end=\"2308\">Trump tambi\u00e9n afirm\u00f3 que las naciones participantes comparten valores fundamentales y un objetivo com\u00fan. \u201cJuntos vamos a proteger nuestra seguridad, soberan\u00eda, libertad compartida e independencia\u201d, manifest\u00f3.<\/p>\n<p data-start=\"2310\" data-end=\"2617\" data-is-last-node=\"\" data-is-only-node=\"\">Asimismo, sostuvo que los pa\u00edses del hemisferio tienen un gran potencial para fortalecer su desarrollo y cooperaci\u00f3n regional. \u201cLas naciones congregadas aqu\u00ed tienen un potencial ilimitado. Ustedes tienen un incre\u00edble potencial; ustedes son una gran parte del mundo para cumplir con ese potencial\u201d, concluy\u00f3.<\/p>\n<\/div>\n","protected":false},"excerpt":{"rendered":"<p>Durante una entrevista, el mandatario explic\u00f3 que la situaci\u00f3n haitiana fue discutida dentro de las iniciativas de cooperaci\u00f3n en materia de seguridad en el hemisferio, especialmente frente a amenazas como el narcotr\u00e1fico y las redes criminales internacionales. \u201cEl tema haitiano claro que sali\u00f3 en el sentido de que es parte de la protecci\u00f3n\u201d, expres\u00f3 Abinader<\/p>\n","protected":false},"author":1,"featured_media":26266,"comment_status":"open","ping_status":"open","sticky":false,"template":"","format":"standard","meta":{"footnotes":""},"categories":[1],"tags":[],"class_list":["post-26265","post","type-post","status-publish","format-standard","has-post-thumbnail","hentry","category-nacionales"],"_links":{"self":[{"href":"https:\/\/acronoticias.com\/index.php\/wp-json\/wp\/v2\/posts\/26265","targetHints":{"allow":["GET"]}}],"collection":[{"href":"https:\/\/acronoticias.com\/index.php\/wp-json\/wp\/v2\/posts"}],"about":[{"href":"https:\/\/acronoticias.com\/index.php\/wp-json\/wp\/v2\/types\/post"}],"author":[{"embeddable":true,"href":"https:\/\/acronoticias.com\/index.php\/wp-json\/wp\/v2\/users\/1"}],"replies":[{"embeddable":true,"href":"https:\/\/acronoticias.com\/index.php\/wp-json\/wp\/v2\/comments?post=26265"}],"version-history":[{"count":0,"href":"https:\/\/acronoticias.com\/index.php\/wp-json\/wp\/v2\/posts\/26265\/revisions"}],"wp:featuredmedia":[{"embeddable":true,"href":"https:\/\/acronoticias.com\/index.php\/wp-json\/wp\/v2\/media\/26266"}],"wp:attachment":[{"href":"https:\/\/acronoticias.com\/index.php\/wp-json\/wp\/v2\/media?parent=26265"}],"wp:term":[{"taxonomy":"category","embeddable":true,"href":"https:\/\/acronoticias.com\/index.php\/wp-json\/wp\/v2\/categories?post=26265"},{"taxonomy":"post_tag","embeddable":true,"href":"https:\/\/acronoticias.com\/index.php\/wp-json\/wp\/v2\/tags?post=26265"}],"curies":[{"name":"wp","href":"https:\/\/api.w.org\/{rel}","templated":true}]}}