{"id":26261,"date":"2026-03-08T19:41:46","date_gmt":"2026-03-08T19:41:46","guid":{"rendered":"https:\/\/acronoticias.com\/index.php\/2026\/03\/08\/superate-impacta-178-mil-familias-con-inversion-social-en-dos-provincias-el-nuevo-diario-republica-dominicana\/"},"modified":"2026-03-08T19:41:46","modified_gmt":"2026-03-08T19:41:46","slug":"superate-impacta-178-mil-familias-con-inversion-social-en-dos-provincias-el-nuevo-diario-republica-dominicana","status":"publish","type":"post","link":"https:\/\/acronoticias.com\/index.php\/2026\/03\/08\/superate-impacta-178-mil-familias-con-inversion-social-en-dos-provincias-el-nuevo-diario-republica-dominicana\/","title":{"rendered":"Sup\u00e9rate impacta 178 mil familias con inversi\u00f3n social en dos provincias \u2013 El Nuevo Diario (Rep\u00fablica Dominicana)"},"content":{"rendered":"<p><i class=\"bi bi-camera-fill\" style=\"font-size:18px; color:var(--rojo)\"\/> Actividad Sup\u00e9rate. (Foto: fuente externa)<\/p>\n<div>\n<div id=\"gemini-summary-wrapper\" class=\"mb-3\">\n                <button id=\"btn-get-summary\" class=\"gemini-btn\" data-post-id=\"3041380\" data-post-title=\"Sup\u00e9rate impacta 178 mil familias con inversi\u00f3n social en dos provincias\"><br \/>\n                    Leer resumen <b class=\"d-none d-md-inline\">de la noticia<\/b> (IA) <span>CLICK AQU\u00cd<\/span><br \/>\n                <\/button><\/p>\n<div id=\"gemini-loading\" class=\"mb-3\">\n<p>                    <span>Analizando noticia&#8230; por favor espera.<\/span>\n                <\/div>\n<\/p><\/div>\n<p>EL NUEVO DIARIO, SAN PEDRO DE MACOR\u00cdS \u2013 La Direcci\u00f3n de Desarrollo Social Sup\u00e9rate ha llevado a cabo encuentros en las provincias de La Altagracia y San Pedro de Macor\u00eds, con la participaci\u00f3n de 2,100 personas beneficiarias de los subsidios Alim\u00e9ntate, Bono Gas, Bono Luz, Aprende, Avanza, Sup\u00e9rate Mujer, y el Fondo de Discapacidad, entre otros programas del Gobierno dominicano, con el objetivo de fortalecer los v\u00ednculos entre el Gobierno y los ciudadanos que reciben protecci\u00f3n social.<\/p>\n<p>En febrero, la inversi\u00f3n social directa en La Altagracia alcanz\u00f3 los RD$71,450,107, beneficiando a 68,026 familias. En San Pedro de Macor\u00eds, la inversi\u00f3n ascendi\u00f3 a RD$113,384,806, asegurando la protecci\u00f3n social de 109,980 familias, seg\u00fan datos proporcionados por Sup\u00e9rate.<\/p>\n<p>De acuerdo con una nota de prensa, Mayra Jim\u00e9nez, directora general de la Direcci\u00f3n de Desarrollo Social Sup\u00e9rate, subray\u00f3 que el Gobierno del presidente Luis Abinader prioriza los programas de protecci\u00f3n social para superar la pobreza y garantizar una vida digna a las personas en condiciones de vulnerabilidad.<\/p>\n<p>Los encuentros buscan generar espacios de di\u00e1logo social y escucha activa para comprender el impacto de los programas sociales en la vida de las personas y sus comunidades, as\u00ed como sus expectativas de mejora. La instituci\u00f3n destaca que estas jornadas permiten identificar avances y desaf\u00edos en el acceso a los servicios y fortalecer las capacidades de las familias para alcanzar su autonom\u00eda y superar la pobreza.<\/p>\n<p>Las directoras regionales de Sup\u00e9rate, Martha Feli\u00fa (regi\u00f3n Yuma) y Al\u00edn Mercedes (regi\u00f3n Hig\u00fcamo), enfatizaron la importancia de estos encuentros directos en las comunidades para fortalecer el acompa\u00f1amiento sociofamiliar y mejorar la articulaci\u00f3n con el tejido social. \u00abPasar del escritorio al territorio se convierte en un compromiso de movilizaci\u00f3n de Sup\u00e9rate en todos los niveles de Direcci\u00f3n\u00bb, afirmaron.<\/p>\n<p>Entre los asistentes a los encuentros se encontraban el senador Rafael Bar\u00f3n Duluc (Cholit\u00edn), la gobernadora provincial Deisy de \u00d3leo y el vicealcalde Pablo \u00c1vila en La Altagracia, as\u00ed como la senadora Aracelis Villanueva y la gobernadora Yovani Baltazar en San Pedro de Macor\u00eds, junto con otras autoridades regionales, municipales y locales.<\/p>\n<p>Se resalt\u00f3 la notable participaci\u00f3n de mujeres jefas de hogar, personas adultas mayores, j\u00f3venes y personas con discapacidad.<\/p>\n<p>Sup\u00e9rate reafirma su visi\u00f3n de desarrollo social inclusivo y enfoque integral, asegurando que el acompa\u00f1amiento llegue de manera efectiva a los hogares m\u00e1s vulnerables del pa\u00eds.<\/p>\n<p><h3 class=\"jp-relatedposts-headline\"><em>Relacionado<\/em><\/h3>\n<\/p>\n<p>\t\t\t\t\t\t<!-- .entry-footer --><br \/>\n\t\t\t\t\t\t<!-- \n\n<div data-type=\"_mgwidget\" data-widget-id=\"1743501\"><\/div>\n\n  -->\n\t\t\t\t\t<\/div>\n","protected":false},"excerpt":{"rendered":"<p>Actividad Sup\u00e9rate. (Foto: fuente externa) Leer resumen de la noticia (IA) CLICK AQU\u00cd Analizando noticia&#8230; por favor espera. EL NUEVO DIARIO, SAN PEDRO DE MACOR\u00cdS \u2013 La Direcci\u00f3n de Desarrollo Social Sup\u00e9rate ha llevado a cabo encuentros en las provincias de La Altagracia y San Pedro de Macor\u00eds, con la participaci\u00f3n de 2,100 personas beneficiarias<\/p>\n","protected":false},"author":1,"featured_media":26262,"comment_status":"open","ping_status":"open","sticky":false,"template":"","format":"standard","meta":{"footnotes":""},"categories":[1],"tags":[],"class_list":["post-26261","post","type-post","status-publish","format-standard","has-post-thumbnail","hentry","category-nacionales"],"_links":{"self":[{"href":"https:\/\/acronoticias.com\/index.php\/wp-json\/wp\/v2\/posts\/26261","targetHints":{"allow":["GET"]}}],"collection":[{"href":"https:\/\/acronoticias.com\/index.php\/wp-json\/wp\/v2\/posts"}],"about":[{"href":"https:\/\/acronoticias.com\/index.php\/wp-json\/wp\/v2\/types\/post"}],"author":[{"embeddable":true,"href":"https:\/\/acronoticias.com\/index.php\/wp-json\/wp\/v2\/users\/1"}],"replies":[{"embeddable":true,"href":"https:\/\/acronoticias.com\/index.php\/wp-json\/wp\/v2\/comments?post=26261"}],"version-history":[{"count":0,"href":"https:\/\/acronoticias.com\/index.php\/wp-json\/wp\/v2\/posts\/26261\/revisions"}],"wp:featuredmedia":[{"embeddable":true,"href":"https:\/\/acronoticias.com\/index.php\/wp-json\/wp\/v2\/media\/26262"}],"wp:attachment":[{"href":"https:\/\/acronoticias.com\/index.php\/wp-json\/wp\/v2\/media?parent=26261"}],"wp:term":[{"taxonomy":"category","embeddable":true,"href":"https:\/\/acronoticias.com\/index.php\/wp-json\/wp\/v2\/categories?post=26261"},{"taxonomy":"post_tag","embeddable":true,"href":"https:\/\/acronoticias.com\/index.php\/wp-json\/wp\/v2\/tags?post=26261"}],"curies":[{"name":"wp","href":"https:\/\/api.w.org\/{rel}","templated":true}]}}