{"id":26257,"date":"2026-03-08T19:28:20","date_gmt":"2026-03-08T19:28:20","guid":{"rendered":"https:\/\/acronoticias.com\/index.php\/2026\/03\/08\/el-presidente-de-iran-dice-que-la-nacion-no-cedera-ante-la-presion-de-ee-uu-e-israel\/"},"modified":"2026-03-08T19:28:20","modified_gmt":"2026-03-08T19:28:20","slug":"el-presidente-de-iran-dice-que-la-nacion-no-cedera-ante-la-presion-de-ee-uu-e-israel","status":"publish","type":"post","link":"https:\/\/acronoticias.com\/index.php\/2026\/03\/08\/el-presidente-de-iran-dice-que-la-nacion-no-cedera-ante-la-presion-de-ee-uu-e-israel\/","title":{"rendered":"El presidente de Ir\u00e1n dice que la naci\u00f3n &#8220;no ceder\u00e1&#8221; ante la presi\u00f3n de EE. UU. e Israel"},"content":{"rendered":"<div>\n<div class=\"c-detail__author full\">\n<div>\n<div class=\"c-detail__author__thumb\">\n<figure>\n                                <picture src=\"https:\/\/imagenes.hoy.com.do\/files\/image_square_xs\/uploads\/2025\/11\/18\/691c7d2b0f1b1.png\" data-size=\"w:40,h:40\">\n                                    <img decoding=\"async\" loading=\"lazy\" alt=\"Agencia AP\" width=\"40\" height=\"40\" src=\"https:\/\/imagenes.hoy.com.do\/files\/image_square_xs\/uploads\/2025\/11\/18\/691c7d2b0f1b1.png\"\/>\n                                <\/picture>\n                                <\/figure>\n<\/div>\n<\/div>\n<\/div>\n<p>                                                                                            <!-- --><\/p>\n<p class=\"paragraph\"><b>Israel <\/b>ha atacado el sur del L\u00edbano, Beirut y una instalaci\u00f3n de almacenamiento de petr\u00f3leo en Teher\u00e1n mientras la <b>guerra en Oriente Medio<\/b> sigue intensific\u00e1ndose, y el primer ministro Benjamin Netanyahu prometi\u00f3 \u201c<b>muchas sorpresas\u201d <\/b>para la pr\u00f3xima fase del conflicto.<\/p>\n<p class=\"paragraph\">Ir\u00e1n tambi\u00e9n atac\u00f3 una planta desalinizadora en Bar\u00e9in. El ministro de Asuntos Exteriores iran\u00ed, Abbas Araghchi, declar\u00f3 que un ataque a\u00e9reo estadounidense da\u00f1\u00f3 una planta desalinizadora iran\u00ed en la isla de Qeshm, advirtiendo que, al hacerlo, \u00abEstados Unidos sent\u00f3 este precedente, no Ir\u00e1n\u00bb. Esta infraestructura es crucial para el suministro de agua potable en los \u00e1ridos desiertos del Golfo.<\/p>\n<p class=\"paragraph\">Un ataque israel\u00ed contra una instalaci\u00f3n de almacenamiento de petr\u00f3leo en Teher\u00e1n provoc\u00f3 columnas de fuego que se pudieron ver en un video de Associated Press como un resplandor contra el cielo nocturno del s\u00e1bado. Parec\u00eda ser la primera vez que una instalaci\u00f3n industrial civil era blanco de la guerra.<\/p>\n<p class=\"paragraph\">El conflicto ha sacudido los mercados mundiales, interrumpido los viajes a\u00e9reos y dejado al liderazgo de Ir\u00e1n debilitado por cientos de ataques a\u00e9reos israel\u00edes y estadounidenses.<\/p>\n<p class=\"paragraph\"><b>Principales novedades que estamos siguiendo:<\/b><\/p>\n<p class=\"paragraph\">El presidente iran\u00ed, Masoud Pezeshkian, amenaz\u00f3 con intensificar los ataques contra objetivos estadounidenses en Oriente Medio, afirmando que Ir\u00e1n <b>&#8220;no ceder\u00e1&#8221;<\/b> ante la presi\u00f3n de Estados Unidos e Israel. El s\u00e1bado, pareci\u00f3 retractarse de sus declaraciones conciliadoras hacia sus vecinos del Golfo. Dichas declaraciones, en las que se disculp\u00f3 por los ataques en su territorio, fueron r\u00e1pidamente desmentidas por los radicales iran\u00edes.<\/p>\n<p class=\"paragraph\">Los funcionarios de inteligencia estadounidenses creen que Rusia ha proporcionado a Ir\u00e1n informaci\u00f3n para atacar a tropas y activos estadounidenses en Oriente Medio. El ministro de Asuntos Exteriores iran\u00ed, Abbas Araghchi, declar\u00f3 el domingo en una entrevista que \u00ab<b>la cooperaci\u00f3n militar entre Ir\u00e1n y Rusia no es algo nuevo\u00bb.<\/b><\/p>\n<div class=\"c-detail__box \">\n<article class=\"c-detail__sumario \">\n<figure class=\"c-detail__sumario__thumb\" style=\"display: block;\">\n            <a href=\"#\" title=\"\">\n                <picture data-size=\"w:140,h:140\" loading=\"lazy\" src=\"https:\/\/imagenes.hoy.com.do\/files\/related_image\/files\/fp\/uploads\/2026\/02\/22\/699b9c5a58c0d.r_d.444-454.jpeg\" data-full-src=\"https:\/\/imagenes.hoy.com.do\/uploads\/2026\/02\/22\/699b9c5a58c0d.jpeg\">\n                    <img loading=\"lazy\" decoding=\"async\" width=\"140\" height=\"140\" alt=\"Donald Trump, presidente de Estados Unidos.\" src=\"https:\/\/imagenes.hoy.com.do\/uploads\/2026\/02\/22\/699b9c5a58c0d.jpeg\"\/>\n                <\/picture>\n            <\/a><br \/>\n        <\/figure>\n<\/article>\n<\/div>\n<p class=\"paragraph\">Un ataque israel\u00ed contra una instalaci\u00f3n petrolera cubri\u00f3 de humo partes de la capital iran\u00ed, Teher\u00e1n, el domingo, mientras Israel reanudaba los ataques en el L\u00edbano. El presidente Donald Trump y el primer ministro israel\u00ed, Benjam\u00edn Netanyahu, prometieron continuar con la campa\u00f1a, que ya lleva nueve d\u00edas y que se ha extendido por toda la regi\u00f3n, parece no tener fin.<\/p>\n<p class=\"paragraph\">Las naciones del Golfo , Bar\u00e9in, Kuwait y los Emiratos \u00c1rabes Unidos, informaron el domingo del lanzamiento de nuevos misiles iran\u00edes hacia ellas, incluyendo varios que impactaron en nuevas categor\u00edas de infraestructura civil. Las plantas desalinizadoras abastecen de agua a millones de residentes de la regi\u00f3n, lo que genera nuevos temores de riesgos en varias naciones des\u00e9rticas y \u00e1ridas.<\/p>\n<p class=\"paragraph\">La evidencia sugiere que la explosi\u00f3n mortal en una escuela primaria iran\u00ed probablemente fue un ataque a\u00e9reo estadounidense . El ataque del 28 de febrero caus\u00f3 la mayor cantidad de muertes civiles reportadas desde el inicio de la guerra, lo que provoc\u00f3 fuertes cr\u00edticas de las Naciones Unidas y los defensores de los derechos humanos. Estados Unidos no ha aceptado su responsabilidad, pero afirm\u00f3 estar investigando el asunto.<\/p>\n<p class=\"paragraph\">El n\u00famero de muertos sigue aumentando. Al menos 1.230 personas en Ir\u00e1n, m\u00e1s de 300 en el L\u00edbano y alrededor de una docena en Israel han muerto, seg\u00fan las autoridades de esos pa\u00edses.<\/p>\n<\/div>\n","protected":false},"excerpt":{"rendered":"<p>Israel ha atacado el sur del L\u00edbano, Beirut y una instalaci\u00f3n de almacenamiento de petr\u00f3leo en Teher\u00e1n mientras la guerra en Oriente Medio sigue intensific\u00e1ndose, y el primer ministro Benjamin Netanyahu prometi\u00f3 \u201cmuchas sorpresas\u201d para la pr\u00f3xima fase del conflicto. Ir\u00e1n tambi\u00e9n atac\u00f3 una planta desalinizadora en Bar\u00e9in. El ministro de Asuntos Exteriores iran\u00ed, Abbas<\/p>\n","protected":false},"author":1,"featured_media":26258,"comment_status":"open","ping_status":"open","sticky":false,"template":"","format":"standard","meta":{"footnotes":""},"categories":[3],"tags":[],"class_list":["post-26257","post","type-post","status-publish","format-standard","has-post-thumbnail","hentry","category-internacionales"],"_links":{"self":[{"href":"https:\/\/acronoticias.com\/index.php\/wp-json\/wp\/v2\/posts\/26257","targetHints":{"allow":["GET"]}}],"collection":[{"href":"https:\/\/acronoticias.com\/index.php\/wp-json\/wp\/v2\/posts"}],"about":[{"href":"https:\/\/acronoticias.com\/index.php\/wp-json\/wp\/v2\/types\/post"}],"author":[{"embeddable":true,"href":"https:\/\/acronoticias.com\/index.php\/wp-json\/wp\/v2\/users\/1"}],"replies":[{"embeddable":true,"href":"https:\/\/acronoticias.com\/index.php\/wp-json\/wp\/v2\/comments?post=26257"}],"version-history":[{"count":0,"href":"https:\/\/acronoticias.com\/index.php\/wp-json\/wp\/v2\/posts\/26257\/revisions"}],"wp:featuredmedia":[{"embeddable":true,"href":"https:\/\/acronoticias.com\/index.php\/wp-json\/wp\/v2\/media\/26258"}],"wp:attachment":[{"href":"https:\/\/acronoticias.com\/index.php\/wp-json\/wp\/v2\/media?parent=26257"}],"wp:term":[{"taxonomy":"category","embeddable":true,"href":"https:\/\/acronoticias.com\/index.php\/wp-json\/wp\/v2\/categories?post=26257"},{"taxonomy":"post_tag","embeddable":true,"href":"https:\/\/acronoticias.com\/index.php\/wp-json\/wp\/v2\/tags?post=26257"}],"curies":[{"name":"wp","href":"https:\/\/api.w.org\/{rel}","templated":true}]}}