{"id":26255,"date":"2026-03-08T19:26:27","date_gmt":"2026-03-08T19:26:27","guid":{"rendered":"https:\/\/acronoticias.com\/index.php\/2026\/03\/08\/propeep-realiza-jornada-social-en-la-cuaba-y-resalta-el-aporte-de-la-mujer-dominicana-el-nuevo-diario-republica-dominicana\/"},"modified":"2026-03-08T19:26:27","modified_gmt":"2026-03-08T19:26:27","slug":"propeep-realiza-jornada-social-en-la-cuaba-y-resalta-el-aporte-de-la-mujer-dominicana-el-nuevo-diario-republica-dominicana","status":"publish","type":"post","link":"https:\/\/acronoticias.com\/index.php\/2026\/03\/08\/propeep-realiza-jornada-social-en-la-cuaba-y-resalta-el-aporte-de-la-mujer-dominicana-el-nuevo-diario-republica-dominicana\/","title":{"rendered":"Propeep realiza jornada social en La Cuaba y resalta el aporte de la mujer dominicana \u2013 El Nuevo Diario (Rep\u00fablica Dominicana)"},"content":{"rendered":"<p><i class=\"bi bi-camera-fill\" style=\"font-size:18px; color:var(--rojo)\"\/> Director de Propeep, Robert Polanco. (Fuente externa)<\/p>\n<div>\n<div id=\"gemini-summary-wrapper\" class=\"mb-3\">\n                <button id=\"btn-get-summary\" class=\"gemini-btn\" data-post-id=\"3041387\" data-post-title=\"Propeep realiza jornada social en La Cuaba y resalta el aporte de la mujer dominicana\"><br \/>\n                    Leer resumen <b class=\"d-none d-md-inline\">de la noticia<\/b> (IA) <span>CLICK AQU\u00cd<\/span><br \/>\n                <\/button><\/p>\n<div id=\"gemini-loading\" class=\"mb-3\">\n<p>                    <span>Analizando noticia&#8230; por favor espera.<\/span>\n                <\/div>\n<\/p><\/div>\n<p data-start=\"91\" data-end=\"363\">EL NUEVO DIARIO, SANTO DOMINGO.\u2013 La <span class=\"hover:entity-accent entity-underline inline cursor-pointer align-baseline\"><span class=\"whitespace-normal\">Direcci\u00f3n de Proyectos Estrat\u00e9gicos y Especiales de la Presidencia<\/span><\/span> realiz\u00f3 este domingo una jornada de inclusi\u00f3n social en el distrito municipal de <span class=\"hover:entity-accent entity-underline inline cursor-pointer align-baseline\"><span class=\"whitespace-normal\">La Cuaba<\/span><\/span>, en el marco de la conmemoraci\u00f3n del <span class=\"hover:entity-accent entity-underline inline cursor-pointer align-baseline\"><span class=\"whitespace-normal\">D\u00eda Internacional de la Mujer<\/span><\/span>.<\/p>\n<p data-start=\"365\" data-end=\"760\">La actividad, denominada \u201cPrimero T\u00fa\u201d, fue encabezada por el director de Propeep, <span class=\"hover:entity-accent entity-underline inline cursor-pointer align-baseline\"><span class=\"whitespace-normal\">Robert Polanco<\/span><\/span>, quien destac\u00f3 el papel de las mujeres en la sociedad dominicana y reiter\u00f3 el compromiso del Gobierno de continuar impulsando pol\u00edticas sociales dirigidas a apoyar a las familias del pa\u00eds, en l\u00ednea con las directrices del presidente <span class=\"hover:entity-accent entity-underline inline cursor-pointer align-baseline\"><span class=\"whitespace-normal\">Luis Abinader<\/span><\/span>.<\/p>\n<p data-start=\"762\" data-end=\"1262\">Durante la jornada, realizada en la Escuela Primaria Gregorio P\u00e9rez del sector Salamanca, fueron seleccionadas 20 mujeres del p\u00fablico para recibir una nevera como reconocimiento por el D\u00eda Internacional de la Mujer. Adem\u00e1s, tres hombres fueron escogidos para entregar el electrodom\u00e9stico a sus esposas. Seg\u00fan explic\u00f3 Polanco, las neveras ser\u00e1n entregadas este lunes por equipos de la instituci\u00f3n como un obsequio del presidente Abinader y de la primera dama <span class=\"hover:entity-accent entity-underline inline cursor-pointer align-baseline\"><span class=\"whitespace-normal\">Raquel Arbaje<\/span><\/span>.<\/p>\n<div class=\"tiled-gallery type-rectangular tiled-gallery-unresized\" data-original-width=\"640\" data-carousel-extra=\"null\" itemscope=\"\" itemtype=\"http:\/\/schema.org\/ImageGallery\">\n<div class=\"gallery-row\" style=\"width: 640px; height: 215px;\" data-original-width=\"640\" data-original-height=\"215\">\n<div class=\"gallery-group images-1\" style=\"width: 320px; height: 215px;\" data-original-width=\"320\" data-original-height=\"215\">\n<div class=\"tiled-gallery-item tiled-gallery-item-large\" itemprop=\"associatedMedia\" itemscope=\"\" itemtype=\"http:\/\/schema.org\/ImageObject\"> <a href=\"https:\/\/elnuevodiario.com.do\/propeep-realiza-jornada-social-en-la-cuaba-y-resalta-el-aporte-de-la-mujer-dominicana\/propeep-realiza-jornada-social-en-la-cuaba-y-resalta-el-aporte-de-la-mujer-dominicana-1\/\" border=\"0\" itemprop=\"url\"> <meta itemprop=\"width\" content=\"316\"\/> <meta itemprop=\"height\" content=\"211\"\/> <img decoding=\"async\" class=\"\" data-attachment-id=\"3041402\" src=\"https:\/\/nuevodiario-assets.s3.us-east-2.amazonaws.com\/wp-content\/uploads\/2026\/03\/Propeep-realiza-jornada-social-en-La-Cuaba-y-resalta-el-aporte-de-la-mujer-dominicana-1.jpeg\" data-orig-size=\"1280,853\" data-comments-opened=\"\" data-image-meta=\"{&quot;aperture&quot;:&quot;0&quot;,&quot;credit&quot;:&quot;&quot;,&quot;camera&quot;:&quot;&quot;,&quot;caption&quot;:&quot;&quot;,&quot;created_timestamp&quot;:&quot;0&quot;,&quot;copyright&quot;:&quot;&quot;,&quot;focal_length&quot;:&quot;0&quot;,&quot;iso&quot;:&quot;0&quot;,&quot;shutter_speed&quot;:&quot;0&quot;,&quot;title&quot;:&quot;&quot;,&quot;orientation&quot;:&quot;0&quot;}\" data-image-title=\"Propeep realiza jornada social en La Cuaba y resalta el aporte de la mujer dominicana (1)\" data-image-description=\"\" data-medium-file=\"https:\/\/i0.wp.com\/nuevodiario-assets.s3.us-east-2.amazonaws.com\/wp-content\/uploads\/2026\/03\/Propeep-realiza-jornada-social-en-La-Cuaba-y-resalta-el-aporte-de-la-mujer-dominicana-1.jpeg?fit=400%2C267&amp;quality=100&amp;ssl=1\" data-large-file=\"https:\/\/i0.wp.com\/nuevodiario-assets.s3.us-east-2.amazonaws.com\/wp-content\/uploads\/2026\/03\/Propeep-realiza-jornada-social-en-La-Cuaba-y-resalta-el-aporte-de-la-mujer-dominicana-1.jpeg?fit=640%2C426&amp;quality=100&amp;ssl=1\" srcset=\"https:\/\/nuevodiario-assets.s3.us-east-2.amazonaws.com\/wp-content\/uploads\/2026\/03\/Propeep-realiza-jornada-social-en-La-Cuaba-y-resalta-el-aporte-de-la-mujer-dominicana-1.jpeg 1280w, https:\/\/nuevodiario-assets.s3.us-east-2.amazonaws.com\/wp-content\/uploads\/2026\/03\/Propeep-realiza-jornada-social-en-La-Cuaba-y-resalta-el-aporte-de-la-mujer-dominicana-1.jpeg 400w, https:\/\/nuevodiario-assets.s3.us-east-2.amazonaws.com\/wp-content\/uploads\/2026\/03\/Propeep-realiza-jornada-social-en-La-Cuaba-y-resalta-el-aporte-de-la-mujer-dominicana-1.jpeg 800w, https:\/\/nuevodiario-assets.s3.us-east-2.amazonaws.com\/wp-content\/uploads\/2026\/03\/Propeep-realiza-jornada-social-en-La-Cuaba-y-resalta-el-aporte-de-la-mujer-dominicana-1.jpeg 768w, https:\/\/nuevodiario-assets.s3.us-east-2.amazonaws.com\/wp-content\/uploads\/2026\/03\/Propeep-realiza-jornada-social-en-La-Cuaba-y-resalta-el-aporte-de-la-mujer-dominicana-1.jpeg 410w, https:\/\/nuevodiario-assets.s3.us-east-2.amazonaws.com\/wp-content\/uploads\/2026\/03\/Propeep-realiza-jornada-social-en-La-Cuaba-y-resalta-el-aporte-de-la-mujer-dominicana-1.jpeg 600w\" width=\"316\" height=\"211\" loading=\"lazy\" data-original-width=\"316\" data-original-height=\"211\" itemprop=\"http:\/\/schema.org\/image\" title=\"Propeep realiza jornada social en La Cuaba y resalta el aporte de la mujer dominicana (1)\" alt=\"Propeep realiza jornada social en La Cuaba y resalta el aporte de la mujer dominicana (1)\" style=\"width: 316px; height: 211px;\"\/> <\/a> <\/div>\n<\/p><\/div>\n<p> <!-- close group --> <\/p>\n<div class=\"gallery-group images-1\" style=\"width: 320px; height: 215px;\" data-original-width=\"320\" data-original-height=\"215\">\n<div class=\"tiled-gallery-item tiled-gallery-item-large\" itemprop=\"associatedMedia\" itemscope=\"\" itemtype=\"http:\/\/schema.org\/ImageObject\"> <a href=\"https:\/\/elnuevodiario.com.do\/propeep-realiza-jornada-social-en-la-cuaba-y-resalta-el-aporte-de-la-mujer-dominicana\/propeep-realiza-jornada-social-en-la-cuaba-y-resalta-el-aporte-de-la-mujer-dominicana-2\/\" border=\"0\" itemprop=\"url\"> <meta itemprop=\"width\" content=\"316\"\/> <meta itemprop=\"height\" content=\"211\"\/> <img decoding=\"async\" class=\"\" data-attachment-id=\"3041403\" src=\"https:\/\/nuevodiario-assets.s3.us-east-2.amazonaws.com\/wp-content\/uploads\/2026\/03\/Propeep-realiza-jornada-social-en-La-Cuaba-y-resalta-el-aporte-de-la-mujer-dominicana-2.jpeg\" data-orig-size=\"1280,853\" data-comments-opened=\"\" data-image-meta=\"{&quot;aperture&quot;:&quot;0&quot;,&quot;credit&quot;:&quot;&quot;,&quot;camera&quot;:&quot;&quot;,&quot;caption&quot;:&quot;&quot;,&quot;created_timestamp&quot;:&quot;0&quot;,&quot;copyright&quot;:&quot;&quot;,&quot;focal_length&quot;:&quot;0&quot;,&quot;iso&quot;:&quot;0&quot;,&quot;shutter_speed&quot;:&quot;0&quot;,&quot;title&quot;:&quot;&quot;,&quot;orientation&quot;:&quot;0&quot;}\" data-image-title=\"Propeep realiza jornada social en La Cuaba y resalta el aporte de la mujer dominicana (2)\" data-image-description=\"\" data-medium-file=\"https:\/\/i0.wp.com\/nuevodiario-assets.s3.us-east-2.amazonaws.com\/wp-content\/uploads\/2026\/03\/Propeep-realiza-jornada-social-en-La-Cuaba-y-resalta-el-aporte-de-la-mujer-dominicana-2.jpeg?fit=400%2C267&amp;quality=100&amp;ssl=1\" data-large-file=\"https:\/\/i0.wp.com\/nuevodiario-assets.s3.us-east-2.amazonaws.com\/wp-content\/uploads\/2026\/03\/Propeep-realiza-jornada-social-en-La-Cuaba-y-resalta-el-aporte-de-la-mujer-dominicana-2.jpeg?fit=640%2C426&amp;quality=100&amp;ssl=1\" srcset=\"https:\/\/nuevodiario-assets.s3.us-east-2.amazonaws.com\/wp-content\/uploads\/2026\/03\/Propeep-realiza-jornada-social-en-La-Cuaba-y-resalta-el-aporte-de-la-mujer-dominicana-2.jpeg 1280w, https:\/\/nuevodiario-assets.s3.us-east-2.amazonaws.com\/wp-content\/uploads\/2026\/03\/Propeep-realiza-jornada-social-en-La-Cuaba-y-resalta-el-aporte-de-la-mujer-dominicana-2.jpeg 400w, https:\/\/nuevodiario-assets.s3.us-east-2.amazonaws.com\/wp-content\/uploads\/2026\/03\/Propeep-realiza-jornada-social-en-La-Cuaba-y-resalta-el-aporte-de-la-mujer-dominicana-2.jpeg 800w, https:\/\/nuevodiario-assets.s3.us-east-2.amazonaws.com\/wp-content\/uploads\/2026\/03\/Propeep-realiza-jornada-social-en-La-Cuaba-y-resalta-el-aporte-de-la-mujer-dominicana-2.jpeg 768w, https:\/\/nuevodiario-assets.s3.us-east-2.amazonaws.com\/wp-content\/uploads\/2026\/03\/Propeep-realiza-jornada-social-en-La-Cuaba-y-resalta-el-aporte-de-la-mujer-dominicana-2.jpeg 410w, https:\/\/nuevodiario-assets.s3.us-east-2.amazonaws.com\/wp-content\/uploads\/2026\/03\/Propeep-realiza-jornada-social-en-La-Cuaba-y-resalta-el-aporte-de-la-mujer-dominicana-2.jpeg 600w\" width=\"316\" height=\"211\" loading=\"lazy\" data-original-width=\"316\" data-original-height=\"211\" itemprop=\"http:\/\/schema.org\/image\" title=\"Propeep realiza jornada social en La Cuaba y resalta el aporte de la mujer dominicana (2)\" alt=\"Propeep realiza jornada social en La Cuaba y resalta el aporte de la mujer dominicana (2)\" style=\"width: 316px; height: 211px;\"\/> <\/a> <\/div>\n<\/p><\/div>\n<p> <!-- close group --> <\/div>\n<p> <!-- close row --> <\/div>\n<p data-start=\"1264\" data-end=\"1646\">El funcionario tambi\u00e9n invit\u00f3 a los residentes a aprovechar los servicios ofrecidos durante la jornada, entre ellos consultas odontol\u00f3gicas, entrega de medicamentos, vacunaci\u00f3n, orientaci\u00f3n comunitaria, afiliaci\u00f3n al <span class=\"hover:entity-accent entity-underline inline cursor-pointer align-baseline\"><span class=\"whitespace-normal\">Seguro Nacional de Salud<\/span><\/span>, inscripci\u00f3n para pensiones solidarias, capacitaciones t\u00e9cnicas y acompa\u00f1amiento en tr\u00e1mites para acceder a programas sociales.<\/p>\n<p data-start=\"1648\" data-end=\"2011\">Asimismo, durante la actividad se distribuyeron raciones alimenticias crudas y cocidas, kits proteicos, canastillas para embarazadas, dispositivos de apoyo para personas con discapacidad y se ofrecieron servicios de cortes de cabello para ni\u00f1os y adolescentes. Tambi\u00e9n se impartieron charlas de prevenci\u00f3n sobre el uso indebido de drogas y sustancias controladas.<\/p>\n<div class=\"tiled-gallery type-rectangular tiled-gallery-unresized\" data-original-width=\"640\" data-carousel-extra=\"null\" itemscope=\"\" itemtype=\"http:\/\/schema.org\/ImageGallery\">\n<div class=\"gallery-row\" style=\"width: 640px; height: 215px;\" data-original-width=\"640\" data-original-height=\"215\">\n<div class=\"gallery-group images-1\" style=\"width: 320px; height: 215px;\" data-original-width=\"320\" data-original-height=\"215\">\n<div class=\"tiled-gallery-item tiled-gallery-item-large\" itemprop=\"associatedMedia\" itemscope=\"\" itemtype=\"http:\/\/schema.org\/ImageObject\"> <a href=\"https:\/\/elnuevodiario.com.do\/propeep-realiza-jornada-social-en-la-cuaba-y-resalta-el-aporte-de-la-mujer-dominicana\/propeep-realiza-jornada-social-en-la-cuaba-y-resalta-el-aporte-de-la-mujer-dominicana-6\/\" border=\"0\" itemprop=\"url\"> <meta itemprop=\"width\" content=\"316\"\/> <meta itemprop=\"height\" content=\"211\"\/> <img decoding=\"async\" class=\"\" data-attachment-id=\"3041404\" src=\"https:\/\/nuevodiario-assets.s3.us-east-2.amazonaws.com\/wp-content\/uploads\/2026\/03\/Propeep-realiza-jornada-social-en-La-Cuaba-y-resalta-el-aporte-de-la-mujer-dominicana-6.jpeg\" data-orig-size=\"1280,853\" data-comments-opened=\"\" data-image-meta=\"{&quot;aperture&quot;:&quot;0&quot;,&quot;credit&quot;:&quot;&quot;,&quot;camera&quot;:&quot;&quot;,&quot;caption&quot;:&quot;&quot;,&quot;created_timestamp&quot;:&quot;0&quot;,&quot;copyright&quot;:&quot;&quot;,&quot;focal_length&quot;:&quot;0&quot;,&quot;iso&quot;:&quot;0&quot;,&quot;shutter_speed&quot;:&quot;0&quot;,&quot;title&quot;:&quot;&quot;,&quot;orientation&quot;:&quot;0&quot;}\" data-image-title=\"Propeep realiza jornada social en La Cuaba y resalta el aporte de la mujer dominicana (6)\" data-image-description=\"\" data-medium-file=\"https:\/\/i0.wp.com\/nuevodiario-assets.s3.us-east-2.amazonaws.com\/wp-content\/uploads\/2026\/03\/Propeep-realiza-jornada-social-en-La-Cuaba-y-resalta-el-aporte-de-la-mujer-dominicana-6.jpeg?fit=400%2C267&amp;quality=100&amp;ssl=1\" data-large-file=\"https:\/\/i0.wp.com\/nuevodiario-assets.s3.us-east-2.amazonaws.com\/wp-content\/uploads\/2026\/03\/Propeep-realiza-jornada-social-en-La-Cuaba-y-resalta-el-aporte-de-la-mujer-dominicana-6.jpeg?fit=640%2C426&amp;quality=100&amp;ssl=1\" srcset=\"https:\/\/nuevodiario-assets.s3.us-east-2.amazonaws.com\/wp-content\/uploads\/2026\/03\/Propeep-realiza-jornada-social-en-La-Cuaba-y-resalta-el-aporte-de-la-mujer-dominicana-6.jpeg 1280w, https:\/\/nuevodiario-assets.s3.us-east-2.amazonaws.com\/wp-content\/uploads\/2026\/03\/Propeep-realiza-jornada-social-en-La-Cuaba-y-resalta-el-aporte-de-la-mujer-dominicana-6.jpeg 400w, https:\/\/nuevodiario-assets.s3.us-east-2.amazonaws.com\/wp-content\/uploads\/2026\/03\/Propeep-realiza-jornada-social-en-La-Cuaba-y-resalta-el-aporte-de-la-mujer-dominicana-6.jpeg 800w, https:\/\/nuevodiario-assets.s3.us-east-2.amazonaws.com\/wp-content\/uploads\/2026\/03\/Propeep-realiza-jornada-social-en-La-Cuaba-y-resalta-el-aporte-de-la-mujer-dominicana-6.jpeg 768w, https:\/\/nuevodiario-assets.s3.us-east-2.amazonaws.com\/wp-content\/uploads\/2026\/03\/Propeep-realiza-jornada-social-en-La-Cuaba-y-resalta-el-aporte-de-la-mujer-dominicana-6.jpeg 410w, https:\/\/nuevodiario-assets.s3.us-east-2.amazonaws.com\/wp-content\/uploads\/2026\/03\/Propeep-realiza-jornada-social-en-La-Cuaba-y-resalta-el-aporte-de-la-mujer-dominicana-6.jpeg 600w\" width=\"316\" height=\"211\" loading=\"lazy\" data-original-width=\"316\" data-original-height=\"211\" itemprop=\"http:\/\/schema.org\/image\" title=\"Propeep realiza jornada social en La Cuaba y resalta el aporte de la mujer dominicana (6)\" alt=\"Propeep realiza jornada social en La Cuaba y resalta el aporte de la mujer dominicana (6)\" style=\"width: 316px; height: 211px;\"\/> <\/a> <\/div>\n<\/p><\/div>\n<p> <!-- close group --> <\/p>\n<div class=\"gallery-group images-1\" style=\"width: 320px; height: 215px;\" data-original-width=\"320\" data-original-height=\"215\">\n<div class=\"tiled-gallery-item tiled-gallery-item-large\" itemprop=\"associatedMedia\" itemscope=\"\" itemtype=\"http:\/\/schema.org\/ImageObject\"> <a href=\"https:\/\/elnuevodiario.com.do\/propeep-realiza-jornada-social-en-la-cuaba-y-resalta-el-aporte-de-la-mujer-dominicana\/propeep-realiza-jornada-social-en-la-cuaba-y-resalta-el-aporte-de-la-mujer-dominicana-7\/\" border=\"0\" itemprop=\"url\"> <meta itemprop=\"width\" content=\"316\"\/> <meta itemprop=\"height\" content=\"211\"\/> <img decoding=\"async\" class=\"\" data-attachment-id=\"3041405\" src=\"https:\/\/nuevodiario-assets.s3.us-east-2.amazonaws.com\/wp-content\/uploads\/2026\/03\/Propeep-realiza-jornada-social-en-La-Cuaba-y-resalta-el-aporte-de-la-mujer-dominicana-7.jpeg\" data-orig-size=\"1280,853\" data-comments-opened=\"\" data-image-meta=\"{&quot;aperture&quot;:&quot;0&quot;,&quot;credit&quot;:&quot;&quot;,&quot;camera&quot;:&quot;&quot;,&quot;caption&quot;:&quot;&quot;,&quot;created_timestamp&quot;:&quot;0&quot;,&quot;copyright&quot;:&quot;&quot;,&quot;focal_length&quot;:&quot;0&quot;,&quot;iso&quot;:&quot;0&quot;,&quot;shutter_speed&quot;:&quot;0&quot;,&quot;title&quot;:&quot;&quot;,&quot;orientation&quot;:&quot;0&quot;}\" data-image-title=\"Propeep realiza jornada social en La Cuaba y resalta el aporte de la mujer dominicana (7)\" data-image-description=\"\" data-medium-file=\"https:\/\/i0.wp.com\/nuevodiario-assets.s3.us-east-2.amazonaws.com\/wp-content\/uploads\/2026\/03\/Propeep-realiza-jornada-social-en-La-Cuaba-y-resalta-el-aporte-de-la-mujer-dominicana-7.jpeg?fit=400%2C267&amp;quality=100&amp;ssl=1\" data-large-file=\"https:\/\/i0.wp.com\/nuevodiario-assets.s3.us-east-2.amazonaws.com\/wp-content\/uploads\/2026\/03\/Propeep-realiza-jornada-social-en-La-Cuaba-y-resalta-el-aporte-de-la-mujer-dominicana-7.jpeg?fit=640%2C426&amp;quality=100&amp;ssl=1\" srcset=\"https:\/\/nuevodiario-assets.s3.us-east-2.amazonaws.com\/wp-content\/uploads\/2026\/03\/Propeep-realiza-jornada-social-en-La-Cuaba-y-resalta-el-aporte-de-la-mujer-dominicana-7.jpeg 1280w, https:\/\/nuevodiario-assets.s3.us-east-2.amazonaws.com\/wp-content\/uploads\/2026\/03\/Propeep-realiza-jornada-social-en-La-Cuaba-y-resalta-el-aporte-de-la-mujer-dominicana-7.jpeg 400w, https:\/\/nuevodiario-assets.s3.us-east-2.amazonaws.com\/wp-content\/uploads\/2026\/03\/Propeep-realiza-jornada-social-en-La-Cuaba-y-resalta-el-aporte-de-la-mujer-dominicana-7.jpeg 800w, https:\/\/nuevodiario-assets.s3.us-east-2.amazonaws.com\/wp-content\/uploads\/2026\/03\/Propeep-realiza-jornada-social-en-La-Cuaba-y-resalta-el-aporte-de-la-mujer-dominicana-7.jpeg 768w, https:\/\/nuevodiario-assets.s3.us-east-2.amazonaws.com\/wp-content\/uploads\/2026\/03\/Propeep-realiza-jornada-social-en-La-Cuaba-y-resalta-el-aporte-de-la-mujer-dominicana-7.jpeg 410w, https:\/\/nuevodiario-assets.s3.us-east-2.amazonaws.com\/wp-content\/uploads\/2026\/03\/Propeep-realiza-jornada-social-en-La-Cuaba-y-resalta-el-aporte-de-la-mujer-dominicana-7.jpeg 600w\" width=\"316\" height=\"211\" loading=\"lazy\" data-original-width=\"316\" data-original-height=\"211\" itemprop=\"http:\/\/schema.org\/image\" title=\"Propeep realiza jornada social en La Cuaba y resalta el aporte de la mujer dominicana (7)\" alt=\"Propeep realiza jornada social en La Cuaba y resalta el aporte de la mujer dominicana (7)\" style=\"width: 316px; height: 211px;\"\/> <\/a> <\/div>\n<\/p><\/div>\n<p> <!-- close group --> <\/div>\n<p> <!-- close row --> <\/div>\n<p data-start=\"2013\" data-end=\"2249\">El alcalde del distrito municipal de La Cuaba, <span class=\"hover:entity-accent entity-underline inline cursor-pointer align-baseline\"><span class=\"whitespace-normal\">Carlos Monta\u00f1o<\/span><\/span>, valor\u00f3 la realizaci\u00f3n de la jornada y se\u00f1al\u00f3 que permite a los residentes acceder a los servicios que ofrecen distintas instituciones gubernamentales.<\/p>\n<p data-start=\"2251\" data-end=\"2522\" data-is-last-node=\"\" data-is-only-node=\"\">Tras el acto de apertura, Polanco realiz\u00f3 un recorrido de supervisi\u00f3n por las diferentes \u00e1reas de atenci\u00f3n acompa\u00f1ado por <span class=\"hover:entity-accent entity-underline inline cursor-pointer align-baseline\"><span class=\"whitespace-normal\">Rudy Pacheco<\/span><\/span>, del <span class=\"hover:entity-accent entity-underline inline cursor-pointer align-baseline\"><span class=\"whitespace-normal\">Instituto de Auxilios y Viviendas<\/span><\/span>, y <span class=\"hover:entity-accent entity-underline inline cursor-pointer align-baseline\"><span class=\"whitespace-normal\">H\u00e9ctor Luis Batista<\/span><\/span>, entre otras autoridades.<\/p>\n<p><h3 class=\"jp-relatedposts-headline\"><em>Relacionado<\/em><\/h3>\n<\/p>\n<p>\t\t\t\t\t\t<!-- .entry-footer --><br \/>\n\t\t\t\t\t\t<!-- \n\n<div data-type=\"_mgwidget\" data-widget-id=\"1743501\"><\/div>\n\n  -->\n\t\t\t\t\t<\/div>\n","protected":false},"excerpt":{"rendered":"<p>Director de Propeep, Robert Polanco. (Fuente externa) Leer resumen de la noticia (IA) CLICK AQU\u00cd Analizando noticia&#8230; por favor espera. EL NUEVO DIARIO, SANTO DOMINGO.\u2013 La Direcci\u00f3n de Proyectos Estrat\u00e9gicos y Especiales de la Presidencia realiz\u00f3 este domingo una jornada de inclusi\u00f3n social en el distrito municipal de La Cuaba, en el marco de la<\/p>\n","protected":false},"author":1,"featured_media":26256,"comment_status":"open","ping_status":"open","sticky":false,"template":"","format":"standard","meta":{"footnotes":""},"categories":[1],"tags":[],"class_list":["post-26255","post","type-post","status-publish","format-standard","has-post-thumbnail","hentry","category-nacionales"],"_links":{"self":[{"href":"https:\/\/acronoticias.com\/index.php\/wp-json\/wp\/v2\/posts\/26255","targetHints":{"allow":["GET"]}}],"collection":[{"href":"https:\/\/acronoticias.com\/index.php\/wp-json\/wp\/v2\/posts"}],"about":[{"href":"https:\/\/acronoticias.com\/index.php\/wp-json\/wp\/v2\/types\/post"}],"author":[{"embeddable":true,"href":"https:\/\/acronoticias.com\/index.php\/wp-json\/wp\/v2\/users\/1"}],"replies":[{"embeddable":true,"href":"https:\/\/acronoticias.com\/index.php\/wp-json\/wp\/v2\/comments?post=26255"}],"version-history":[{"count":0,"href":"https:\/\/acronoticias.com\/index.php\/wp-json\/wp\/v2\/posts\/26255\/revisions"}],"wp:featuredmedia":[{"embeddable":true,"href":"https:\/\/acronoticias.com\/index.php\/wp-json\/wp\/v2\/media\/26256"}],"wp:attachment":[{"href":"https:\/\/acronoticias.com\/index.php\/wp-json\/wp\/v2\/media?parent=26255"}],"wp:term":[{"taxonomy":"category","embeddable":true,"href":"https:\/\/acronoticias.com\/index.php\/wp-json\/wp\/v2\/categories?post=26255"},{"taxonomy":"post_tag","embeddable":true,"href":"https:\/\/acronoticias.com\/index.php\/wp-json\/wp\/v2\/tags?post=26255"}],"curies":[{"name":"wp","href":"https:\/\/api.w.org\/{rel}","templated":true}]}}