{"id":26253,"date":"2026-03-08T19:09:50","date_gmt":"2026-03-08T19:09:50","guid":{"rendered":"https:\/\/acronoticias.com\/index.php\/2026\/03\/08\/gobierno-inaugura-escuela-primaria-que-beneficiara-a-mas-de-800-estudiantes-en-los-guandules-el-nuevo-diario-republica-dominicana\/"},"modified":"2026-03-08T19:09:50","modified_gmt":"2026-03-08T19:09:50","slug":"gobierno-inaugura-escuela-primaria-que-beneficiara-a-mas-de-800-estudiantes-en-los-guandules-el-nuevo-diario-republica-dominicana","status":"publish","type":"post","link":"https:\/\/acronoticias.com\/index.php\/2026\/03\/08\/gobierno-inaugura-escuela-primaria-que-beneficiara-a-mas-de-800-estudiantes-en-los-guandules-el-nuevo-diario-republica-dominicana\/","title":{"rendered":"Gobierno inaugura escuela primaria que beneficiar\u00e1 a m\u00e1s de 800 estudiantes en Los Guandules \u2013 El Nuevo Diario (Rep\u00fablica Dominicana)"},"content":{"rendered":"<p><i class=\"bi bi-camera-fill\" style=\"font-size:18px; color:var(--rojo)\"\/> Acto de inauguraci\u00f3n de la escuela. (Foto: Presidencia RD)<\/p>\n<div>\n<div id=\"gemini-summary-wrapper\" class=\"mb-3\">\n                <button id=\"btn-get-summary\" class=\"gemini-btn\" data-post-id=\"3041368\" data-post-title=\"Gobierno inaugura escuela primaria que beneficiar\u00e1 a m\u00e1s de 800 estudiantes en Los Guandules\"><br \/>\n                    Leer resumen <b class=\"d-none d-md-inline\">de la noticia<\/b> (IA) <span>CLICK AQU\u00cd<\/span><br \/>\n                <\/button><\/p>\n<div id=\"gemini-loading\" class=\"mb-3\">\n<p>                    <span>Analizando noticia&#8230; por favor espera.<\/span>\n                <\/div>\n<\/p><\/div>\n<p>EL NUEVO DIRIO, SANTO DOMINGO. \u2013\u00a0El presidente <span class=\"hover:entity-accent entity-underline inline cursor-pointer align-baseline\"><span class=\"whitespace-normal\">Luis Abinader<\/span><\/span> inaugur\u00f3 este domingo la Escuela B\u00e1sica San Rafael (Fe y Alegr\u00eda), ubicada en el sector Los Guandules, en Domingo Savio, una moderna infraestructura educativa que beneficiar\u00e1 directamente a 810 estudiantes del nivel b\u00e1sico.<\/p>\n<p data-start=\"592\" data-end=\"788\">El mandatario encabez\u00f3 el acto junto al ministro de Educaci\u00f3n, <span class=\"hover:entity-accent entity-underline inline cursor-pointer align-baseline\"><span class=\"whitespace-normal\">Luis Miguel De Camps<\/span><\/span>, en medio del entusiasmo de decenas de estudiantes y comunitarios que acudieron a la actividad.<\/p>\n<p data-start=\"790\" data-end=\"995\">La nueva infraestructura responde a la visi\u00f3n de fortalecer el sistema educativo nacional, dignificando los espacios de aprendizaje y ampliando el acceso a la educaci\u00f3n en comunidades vulnerables del pa\u00eds.<\/p>\n<p data-start=\"790\" data-end=\"995\">\u00a0<img loading=\"lazy\" data-recalc-dims=\"1\" data-dominant-color=\"a2a3a6\" data-has-transparency=\"false\" style=\"--dominant-color: #a2a3a6;\" decoding=\"async\" class=\"alignnone size-full wp-image-3041377 not-transparent\" src=\"https:\/\/i0.wp.com\/nuevodiario-assets.s3.us-east-2.amazonaws.com\/wp-content\/uploads\/2026\/03\/Gobierno-inaugura-escuela-primaria-que-beneficiara-a-mas-de-800-estudiantes-en-Los-Guandules-2.jpeg?resize=640%2C427&amp;quality=100&amp;ssl=1\" alt=\"\" width=\"640\" height=\"427\" srcset=\"https:\/\/nuevodiario-assets.s3.us-east-2.amazonaws.com\/wp-content\/uploads\/2026\/03\/Gobierno-inaugura-escuela-primaria-que-beneficiara-a-mas-de-800-estudiantes-en-Los-Guandules-2.jpeg 1280w, https:\/\/nuevodiario-assets.s3.us-east-2.amazonaws.com\/wp-content\/uploads\/2026\/03\/Gobierno-inaugura-escuela-primaria-que-beneficiara-a-mas-de-800-estudiantes-en-Los-Guandules-2.jpeg 400w, https:\/\/nuevodiario-assets.s3.us-east-2.amazonaws.com\/wp-content\/uploads\/2026\/03\/Gobierno-inaugura-escuela-primaria-que-beneficiara-a-mas-de-800-estudiantes-en-Los-Guandules-2.jpeg 800w, https:\/\/nuevodiario-assets.s3.us-east-2.amazonaws.com\/wp-content\/uploads\/2026\/03\/Gobierno-inaugura-escuela-primaria-que-beneficiara-a-mas-de-800-estudiantes-en-Los-Guandules-2.jpeg 768w, https:\/\/nuevodiario-assets.s3.us-east-2.amazonaws.com\/wp-content\/uploads\/2026\/03\/Gobierno-inaugura-escuela-primaria-que-beneficiara-a-mas-de-800-estudiantes-en-Los-Guandules-2.jpeg 410w, https:\/\/nuevodiario-assets.s3.us-east-2.amazonaws.com\/wp-content\/uploads\/2026\/03\/Gobierno-inaugura-escuela-primaria-que-beneficiara-a-mas-de-800-estudiantes-en-Los-Guandules-2.jpeg 600w\" sizes=\"auto, (max-width: 640px) 100vw, 640px\"\/> \u00a0\u201cCada escuela que se levanta es una puerta que se abre hacia el conocimiento, la dignidad y el futuro que comienza a construirse en el presente\u201d, expres\u00f3 De Camps durante la actividad.<\/p>\n<p data-start=\"1187\" data-end=\"1316\">El funcionario agreg\u00f3 que el objetivo es \u201cpreparar a nuestros estudiantes para los desaf\u00edos de un mundo que cambia cada d\u00eda\u201d.<\/p>\n<p data-start=\"1318\" data-end=\"1516\">En ese sentido, exhort\u00f3 a los maestros y maestras a convertir las aulas en espacios donde se despierte la curiosidad, se cultive el pensamiento cr\u00edtico y cada estudiante descubra de lo que es capaz.<\/p>\n<p data-start=\"1318\" data-end=\"1516\"><img data-recalc-dims=\"1\" data-dominant-color=\"bcc0b2\" data-has-transparency=\"false\" style=\"--dominant-color: #bcc0b2;\" loading=\"lazy\" decoding=\"async\" class=\"alignnone size-full wp-image-3041376 not-transparent\" src=\"https:\/\/i0.wp.com\/nuevodiario-assets.s3.us-east-2.amazonaws.com\/wp-content\/uploads\/2026\/03\/Gobierno-inaugura-escuela-primaria-que-beneficiara-a-mas-de-800-estudiantes-en-Los-Guandules-1.jpeg?resize=640%2C427&amp;quality=100&amp;ssl=1\" alt=\"\" width=\"640\" height=\"427\" srcset=\"https:\/\/nuevodiario-assets.s3.us-east-2.amazonaws.com\/wp-content\/uploads\/2026\/03\/Gobierno-inaugura-escuela-primaria-que-beneficiara-a-mas-de-800-estudiantes-en-Los-Guandules-1.jpeg 1280w, https:\/\/nuevodiario-assets.s3.us-east-2.amazonaws.com\/wp-content\/uploads\/2026\/03\/Gobierno-inaugura-escuela-primaria-que-beneficiara-a-mas-de-800-estudiantes-en-Los-Guandules-1.jpeg 400w, https:\/\/nuevodiario-assets.s3.us-east-2.amazonaws.com\/wp-content\/uploads\/2026\/03\/Gobierno-inaugura-escuela-primaria-que-beneficiara-a-mas-de-800-estudiantes-en-Los-Guandules-1.jpeg 800w, https:\/\/nuevodiario-assets.s3.us-east-2.amazonaws.com\/wp-content\/uploads\/2026\/03\/Gobierno-inaugura-escuela-primaria-que-beneficiara-a-mas-de-800-estudiantes-en-Los-Guandules-1.jpeg 768w, https:\/\/nuevodiario-assets.s3.us-east-2.amazonaws.com\/wp-content\/uploads\/2026\/03\/Gobierno-inaugura-escuela-primaria-que-beneficiara-a-mas-de-800-estudiantes-en-Los-Guandules-1.jpeg 410w, https:\/\/nuevodiario-assets.s3.us-east-2.amazonaws.com\/wp-content\/uploads\/2026\/03\/Gobierno-inaugura-escuela-primaria-que-beneficiara-a-mas-de-800-estudiantes-en-Los-Guandules-1.jpeg 600w\" sizes=\"auto, (max-width: 640px) 100vw, 640px\"\/><\/p>\n<p data-start=\"1518\" data-end=\"1932\">Durante el acto, la estudiante Yaslin Peralta Ger\u00f3nimo expres\u00f3 con entusiasmo que \u201cdesde estas aulas saldr\u00e1n doctores, maestros, ingenieros, artistas y hasta quiz\u00e1s un futuro presidente de la Rep\u00fablica. Se\u00f1or presidente y autoridades, les prometemos que como comunidad cuidaremos esta escuela tan so\u00f1ada y esperada y aprovecharemos cada ense\u00f1anza para demostrar que invertir en educaci\u00f3n siempre vale la pena\u201d.<\/p>\n<p data-start=\"1518\" data-end=\"1932\"><img data-recalc-dims=\"1\" data-dominant-color=\"726463\" data-has-transparency=\"false\" style=\"--dominant-color: #726463;\" loading=\"lazy\" decoding=\"async\" class=\"alignnone size-full wp-image-3041378 not-transparent\" src=\"https:\/\/i0.wp.com\/nuevodiario-assets.s3.us-east-2.amazonaws.com\/wp-content\/uploads\/2026\/03\/Gobierno-inaugura-escuela-primaria-que-beneficiara-a-mas-de-800-estudiantes-en-Los-Guandules-3.jpeg?resize=640%2C427&amp;quality=100&amp;ssl=1\" alt=\"\" width=\"640\" height=\"427\" srcset=\"https:\/\/nuevodiario-assets.s3.us-east-2.amazonaws.com\/wp-content\/uploads\/2026\/03\/Gobierno-inaugura-escuela-primaria-que-beneficiara-a-mas-de-800-estudiantes-en-Los-Guandules-3.jpeg 1280w, https:\/\/nuevodiario-assets.s3.us-east-2.amazonaws.com\/wp-content\/uploads\/2026\/03\/Gobierno-inaugura-escuela-primaria-que-beneficiara-a-mas-de-800-estudiantes-en-Los-Guandules-3.jpeg 400w, https:\/\/nuevodiario-assets.s3.us-east-2.amazonaws.com\/wp-content\/uploads\/2026\/03\/Gobierno-inaugura-escuela-primaria-que-beneficiara-a-mas-de-800-estudiantes-en-Los-Guandules-3.jpeg 800w, https:\/\/nuevodiario-assets.s3.us-east-2.amazonaws.com\/wp-content\/uploads\/2026\/03\/Gobierno-inaugura-escuela-primaria-que-beneficiara-a-mas-de-800-estudiantes-en-Los-Guandules-3.jpeg 768w, https:\/\/nuevodiario-assets.s3.us-east-2.amazonaws.com\/wp-content\/uploads\/2026\/03\/Gobierno-inaugura-escuela-primaria-que-beneficiara-a-mas-de-800-estudiantes-en-Los-Guandules-3.jpeg 410w, https:\/\/nuevodiario-assets.s3.us-east-2.amazonaws.com\/wp-content\/uploads\/2026\/03\/Gobierno-inaugura-escuela-primaria-que-beneficiara-a-mas-de-800-estudiantes-en-Los-Guandules-3.jpeg 600w\" sizes=\"auto, (max-width: 640px) 100vw, 640px\"\/><\/p>\n<p data-start=\"1934\" data-end=\"2194\">De pie frente al presidente <span class=\"hover:entity-accent entity-underline inline cursor-pointer align-baseline\"><span class=\"whitespace-normal\">Luis Abinader<\/span><\/span>, la estudiante agradeci\u00f3 en nombre de sus compa\u00f1eros el apoyo a la educaci\u00f3n de los ni\u00f1os y ni\u00f1as de la Rep\u00fablica Dominicana, asegurando que su presencia les demuestra que sus sue\u00f1os s\u00ed cuentan.<\/p>\n<p data-start=\"2196\" data-end=\"2367\">El plantel cuenta con 27 aulas, dos de ellas destinadas a educaci\u00f3n especial, adem\u00e1s de laboratorios, cancha deportiva, \u00e1reas verdes, juegos infantiles y una plaza c\u00edvica.<\/p>\n<p data-start=\"2196\" data-end=\"2367\"><img data-recalc-dims=\"1\" data-dominant-color=\"a09d94\" data-has-transparency=\"false\" style=\"--dominant-color: #a09d94;\" loading=\"lazy\" decoding=\"async\" class=\"alignnone size-full wp-image-3041379 not-transparent\" src=\"https:\/\/i0.wp.com\/nuevodiario-assets.s3.us-east-2.amazonaws.com\/wp-content\/uploads\/2026\/03\/Gobierno-inaugura-escuela-primaria-que-beneficiara-a-mas-de-800-estudiantes-en-Los-Guandules-4.jpeg?resize=640%2C427&amp;quality=100&amp;ssl=1\" alt=\"\" width=\"640\" height=\"427\" srcset=\"https:\/\/nuevodiario-assets.s3.us-east-2.amazonaws.com\/wp-content\/uploads\/2026\/03\/Gobierno-inaugura-escuela-primaria-que-beneficiara-a-mas-de-800-estudiantes-en-Los-Guandules-4.jpeg 1280w, https:\/\/nuevodiario-assets.s3.us-east-2.amazonaws.com\/wp-content\/uploads\/2026\/03\/Gobierno-inaugura-escuela-primaria-que-beneficiara-a-mas-de-800-estudiantes-en-Los-Guandules-4.jpeg 400w, https:\/\/nuevodiario-assets.s3.us-east-2.amazonaws.com\/wp-content\/uploads\/2026\/03\/Gobierno-inaugura-escuela-primaria-que-beneficiara-a-mas-de-800-estudiantes-en-Los-Guandules-4.jpeg 800w, https:\/\/nuevodiario-assets.s3.us-east-2.amazonaws.com\/wp-content\/uploads\/2026\/03\/Gobierno-inaugura-escuela-primaria-que-beneficiara-a-mas-de-800-estudiantes-en-Los-Guandules-4.jpeg 768w, https:\/\/nuevodiario-assets.s3.us-east-2.amazonaws.com\/wp-content\/uploads\/2026\/03\/Gobierno-inaugura-escuela-primaria-que-beneficiara-a-mas-de-800-estudiantes-en-Los-Guandules-4.jpeg 410w, https:\/\/nuevodiario-assets.s3.us-east-2.amazonaws.com\/wp-content\/uploads\/2026\/03\/Gobierno-inaugura-escuela-primaria-que-beneficiara-a-mas-de-800-estudiantes-en-Los-Guandules-4.jpeg 600w\" sizes=\"auto, (max-width: 640px) 100vw, 640px\"\/><\/p>\n<p data-start=\"2369\" data-end=\"2543\">Asimismo, el p\u00e1rroco <span class=\"hover:entity-accent entity-underline inline cursor-pointer align-baseline\"><span class=\"whitespace-normal\">Francisco Coste<\/span><\/span> agradeci\u00f3 a las autoridades por atender las necesidades de las comunidades y hacer realidad este tipo de proyectos.<\/p>\n<p><h3 class=\"jp-relatedposts-headline\"><em>Relacionado<\/em><\/h3>\n<\/p>\n<p>\t\t\t\t\t\t<!-- .entry-footer --><br \/>\n\t\t\t\t\t\t<!-- \n\n<div data-type=\"_mgwidget\" data-widget-id=\"1743501\"><\/div>\n\n  -->\n\t\t\t\t\t<\/div>\n","protected":false},"excerpt":{"rendered":"<p>Acto de inauguraci\u00f3n de la escuela. (Foto: Presidencia RD) Leer resumen de la noticia (IA) CLICK AQU\u00cd Analizando noticia&#8230; por favor espera. EL NUEVO DIRIO, SANTO DOMINGO. \u2013\u00a0El presidente Luis Abinader inaugur\u00f3 este domingo la Escuela B\u00e1sica San Rafael (Fe y Alegr\u00eda), ubicada en el sector Los Guandules, en Domingo Savio, una moderna infraestructura educativa<\/p>\n","protected":false},"author":1,"featured_media":26254,"comment_status":"open","ping_status":"open","sticky":false,"template":"","format":"standard","meta":{"footnotes":""},"categories":[1],"tags":[],"class_list":["post-26253","post","type-post","status-publish","format-standard","has-post-thumbnail","hentry","category-nacionales"],"_links":{"self":[{"href":"https:\/\/acronoticias.com\/index.php\/wp-json\/wp\/v2\/posts\/26253","targetHints":{"allow":["GET"]}}],"collection":[{"href":"https:\/\/acronoticias.com\/index.php\/wp-json\/wp\/v2\/posts"}],"about":[{"href":"https:\/\/acronoticias.com\/index.php\/wp-json\/wp\/v2\/types\/post"}],"author":[{"embeddable":true,"href":"https:\/\/acronoticias.com\/index.php\/wp-json\/wp\/v2\/users\/1"}],"replies":[{"embeddable":true,"href":"https:\/\/acronoticias.com\/index.php\/wp-json\/wp\/v2\/comments?post=26253"}],"version-history":[{"count":0,"href":"https:\/\/acronoticias.com\/index.php\/wp-json\/wp\/v2\/posts\/26253\/revisions"}],"wp:featuredmedia":[{"embeddable":true,"href":"https:\/\/acronoticias.com\/index.php\/wp-json\/wp\/v2\/media\/26254"}],"wp:attachment":[{"href":"https:\/\/acronoticias.com\/index.php\/wp-json\/wp\/v2\/media?parent=26253"}],"wp:term":[{"taxonomy":"category","embeddable":true,"href":"https:\/\/acronoticias.com\/index.php\/wp-json\/wp\/v2\/categories?post=26253"},{"taxonomy":"post_tag","embeddable":true,"href":"https:\/\/acronoticias.com\/index.php\/wp-json\/wp\/v2\/tags?post=26253"}],"curies":[{"name":"wp","href":"https:\/\/api.w.org\/{rel}","templated":true}]}}