{"id":26237,"date":"2026-03-08T17:33:03","date_gmt":"2026-03-08T17:33:03","guid":{"rendered":"https:\/\/acronoticias.com\/index.php\/2026\/03\/08\/erik-gonzalez-asegura-que-no-esperaba-el-llamado-al-clasico-pero-estaba-listo-el-nuevo-diario-republica-dominicana\/"},"modified":"2026-03-08T17:33:03","modified_gmt":"2026-03-08T17:33:03","slug":"erik-gonzalez-asegura-que-no-esperaba-el-llamado-al-clasico-pero-estaba-listo-el-nuevo-diario-republica-dominicana","status":"publish","type":"post","link":"https:\/\/acronoticias.com\/index.php\/2026\/03\/08\/erik-gonzalez-asegura-que-no-esperaba-el-llamado-al-clasico-pero-estaba-listo-el-nuevo-diario-republica-dominicana\/","title":{"rendered":"Erik Gonz\u00e1lez asegura que no esperaba el llamado al Cl\u00e1sico, pero estaba listo \u2013 El Nuevo Diario (Rep\u00fablica Dominicana)"},"content":{"rendered":"<p><i class=\"bi bi-camera-fill\" style=\"font-size:18px; color:var(--rojo)\"\/> Erik Gonz\u00e1lez.<\/p>\n<div>\n<div id=\"gemini-summary-wrapper\" class=\"mb-3\">\n                <button id=\"btn-get-summary\" class=\"gemini-btn\" data-post-id=\"3041112\" data-post-title=\"Erik Gonz\u00e1lez asegura que no esperaba el llamado al Cl\u00e1sico, pero estaba listo\"><br \/>\n                    Leer resumen <b class=\"d-none d-md-inline\">de la noticia<\/b> (IA) <span>CLICK AQU\u00cd<\/span><br \/>\n                <\/button><\/p>\n<div id=\"gemini-loading\" class=\"mb-3\">\n<p>                    <span>Analizando noticia&#8230; por favor espera.<\/span>\n                <\/div>\n<\/p><\/div>\n<p>EL NUEVO DIARIO, MIAMI.- El infielder dominicano Erik Gonz\u00e1lez expres\u00f3 su emoci\u00f3n este domingo tras integrarse al equipo de Rep\u00fablica Dominicana que participa en el Cl\u00e1sico Mundial de B\u00e9isbol 2026, se\u00f1alando que no esperaba la oportunidad, pero que siempre se mantuvo preparado.<\/p>\n<p>\u201cNo lo estaba esperando, pero siempre hemos estado preparados para la oportunidad y eso es lo que valoramos en realidad\u201d, afirm\u00f3 el jugador.<\/p>\n<p>Gonz\u00e1lez indic\u00f3 que representar al pa\u00eds en el torneo es motivo de orgullo y asegur\u00f3 que buscar\u00e1 aportar lo mejor de s\u00ed dentro del terreno.<\/p>\n<p>\u201cSentir tener el nombre de tu pa\u00eds en el pecho yo creo que marca un orgullo y tratar de dar lo mejor, que eso es lo que sabemos hacer\u201d, expres\u00f3.<\/p>\n<p>El pelotero tambi\u00e9n relat\u00f3 que se sinti\u00f3 sorprendido y emocionado cuando recibi\u00f3 la llamada para integrarse al conjunto dominicano.<\/p>\n<p>\u201cSumamente emocionado y content\u00edsimo en realidad, porque creo que este es el m\u00e1s alto nivel que un pelotero puede llegar\u201d, coment\u00f3.<\/p>\n<p>Asimismo, confes\u00f3 que nunca imagin\u00f3 que llegar\u00eda a disputar el torneo internacional debido al gran talento que existe en el b\u00e9isbol dominicano.<\/p>\n<p>\u201cNunca pens\u00e9 que iba a estar en un Cl\u00e1sico Mundial\u2026 t\u00fa sabes la cantidad de talento que tiene el pa\u00eds de nosotros\u201d, se\u00f1al\u00f3.<\/p>\n<p>Gonz\u00e1lez tambi\u00e9n destac\u00f3 la relaci\u00f3n que mantiene con el dirigente del equipo, Albert Pujols, a quien calific\u00f3 como una figura importante en su carrera.<\/p>\n<p>\u201cSiempre he tenido buena comunicaci\u00f3n con \u00e9l\u2026 fue mi pelotero favorito\u201d, afirm\u00f3.<\/p>\n<p>Finalmente, el jugador describi\u00f3 su presencia en el torneo como un momento especial dentro de su trayectoria profesional.<\/p>\n<p>\u201cEsto va a ser inolvidable\u2026 estar aqu\u00ed con demasiado talento y tantas estrellas\u201d, concluy\u00f3.<\/p>\n<p><h3 class=\"jp-relatedposts-headline\"><em>Relacionado<\/em><\/h3>\n<\/p>\n<p>\t\t\t\t\t\t<!-- .entry-footer --><br \/>\n\t\t\t\t\t\t<!-- \n\n<div data-type=\"_mgwidget\" data-widget-id=\"1743501\"><\/div>\n\n  -->\n\t\t\t\t\t<\/div>\n","protected":false},"excerpt":{"rendered":"<p>Erik Gonz\u00e1lez. Leer resumen de la noticia (IA) CLICK AQU\u00cd Analizando noticia&#8230; por favor espera. EL NUEVO DIARIO, MIAMI.- El infielder dominicano Erik Gonz\u00e1lez expres\u00f3 su emoci\u00f3n este domingo tras integrarse al equipo de Rep\u00fablica Dominicana que participa en el Cl\u00e1sico Mundial de B\u00e9isbol 2026, se\u00f1alando que no esperaba la oportunidad, pero que siempre se<\/p>\n","protected":false},"author":1,"featured_media":26238,"comment_status":"open","ping_status":"open","sticky":false,"template":"","format":"standard","meta":{"footnotes":""},"categories":[2],"tags":[],"class_list":["post-26237","post","type-post","status-publish","format-standard","has-post-thumbnail","hentry","category-deporte"],"_links":{"self":[{"href":"https:\/\/acronoticias.com\/index.php\/wp-json\/wp\/v2\/posts\/26237","targetHints":{"allow":["GET"]}}],"collection":[{"href":"https:\/\/acronoticias.com\/index.php\/wp-json\/wp\/v2\/posts"}],"about":[{"href":"https:\/\/acronoticias.com\/index.php\/wp-json\/wp\/v2\/types\/post"}],"author":[{"embeddable":true,"href":"https:\/\/acronoticias.com\/index.php\/wp-json\/wp\/v2\/users\/1"}],"replies":[{"embeddable":true,"href":"https:\/\/acronoticias.com\/index.php\/wp-json\/wp\/v2\/comments?post=26237"}],"version-history":[{"count":0,"href":"https:\/\/acronoticias.com\/index.php\/wp-json\/wp\/v2\/posts\/26237\/revisions"}],"wp:featuredmedia":[{"embeddable":true,"href":"https:\/\/acronoticias.com\/index.php\/wp-json\/wp\/v2\/media\/26238"}],"wp:attachment":[{"href":"https:\/\/acronoticias.com\/index.php\/wp-json\/wp\/v2\/media?parent=26237"}],"wp:term":[{"taxonomy":"category","embeddable":true,"href":"https:\/\/acronoticias.com\/index.php\/wp-json\/wp\/v2\/categories?post=26237"},{"taxonomy":"post_tag","embeddable":true,"href":"https:\/\/acronoticias.com\/index.php\/wp-json\/wp\/v2\/tags?post=26237"}],"curies":[{"name":"wp","href":"https:\/\/api.w.org\/{rel}","templated":true}]}}