{"id":26235,"date":"2026-03-08T17:27:59","date_gmt":"2026-03-08T17:27:59","guid":{"rendered":"https:\/\/acronoticias.com\/index.php\/2026\/03\/08\/con-flores-velas-y-oraciones-recuerdan-a-victimas-del-jet-set-a-11-meses-de-la-tragedia-el-nuevo-diario-republica-dominicana\/"},"modified":"2026-03-08T17:27:59","modified_gmt":"2026-03-08T17:27:59","slug":"con-flores-velas-y-oraciones-recuerdan-a-victimas-del-jet-set-a-11-meses-de-la-tragedia-el-nuevo-diario-republica-dominicana","status":"publish","type":"post","link":"https:\/\/acronoticias.com\/index.php\/2026\/03\/08\/con-flores-velas-y-oraciones-recuerdan-a-victimas-del-jet-set-a-11-meses-de-la-tragedia-el-nuevo-diario-republica-dominicana\/","title":{"rendered":"Con flores, velas y oraciones, recuerdan a v\u00edctimas del Jet Set a 11 meses de la tragedia \u2013 El Nuevo Diario (Rep\u00fablica Dominicana)"},"content":{"rendered":"<p><i class=\"bi bi-camera-fill\" style=\"font-size:18px; color:var(--rojo)\"\/> Entre los presentes estuvieron Melba Segura de Grull\u00f3n y Arelis Cruz de Estrella, madres de Alexandra Grull\u00f3n Segura y Eduardo Guarionex Estrella, respectivamente, la pareja que perdi\u00f3 la vida en la tragedia. (Foto: F\u00e9lix Lara\/El Nuevo Diario)<\/p>\n<div>\n<div id=\"gemini-summary-wrapper\" class=\"mb-3\">\n                <button id=\"btn-get-summary\" class=\"gemini-btn\" data-post-id=\"3041178\" data-post-title=\"Con flores, velas y oraciones, recuerdan a v\u00edctimas del Jet Set a 11 meses de la tragedia\"><br \/>\n                    Leer resumen <b class=\"d-none d-md-inline\">de la noticia<\/b> (IA) <span>CLICK AQU\u00cd<\/span><br \/>\n                <\/button><\/p>\n<div id=\"gemini-loading\" class=\"mb-3\">\n<p>                    <span>Analizando noticia&#8230; por favor espera.<\/span>\n                <\/div>\n<\/p><\/div>\n<p>EL NUEVO DIARIO, SANTO DOMINGO.\u2013 Entre flores, velas encendidas, l\u00e1grimas, fotograf\u00edas y oraciones, familiares y sobrevivientes regresaron este domingo al lugar donde funcionaba la discoteca Jet Set Club para recordar a las v\u00edctimas del colapso de su techo, tragedia ocurrida la madrugada del 8 de abril de 2025 que dej\u00f3 236 personas fallecidas y m\u00e1s de 180 heridas.<\/p>\n<p>El ambiente estuvo marcado por el silencio, los abrazos y el llanto contenido de quienes acudieron al sitio para participar en una misa oficiada en memoria de las v\u00edctimas, justo donde hace once meses se produjo el desplome de la estructura.<\/p>\n<p>Familiares colocaron ramos de flores, velas y velones alrededor del \u00e1rea, mientras sosten\u00edan fotograf\u00edas de sus seres queridos y algunos elevaban plegarias.<\/p>\n<p>Entre los presentes estuvieron Melba Segura de Grull\u00f3n y Arelis Cruz de Estrella, madres de Alexandra Grull\u00f3n Segura y Eduardo Guarionex Estrella, respectivamente, la pareja que perdi\u00f3 la vida en la tragedia. Ambas participaron en la ceremonia junto a otros familiares que contin\u00faan enfrentando el dolor de la p\u00e9rdida.<\/p>\n<p><img loading=\"lazy\" data-recalc-dims=\"1\" data-dominant-color=\"67594b\" data-has-transparency=\"false\" style=\"--dominant-color: #67594b;\" decoding=\"async\" class=\"alignnone size-full wp-image-3041244 not-transparent\" src=\"https:\/\/i0.wp.com\/nuevodiario-assets.s3.us-east-2.amazonaws.com\/wp-content\/uploads\/2026\/03\/WhatsApp-Image-2026-03-08-at-10.06.51-AM.jpeg?resize=640%2C426&amp;quality=100&amp;ssl=1\" alt=\"\" width=\"640\" height=\"426\" srcset=\"https:\/\/nuevodiario-assets.s3.us-east-2.amazonaws.com\/wp-content\/uploads\/2026\/03\/WhatsApp-Image-2026-03-08-at-10.06.51-AM.jpeg 1280w, https:\/\/nuevodiario-assets.s3.us-east-2.amazonaws.com\/wp-content\/uploads\/2026\/03\/WhatsApp-Image-2026-03-08-at-10.06.51-AM.jpeg 400w, https:\/\/nuevodiario-assets.s3.us-east-2.amazonaws.com\/wp-content\/uploads\/2026\/03\/WhatsApp-Image-2026-03-08-at-10.06.51-AM.jpeg 800w, https:\/\/nuevodiario-assets.s3.us-east-2.amazonaws.com\/wp-content\/uploads\/2026\/03\/WhatsApp-Image-2026-03-08-at-10.06.51-AM.jpeg 768w, https:\/\/nuevodiario-assets.s3.us-east-2.amazonaws.com\/wp-content\/uploads\/2026\/03\/WhatsApp-Image-2026-03-08-at-10.06.51-AM.jpeg 600w\" sizes=\"auto, (max-width: 640px) 100vw, 640px\"\/><\/p>\n<p>Este 8 de marzo se cumplen once meses del colapso del techo del establecimiento, considerado uno de los hechos no naturales m\u00e1s devastadores en la historia reciente de la Rep\u00fablica Dominicana.<\/p>\n<p><img data-recalc-dims=\"1\" data-dominant-color=\"7d7166\" data-has-transparency=\"false\" style=\"--dominant-color: #7d7166;\" loading=\"lazy\" decoding=\"async\" class=\"alignnone size-full wp-image-3041242 not-transparent\" src=\"https:\/\/i0.wp.com\/nuevodiario-assets.s3.us-east-2.amazonaws.com\/wp-content\/uploads\/2026\/03\/WhatsApp-Image-2026-03-08-at-10.06.48-AM.jpeg?resize=640%2C426&amp;quality=100&amp;ssl=1\" alt=\"\" width=\"640\" height=\"426\" srcset=\"https:\/\/nuevodiario-assets.s3.us-east-2.amazonaws.com\/wp-content\/uploads\/2026\/03\/WhatsApp-Image-2026-03-08-at-10.06.48-AM.jpeg 1280w, https:\/\/nuevodiario-assets.s3.us-east-2.amazonaws.com\/wp-content\/uploads\/2026\/03\/WhatsApp-Image-2026-03-08-at-10.06.48-AM.jpeg 400w, https:\/\/nuevodiario-assets.s3.us-east-2.amazonaws.com\/wp-content\/uploads\/2026\/03\/WhatsApp-Image-2026-03-08-at-10.06.48-AM.jpeg 800w, https:\/\/nuevodiario-assets.s3.us-east-2.amazonaws.com\/wp-content\/uploads\/2026\/03\/WhatsApp-Image-2026-03-08-at-10.06.48-AM.jpeg 768w, https:\/\/nuevodiario-assets.s3.us-east-2.amazonaws.com\/wp-content\/uploads\/2026\/03\/WhatsApp-Image-2026-03-08-at-10.06.48-AM.jpeg 600w\" sizes=\"auto, (max-width: 640px) 100vw, 640px\"\/><\/p>\n<p>A casi un a\u00f1o del suceso, el dolor permanece latente entre quienes resultaron afectados, mientras el proceso judicial sigue su curso entre tr\u00e1mites legales, querellas y debates periciales.<\/p>\n<p><img data-recalc-dims=\"1\" data-dominant-color=\"797468\" data-has-transparency=\"false\" style=\"--dominant-color: #797468;\" loading=\"lazy\" decoding=\"async\" class=\"alignnone size-full wp-image-3041240 not-transparent\" src=\"https:\/\/i0.wp.com\/nuevodiario-assets.s3.us-east-2.amazonaws.com\/wp-content\/uploads\/2026\/03\/WhatsApp-Image-2026-03-08-at-10.06.57-AM.jpeg?resize=640%2C426&amp;quality=100&amp;ssl=1\" alt=\"\" width=\"640\" height=\"426\" srcset=\"https:\/\/nuevodiario-assets.s3.us-east-2.amazonaws.com\/wp-content\/uploads\/2026\/03\/WhatsApp-Image-2026-03-08-at-10.06.57-AM.jpeg 1280w, https:\/\/nuevodiario-assets.s3.us-east-2.amazonaws.com\/wp-content\/uploads\/2026\/03\/WhatsApp-Image-2026-03-08-at-10.06.57-AM.jpeg 400w, https:\/\/nuevodiario-assets.s3.us-east-2.amazonaws.com\/wp-content\/uploads\/2026\/03\/WhatsApp-Image-2026-03-08-at-10.06.57-AM.jpeg 800w, https:\/\/nuevodiario-assets.s3.us-east-2.amazonaws.com\/wp-content\/uploads\/2026\/03\/WhatsApp-Image-2026-03-08-at-10.06.57-AM.jpeg 768w, https:\/\/nuevodiario-assets.s3.us-east-2.amazonaws.com\/wp-content\/uploads\/2026\/03\/WhatsApp-Image-2026-03-08-at-10.06.57-AM.jpeg 600w\" sizes=\"auto, (max-width: 640px) 100vw, 640px\"\/><\/p>\n<p>El caso se ha convertido en uno de los expedientes m\u00e1s observados del pa\u00eds debido a la magnitud de la tragedia y al impacto social que provoc\u00f3.<\/p>\n<p>\u00a0<\/p>\n<p><h3 class=\"jp-relatedposts-headline\"><em>Relacionado<\/em><\/h3>\n<\/p>\n<p>\t\t\t\t\t\t<!-- .entry-footer --><br \/>\n\t\t\t\t\t\t<!-- \n\n<div data-type=\"_mgwidget\" data-widget-id=\"1743501\"><\/div>\n\n  -->\n\t\t\t\t\t<\/div>\n","protected":false},"excerpt":{"rendered":"<p>Entre los presentes estuvieron Melba Segura de Grull\u00f3n y Arelis Cruz de Estrella, madres de Alexandra Grull\u00f3n Segura y Eduardo Guarionex Estrella, respectivamente, la pareja que perdi\u00f3 la vida en la tragedia. (Foto: F\u00e9lix Lara\/El Nuevo Diario) Leer resumen de la noticia (IA) CLICK AQU\u00cd Analizando noticia&#8230; por favor espera. EL NUEVO DIARIO, SANTO DOMINGO.\u2013<\/p>\n","protected":false},"author":1,"featured_media":26236,"comment_status":"open","ping_status":"open","sticky":false,"template":"","format":"standard","meta":{"footnotes":""},"categories":[1],"tags":[],"class_list":["post-26235","post","type-post","status-publish","format-standard","has-post-thumbnail","hentry","category-nacionales"],"_links":{"self":[{"href":"https:\/\/acronoticias.com\/index.php\/wp-json\/wp\/v2\/posts\/26235","targetHints":{"allow":["GET"]}}],"collection":[{"href":"https:\/\/acronoticias.com\/index.php\/wp-json\/wp\/v2\/posts"}],"about":[{"href":"https:\/\/acronoticias.com\/index.php\/wp-json\/wp\/v2\/types\/post"}],"author":[{"embeddable":true,"href":"https:\/\/acronoticias.com\/index.php\/wp-json\/wp\/v2\/users\/1"}],"replies":[{"embeddable":true,"href":"https:\/\/acronoticias.com\/index.php\/wp-json\/wp\/v2\/comments?post=26235"}],"version-history":[{"count":0,"href":"https:\/\/acronoticias.com\/index.php\/wp-json\/wp\/v2\/posts\/26235\/revisions"}],"wp:featuredmedia":[{"embeddable":true,"href":"https:\/\/acronoticias.com\/index.php\/wp-json\/wp\/v2\/media\/26236"}],"wp:attachment":[{"href":"https:\/\/acronoticias.com\/index.php\/wp-json\/wp\/v2\/media?parent=26235"}],"wp:term":[{"taxonomy":"category","embeddable":true,"href":"https:\/\/acronoticias.com\/index.php\/wp-json\/wp\/v2\/categories?post=26235"},{"taxonomy":"post_tag","embeddable":true,"href":"https:\/\/acronoticias.com\/index.php\/wp-json\/wp\/v2\/tags?post=26235"}],"curies":[{"name":"wp","href":"https:\/\/api.w.org\/{rel}","templated":true}]}}