{"id":26229,"date":"2026-03-08T16:54:54","date_gmt":"2026-03-08T16:54:54","guid":{"rendered":"https:\/\/acronoticias.com\/index.php\/2026\/03\/08\/padre-de-melissa-tejeda-medica-fallecida-en-jet-set-llama-a-familias-a-mantenerse-unidas-en-reclamo-de-justicia\/"},"modified":"2026-03-08T16:54:54","modified_gmt":"2026-03-08T16:54:54","slug":"padre-de-melissa-tejeda-medica-fallecida-en-jet-set-llama-a-familias-a-mantenerse-unidas-en-reclamo-de-justicia","status":"publish","type":"post","link":"https:\/\/acronoticias.com\/index.php\/2026\/03\/08\/padre-de-melissa-tejeda-medica-fallecida-en-jet-set-llama-a-familias-a-mantenerse-unidas-en-reclamo-de-justicia\/","title":{"rendered":"Padre de Melissa Tejeda, m\u00e9dica fallecida en Jet Set, llama a familias a mantenerse unidas en reclamo de justicia"},"content":{"rendered":"<p><i class=\"bi bi-camera-fill\" style=\"font-size:18px; color:var(--rojo)\"\/> Winton Tejeda. (Foto: F\u00e9lix Lara\/El Nuevo DIario)<\/p>\n<div>\n<div id=\"gemini-summary-wrapper\" class=\"mb-3\">\n                <button id=\"btn-get-summary\" class=\"gemini-btn\" data-post-id=\"3041194\" data-post-title=\"Padre de Melissa Tejeda, m\u00e9dica fallecida en Jet Set, llama a familias a mantenerse unidas en reclamo de justicia\"><br \/>\n                    Leer resumen <b class=\"d-none d-md-inline\">de la noticia<\/b> (IA) <span>CLICK AQU\u00cd<\/span><br \/>\n                <\/button><\/p>\n<div id=\"gemini-loading\" class=\"mb-3\">\n<p>                    <span>Analizando noticia&#8230; por favor espera.<\/span>\n                <\/div>\n<\/p><\/div>\n<p>EL NUEVO DIARIO, SANTO DOMINGO. \u2013 A once meses del colapso del techo de la discoteca Jet Set Club, que dej\u00f3 236 personas fallecidas y m\u00e1s de 180 heridas, <strong>Winton Tejeda<\/strong>, padre de la joven m\u00e9dica <strong>Melissa Tejeda Sosa<\/strong>, llam\u00f3 a los familiares de las v\u00edctimas a mantenerse unidos para reclamar justicia por la tragedia.<\/p>\n<p>Durante la misa celebrada este domingo en el mismo lugar donde ocurri\u00f3 el desplome de la estructura, Tejeda se dirigi\u00f3 a los presentes con un mensaje centrado en la necesidad de que las familias permanezcan cohesionadas para hacer valer sus derechos ante la sociedad y las autoridades.<\/p>\n<p>\u201c<strong>Mi mensaje es claro: mantengamos la unidad, ap\u00f3yennos, mantengamos el n\u00facleo de poder hacernos sentir ante la sociedad y ante nuestros derechos<\/strong>\u201d, expres\u00f3 ante familiares, sobrevivientes y personas que acudieron a recordar a las v\u00edctimas.<\/p>\n<p>El padre de la m\u00e9dica, quien ten\u00eda 26 a\u00f1os al momento de su fallecimiento, advirti\u00f3 que solo a trav\u00e9s de la uni\u00f3n podr\u00e1n mantener vivo el reclamo de justicia por lo ocurrido aquella madrugada del 8 de abril de 2025.<\/p>\n<p>\u201c<strong>Si no nos mantenemos unidos, no vamos a lograr nada; vamos a ser parte del pasado<\/strong>\u201d, afirm\u00f3 durante su intervenci\u00f3n.<\/p>\n<p><img loading=\"lazy\" data-recalc-dims=\"1\" data-dominant-color=\"77836f\" data-has-transparency=\"false\" style=\"--dominant-color: #77836f;\" decoding=\"async\" class=\"alignnone size-full wp-image-3041200 not-transparent\" src=\"https:\/\/i0.wp.com\/nuevodiario-assets.s3.us-east-2.amazonaws.com\/wp-content\/uploads\/2026\/03\/WhatsApp-Image-2026-03-08-at-10.06.56-AM.jpeg?resize=640%2C426&amp;quality=100&amp;ssl=1\" alt=\"\" width=\"640\" height=\"426\" srcset=\"https:\/\/nuevodiario-assets.s3.us-east-2.amazonaws.com\/wp-content\/uploads\/2026\/03\/WhatsApp-Image-2026-03-08-at-10.06.56-AM.jpeg 1280w, https:\/\/nuevodiario-assets.s3.us-east-2.amazonaws.com\/wp-content\/uploads\/2026\/03\/WhatsApp-Image-2026-03-08-at-10.06.56-AM.jpeg 400w, https:\/\/nuevodiario-assets.s3.us-east-2.amazonaws.com\/wp-content\/uploads\/2026\/03\/WhatsApp-Image-2026-03-08-at-10.06.56-AM.jpeg 800w, https:\/\/nuevodiario-assets.s3.us-east-2.amazonaws.com\/wp-content\/uploads\/2026\/03\/WhatsApp-Image-2026-03-08-at-10.06.56-AM.jpeg 768w, https:\/\/nuevodiario-assets.s3.us-east-2.amazonaws.com\/wp-content\/uploads\/2026\/03\/WhatsApp-Image-2026-03-08-at-10.06.56-AM.jpeg 600w\" sizes=\"auto, (max-width: 640px) 100vw, 640px\"\/><\/p>\n<p>En medio de su mensaje, tambi\u00e9n present\u00f3 a los miembros de su familia presentes en la ceremonia religiosa y record\u00f3 con emoci\u00f3n a su hija fallecida. \u201c<strong>Quiero presentar ante ustedes mi familia: mi esposa, mi hija doctora Yanelis y mi hijo Wilmer. Y por qu\u00e9 no, no puedo pasar por alto a mi hija doctora Melissa Tejeda. Aqu\u00ed estamos los cuatro, en presencia espiritual y en presencia directa<\/strong>\u201d, manifest\u00f3.<\/p>\n<p>Tejeda aprovech\u00f3 adem\u00e1s para agradecer el acompa\u00f1amiento de otras familias afectadas por la tragedia, en especial a <strong>Melba Segura de Grull\u00f3n<\/strong> y <strong>Arelis Cruz de Estrella<\/strong>, madres de <strong>Alexandra Grull\u00f3n Segura<\/strong> y <strong>Eduardo Guarionex Estrella<\/strong>, la pareja que tambi\u00e9n perdi\u00f3 la vida en el colapso.<\/p>\n<p>\u201c<strong>Con ellas quiero felicitar a todas las damas, especialmente por ser el D\u00eda Internacional de la Mujer<\/strong>\u201d, expres\u00f3, al destacar la fortaleza de las mujeres presentes en el acto.<\/p>\n<p><img data-recalc-dims=\"1\" data-dominant-color=\"b0aca4\" data-has-transparency=\"false\" style=\"--dominant-color: #b0aca4;\" loading=\"lazy\" decoding=\"async\" class=\"alignnone size-full wp-image-3041203 not-transparent\" src=\"https:\/\/i0.wp.com\/nuevodiario-assets.s3.us-east-2.amazonaws.com\/wp-content\/uploads\/2026\/03\/WhatsApp-Image-2026-03-08-at-10.06.55-AM.jpeg?resize=640%2C426&amp;quality=100&amp;ssl=1\" alt=\"\" width=\"640\" height=\"426\" srcset=\"https:\/\/nuevodiario-assets.s3.us-east-2.amazonaws.com\/wp-content\/uploads\/2026\/03\/WhatsApp-Image-2026-03-08-at-10.06.55-AM.jpeg 1280w, https:\/\/nuevodiario-assets.s3.us-east-2.amazonaws.com\/wp-content\/uploads\/2026\/03\/WhatsApp-Image-2026-03-08-at-10.06.55-AM.jpeg 400w, https:\/\/nuevodiario-assets.s3.us-east-2.amazonaws.com\/wp-content\/uploads\/2026\/03\/WhatsApp-Image-2026-03-08-at-10.06.55-AM.jpeg 800w, https:\/\/nuevodiario-assets.s3.us-east-2.amazonaws.com\/wp-content\/uploads\/2026\/03\/WhatsApp-Image-2026-03-08-at-10.06.55-AM.jpeg 768w, https:\/\/nuevodiario-assets.s3.us-east-2.amazonaws.com\/wp-content\/uploads\/2026\/03\/WhatsApp-Image-2026-03-08-at-10.06.55-AM.jpeg 600w\" sizes=\"auto, (max-width: 640px) 100vw, 640px\"\/><\/p>\n<p>La ceremonia religiosa reuni\u00f3 a decenas de familiares y sobrevivientes que acudieron al lugar para encender velas, colocar flores y elevar oraciones en memoria de las v\u00edctimas.<\/p>\n<p>A casi un a\u00f1o de la tragedia, el lugar donde funcionaba el centro nocturno permanece como un punto de recuerdo y duelo, mientras familiares contin\u00faan exigiendo verdad y justicia por uno de los hechos m\u00e1s devastadores ocurridos en la historia reciente de la Rep\u00fablica Dominicana.<\/p>\n<p><h3 class=\"jp-relatedposts-headline\"><em>Relacionado<\/em><\/h3>\n<\/p>\n<p>\t\t\t\t\t\t<!-- .entry-footer --><br \/>\n\t\t\t\t\t\t<!-- \n\n<div data-type=\"_mgwidget\" data-widget-id=\"1743501\"><\/div>\n\n  -->\n\t\t\t\t\t<\/div>\n","protected":false},"excerpt":{"rendered":"<p>Winton Tejeda. (Foto: F\u00e9lix Lara\/El Nuevo DIario) Leer resumen de la noticia (IA) CLICK AQU\u00cd Analizando noticia&#8230; por favor espera. EL NUEVO DIARIO, SANTO DOMINGO. \u2013 A once meses del colapso del techo de la discoteca Jet Set Club, que dej\u00f3 236 personas fallecidas y m\u00e1s de 180 heridas, Winton Tejeda, padre de la joven<\/p>\n","protected":false},"author":1,"featured_media":26230,"comment_status":"open","ping_status":"open","sticky":false,"template":"","format":"standard","meta":{"footnotes":""},"categories":[1],"tags":[],"class_list":["post-26229","post","type-post","status-publish","format-standard","has-post-thumbnail","hentry","category-nacionales"],"_links":{"self":[{"href":"https:\/\/acronoticias.com\/index.php\/wp-json\/wp\/v2\/posts\/26229","targetHints":{"allow":["GET"]}}],"collection":[{"href":"https:\/\/acronoticias.com\/index.php\/wp-json\/wp\/v2\/posts"}],"about":[{"href":"https:\/\/acronoticias.com\/index.php\/wp-json\/wp\/v2\/types\/post"}],"author":[{"embeddable":true,"href":"https:\/\/acronoticias.com\/index.php\/wp-json\/wp\/v2\/users\/1"}],"replies":[{"embeddable":true,"href":"https:\/\/acronoticias.com\/index.php\/wp-json\/wp\/v2\/comments?post=26229"}],"version-history":[{"count":0,"href":"https:\/\/acronoticias.com\/index.php\/wp-json\/wp\/v2\/posts\/26229\/revisions"}],"wp:featuredmedia":[{"embeddable":true,"href":"https:\/\/acronoticias.com\/index.php\/wp-json\/wp\/v2\/media\/26230"}],"wp:attachment":[{"href":"https:\/\/acronoticias.com\/index.php\/wp-json\/wp\/v2\/media?parent=26229"}],"wp:term":[{"taxonomy":"category","embeddable":true,"href":"https:\/\/acronoticias.com\/index.php\/wp-json\/wp\/v2\/categories?post=26229"},{"taxonomy":"post_tag","embeddable":true,"href":"https:\/\/acronoticias.com\/index.php\/wp-json\/wp\/v2\/tags?post=26229"}],"curies":[{"name":"wp","href":"https:\/\/api.w.org\/{rel}","templated":true}]}}