{"id":26225,"date":"2026-03-08T16:32:10","date_gmt":"2026-03-08T16:32:10","guid":{"rendered":"https:\/\/acronoticias.com\/index.php\/2026\/03\/08\/erik-gonzalez-reemplaza-a-geraldo-perdomo-en-el-campocorto-por-precaucion-anuncia-albert-pujols\/"},"modified":"2026-03-08T16:32:10","modified_gmt":"2026-03-08T16:32:10","slug":"erik-gonzalez-reemplaza-a-geraldo-perdomo-en-el-campocorto-por-precaucion-anuncia-albert-pujols","status":"publish","type":"post","link":"https:\/\/acronoticias.com\/index.php\/2026\/03\/08\/erik-gonzalez-reemplaza-a-geraldo-perdomo-en-el-campocorto-por-precaucion-anuncia-albert-pujols\/","title":{"rendered":"Erik Gonz\u00e1lez reemplaza a Geraldo Perdomo en el campocorto por precauci\u00f3n, anuncia Albert Pujols"},"content":{"rendered":"<div data-td-block-uid=\"tdi_101\">\n<div class=\"tdb-block-inner td-fix-index\">\n<p><strong>Santo Domingo.<\/strong> \u2013 El dirigente <strong>Albert Pujols<\/strong> inform\u00f3 que <strong>Geraldo Perdomo<\/strong> no formar\u00e1 parte de la alineaci\u00f3n titular debido a malestar f\u00edsico, siendo sustituido en el <strong>campocorto por Erik Gonz\u00e1lez<\/strong>. <\/p>\n<p>Pujols explic\u00f3 que la decisi\u00f3n responde a criterios de precauci\u00f3n para cuidar la salud del jugador y asegurarse de que est\u00e9 en condiciones \u00f3ptimas para los pr\u00f3ximos compromisos.<\/p>\n<p>\u201cCon Perdomo no se siente muy bien, y la idea es tratar de cuidarlo para que est\u00e9 listo para ma\u00f1ana\u201d, dijo Pujols, se\u00f1alando que el jugador presenta un cuadro leve de gripe. Sobre la elecci\u00f3n de Gonz\u00e1lez, el dirigente destac\u00f3: \u201cEric de verdad ha tenido experiencia y ha jugado en juegos importantes. Este es uno de esos partidos para \u00e9l que es s\u00faper importante\u201d.<\/p>\n<p>Pujols reiter\u00f3 su compromiso de equilibrar la competitividad del equipo con la salud de sus jugadores, recordando que decisiones similares se han tomado previamente, como en el caso de <strong>Ketel Marte<\/strong>, quien recibi\u00f3 descanso por precauci\u00f3n tras un pelotazo.<\/p>\n<p>La instituci\u00f3n busca mantener a sus jugadores en \u00f3ptimas condiciones mientras contin\u00faa la temporada.<\/p>\n<\/div>\n<\/div>\n","protected":false},"excerpt":{"rendered":"<p>Santo Domingo. \u2013 El dirigente Albert Pujols inform\u00f3 que Geraldo Perdomo no formar\u00e1 parte de la alineaci\u00f3n titular debido a malestar f\u00edsico, siendo sustituido en el campocorto por Erik Gonz\u00e1lez. Pujols explic\u00f3 que la decisi\u00f3n responde a criterios de precauci\u00f3n para cuidar la salud del jugador y asegurarse de que est\u00e9 en condiciones \u00f3ptimas para<\/p>\n","protected":false},"author":1,"featured_media":26226,"comment_status":"open","ping_status":"open","sticky":false,"template":"","format":"standard","meta":{"footnotes":""},"categories":[2],"tags":[],"class_list":["post-26225","post","type-post","status-publish","format-standard","has-post-thumbnail","hentry","category-deporte"],"_links":{"self":[{"href":"https:\/\/acronoticias.com\/index.php\/wp-json\/wp\/v2\/posts\/26225","targetHints":{"allow":["GET"]}}],"collection":[{"href":"https:\/\/acronoticias.com\/index.php\/wp-json\/wp\/v2\/posts"}],"about":[{"href":"https:\/\/acronoticias.com\/index.php\/wp-json\/wp\/v2\/types\/post"}],"author":[{"embeddable":true,"href":"https:\/\/acronoticias.com\/index.php\/wp-json\/wp\/v2\/users\/1"}],"replies":[{"embeddable":true,"href":"https:\/\/acronoticias.com\/index.php\/wp-json\/wp\/v2\/comments?post=26225"}],"version-history":[{"count":0,"href":"https:\/\/acronoticias.com\/index.php\/wp-json\/wp\/v2\/posts\/26225\/revisions"}],"wp:featuredmedia":[{"embeddable":true,"href":"https:\/\/acronoticias.com\/index.php\/wp-json\/wp\/v2\/media\/26226"}],"wp:attachment":[{"href":"https:\/\/acronoticias.com\/index.php\/wp-json\/wp\/v2\/media?parent=26225"}],"wp:term":[{"taxonomy":"category","embeddable":true,"href":"https:\/\/acronoticias.com\/index.php\/wp-json\/wp\/v2\/categories?post=26225"},{"taxonomy":"post_tag","embeddable":true,"href":"https:\/\/acronoticias.com\/index.php\/wp-json\/wp\/v2\/tags?post=26225"}],"curies":[{"name":"wp","href":"https:\/\/api.w.org\/{rel}","templated":true}]}}