{"id":26223,"date":"2026-03-08T16:24:05","date_gmt":"2026-03-08T16:24:05","guid":{"rendered":"https:\/\/acronoticias.com\/index.php\/2026\/03\/08\/incendio-en-puerto-escondido-mexico-consume-decenas-de-negocios-turisticos-noticias-sin\/"},"modified":"2026-03-08T16:24:05","modified_gmt":"2026-03-08T16:24:05","slug":"incendio-en-puerto-escondido-mexico-consume-decenas-de-negocios-turisticos-noticias-sin","status":"publish","type":"post","link":"https:\/\/acronoticias.com\/index.php\/2026\/03\/08\/incendio-en-puerto-escondido-mexico-consume-decenas-de-negocios-turisticos-noticias-sin\/","title":{"rendered":"Incendio en Puerto Escondido, M\u00e9xico, consume decenas de negocios tur\u00edsticos \u2013 Noticias SIN"},"content":{"rendered":"<div id=\"nota-texto\">\n<p>Ciudad de M\u00e9xico.- Un fuerte <strong>incendio<\/strong> registrado este viernes en la <strong>zona tur\u00edstica<\/strong> de <strong>Punta Zicatela<\/strong>, en <strong>Puerto Escondido<\/strong>, estado de Oaxaca (sur de M\u00e9xico), dej\u00f3 severos da\u00f1os materiales tras consumir decenas de establecimientos comerciales, entre restaurantes, bares y locales de servicios, sin reportes de personas heridas.<\/p>\n<h2 class=\"wp-block-heading\"><strong>Incendio<\/strong> en <strong>Puerto Escondido<\/strong> afecta <strong>negocios tur\u00edsticos<\/strong><\/h2>\n<h3 class=\"wp-block-heading\">El gobernador de Oaxaca, Salom\u00f3n Jara, inform\u00f3 que el siniestro fue controlado por los cuerpos de auxilio y que ninguna persona result\u00f3 lesionada.<\/h3>\n<p>\u2013<\/p>\n<p>\u00abNuestro <strong>gobierno<\/strong> mantiene el <strong>acompa\u00f1amiento<\/strong> y el respaldo a comerciantes y prestadores de servicios tur\u00edsticos que se vieron afectados tras el lamentable <strong>incendio<\/strong> de este viernes\u00bb, asegur\u00f3 Jara en un mensaje en X.<\/p>\n<p>Seg\u00fan los primeros reportes, alrededor de <strong>70 establecimientos<\/strong> tur\u00edsticos fueron destruidos o gravemente <strong>da\u00f1ados<\/strong>, luego de que las llamas se propagaron r\u00e1pidamente entre palapas, restaurantes, caba\u00f1as y locales hechos en gran parte de madera y palma.<\/p>\n<h2 class=\"wp-block-heading\"><strong>Investigaci\u00f3n<\/strong> y <strong>causas<\/strong> del <strong>incendio<\/strong> en Oaxaca<\/h2>\n<p>La <strong>Fiscal\u00eda General del Estado de Oaxaca<\/strong> inform\u00f3 que ya se iniciaron las <strong>investigaciones<\/strong> correspondientes para determinar las <strong>causas<\/strong> del siniestro.<\/p>\n<p>Los primeros peritajes se\u00f1alan que el <strong>incendio<\/strong> pudo haberse originado por una <strong>posible falla<\/strong> en la <strong>instalaci\u00f3n el\u00e9ctrica<\/strong> de uno de los locales, lo cual sigue en proceso de <strong>investigaci\u00f3n<\/strong>, precis\u00f3 la dependencia.<\/p>\n<p>\u00abLos <strong>trabajos periciales<\/strong> realizados en el lugar, establecen que no se han identificado indicios de aceleradores, combustibles ni de alguna sustancia que sugiera que el <strong>incendio<\/strong> haya sido provocado\u00bb, puntualiz\u00f3 la fiscal\u00eda.<\/p>\n<h3 class=\"wp-block-heading\">Las autoridades a\u00fan no han informado sobre las p\u00e9rdidas econ\u00f3micas por el siniestro, luego de que muchos negocios quedaran en p\u00e9rdida total, seg\u00fan reportes de medios locales.<\/h3>\n<p>Se estima que alrededor de <strong>200 trabajadores<\/strong> dependen de esos comercios, ubicados en la <strong>zona tur\u00edstica<\/strong> de <strong>Puerto Escondido<\/strong>, uno de los destinos m\u00e1s visitados de la costa de Oaxaca.<\/p>\n<p>Puerto Escondido es uno de los destinos tur\u00edsticos m\u00e1s importantes de la costa del<strong> estado de Oaxaca, <\/strong>reconocido por sus playas, su actividad tur\u00edstica y la presencia de numerosos negocios dedicados a la gastronom\u00eda, el entretenimiento y los servicios para visitantes.<\/p>\n<p>Dentro de esta zona destaca <strong>Punta Zicatela<\/strong>, un \u00e1rea tur\u00edstica caracterizada por la presencia de restaurantes, bares, palapas y establecimientos comerciales construidos principalmente con materiales como madera y palma, lo que los hace vulnerables ante incidentes como incendios.<\/p>\n<\/div>\n","protected":false},"excerpt":{"rendered":"<p>Ciudad de M\u00e9xico.- Un fuerte incendio registrado este viernes en la zona tur\u00edstica de Punta Zicatela, en Puerto Escondido, estado de Oaxaca (sur de M\u00e9xico), dej\u00f3 severos da\u00f1os materiales tras consumir decenas de establecimientos comerciales, entre restaurantes, bares y locales de servicios, sin reportes de personas heridas. Incendio en Puerto Escondido afecta negocios tur\u00edsticos El<\/p>\n","protected":false},"author":1,"featured_media":26224,"comment_status":"open","ping_status":"open","sticky":false,"template":"","format":"standard","meta":{"footnotes":""},"categories":[3],"tags":[],"class_list":["post-26223","post","type-post","status-publish","format-standard","has-post-thumbnail","hentry","category-internacionales"],"_links":{"self":[{"href":"https:\/\/acronoticias.com\/index.php\/wp-json\/wp\/v2\/posts\/26223","targetHints":{"allow":["GET"]}}],"collection":[{"href":"https:\/\/acronoticias.com\/index.php\/wp-json\/wp\/v2\/posts"}],"about":[{"href":"https:\/\/acronoticias.com\/index.php\/wp-json\/wp\/v2\/types\/post"}],"author":[{"embeddable":true,"href":"https:\/\/acronoticias.com\/index.php\/wp-json\/wp\/v2\/users\/1"}],"replies":[{"embeddable":true,"href":"https:\/\/acronoticias.com\/index.php\/wp-json\/wp\/v2\/comments?post=26223"}],"version-history":[{"count":0,"href":"https:\/\/acronoticias.com\/index.php\/wp-json\/wp\/v2\/posts\/26223\/revisions"}],"wp:featuredmedia":[{"embeddable":true,"href":"https:\/\/acronoticias.com\/index.php\/wp-json\/wp\/v2\/media\/26224"}],"wp:attachment":[{"href":"https:\/\/acronoticias.com\/index.php\/wp-json\/wp\/v2\/media?parent=26223"}],"wp:term":[{"taxonomy":"category","embeddable":true,"href":"https:\/\/acronoticias.com\/index.php\/wp-json\/wp\/v2\/categories?post=26223"},{"taxonomy":"post_tag","embeddable":true,"href":"https:\/\/acronoticias.com\/index.php\/wp-json\/wp\/v2\/tags?post=26223"}],"curies":[{"name":"wp","href":"https:\/\/api.w.org\/{rel}","templated":true}]}}