{"id":26221,"date":"2026-03-08T16:09:24","date_gmt":"2026-03-08T16:09:24","guid":{"rendered":"https:\/\/acronoticias.com\/index.php\/2026\/03\/08\/indrhi-promueve-reflexion-sobre-brechas-de-genero-en-el-sector-agropecuario-el-nuevo-diario-republica-dominicana\/"},"modified":"2026-03-08T16:09:24","modified_gmt":"2026-03-08T16:09:24","slug":"indrhi-promueve-reflexion-sobre-brechas-de-genero-en-el-sector-agropecuario-el-nuevo-diario-republica-dominicana","status":"publish","type":"post","link":"https:\/\/acronoticias.com\/index.php\/2026\/03\/08\/indrhi-promueve-reflexion-sobre-brechas-de-genero-en-el-sector-agropecuario-el-nuevo-diario-republica-dominicana\/","title":{"rendered":"Indrhi promueve reflexi\u00f3n sobre brechas de g\u00e9nero en el sector agropecuario \u2013 El Nuevo Diario (Rep\u00fablica Dominicana)"},"content":{"rendered":"<div>\n<div id=\"gemini-summary-wrapper\" class=\"mb-3\">\n                <button id=\"btn-get-summary\" class=\"gemini-btn\" data-post-id=\"3041140\" data-post-title=\"Indrhi promueve reflexi\u00f3n sobre brechas de g\u00e9nero en el sector agropecuario\"><br \/>\n                    Leer resumen <b class=\"d-none d-md-inline\">de la noticia<\/b> (IA) <span>CLICK AQU\u00cd<\/span><br \/>\n                <\/button><\/p>\n<div id=\"gemini-loading\" class=\"mb-3\">\n<p>                    <span>Analizando noticia&#8230; por favor espera.<\/span>\n                <\/div>\n<\/p><\/div>\n<p>EL NUEVO DIARIO, SANTO DOMINGO.- En el marco de la conmemoraci\u00f3n del D\u00eda Internacional de la Mujer, el Instituto Nacional de Recursos Hidr\u00e1ulicos (Indrhi) organiz\u00f3 la charla interinstitucional \u201cImpacto y brechas de g\u00e9nero de la mujer en el sector agropecuario\u201d, seguido de un acto de reconocimiento a colaboradoras destacadas de la entidad correspondiente al a\u00f1o 2026.<\/p>\n<p>En representaci\u00f3n del director ejecutivo del Indrhi, Olmedo Caba Romano,el subdirector Isidro Santos, reafirm\u00f3 el compromiso de la instituci\u00f3n con la promoci\u00f3n de la equidad de g\u00e9nero y la reducci\u00f3n de las brechas que a\u00fan enfrentan las mujeres en distintos \u00e1mbitos, destaca un comunicado enviado este domingo.<\/p>\n<p>Santos destac\u00f3 que desde el Indrhi se impulsan iniciativas orientadas a fortalecer la participaci\u00f3n de las mujeres, tanto en la instituci\u00f3n como en los sectores vinculados al desarrollo agr\u00edcola y la gesti\u00f3n del agua, promoviendo pol\u00edticas que garanticen igualdad de oportunidades, capacitaci\u00f3n y liderazgo femenino.<\/p>\n<figure id=\"attachment_3041155\" aria-describedby=\"caption-attachment-3041155\" style=\"width: 1600px\" class=\"wp-caption alignnone\"><img loading=\"lazy\" data-recalc-dims=\"1\" data-dominant-color=\"7f7f85\" data-has-transparency=\"false\" style=\"--dominant-color: #7f7f85;\" decoding=\"async\" class=\"size-full wp-image-3041155 not-transparent\" src=\"https:\/\/i0.wp.com\/nuevodiario-assets.s3.us-east-2.amazonaws.com\/wp-content\/uploads\/2026\/03\/Isidro-Santos-Foto-Indrhi.jpeg?resize=640%2C428&amp;quality=100&amp;ssl=1\" alt=\"\" width=\"640\" height=\"428\" srcset=\"https:\/\/nuevodiario-assets.s3.us-east-2.amazonaws.com\/wp-content\/uploads\/2026\/03\/Isidro-Santos-Foto-Indrhi.jpeg 1600w, https:\/\/nuevodiario-assets.s3.us-east-2.amazonaws.com\/wp-content\/uploads\/2026\/03\/Isidro-Santos-Foto-Indrhi.jpeg 400w, https:\/\/nuevodiario-assets.s3.us-east-2.amazonaws.com\/wp-content\/uploads\/2026\/03\/Isidro-Santos-Foto-Indrhi.jpeg 800w, https:\/\/nuevodiario-assets.s3.us-east-2.amazonaws.com\/wp-content\/uploads\/2026\/03\/Isidro-Santos-Foto-Indrhi.jpeg 768w, https:\/\/nuevodiario-assets.s3.us-east-2.amazonaws.com\/wp-content\/uploads\/2026\/03\/Isidro-Santos-Foto-Indrhi.jpeg 1536w, https:\/\/nuevodiario-assets.s3.us-east-2.amazonaws.com\/wp-content\/uploads\/2026\/03\/Isidro-Santos-Foto-Indrhi.jpeg 410w, https:\/\/nuevodiario-assets.s3.us-east-2.amazonaws.com\/wp-content\/uploads\/2026\/03\/Isidro-Santos-Foto-Indrhi.jpeg 600w, https:\/\/nuevodiario-assets.s3.us-east-2.amazonaws.com\/wp-content\/uploads\/2026\/03\/Isidro-Santos-Foto-Indrhi.jpeg 1280w\" sizes=\"auto, (max-width: 640px) 100vw, 640px\"\/><figcaption id=\"caption-attachment-3041155\" class=\"wp-caption-text\"><strong>Isidro Santos (Foto: Indrhi)<\/strong><\/figcaption><\/figure>\n<p>La charla fue impartida por Jos\u00e9 Junior Caraballo, coordinador de Proyectos en la Oficina Sectorial de la Mujer Agropecuaria (OSAM) del Ministerio de Agricultura, quien abord\u00f3 temas como la importancia de la tecnificaci\u00f3n de las tierras, el acceso a capacitaciones, las oportunidades para la mujer agropecuaria, las \u00e1reas estrat\u00e9gicas de crecimiento y desarrollo, as\u00ed como los sectores que integran la Pol\u00edtica Nacional de Igualdad de G\u00e9nero del sector agropecuario.<\/p>\n<p>En ese contexto, se resalt\u00f3 el papel del Indrhi dentro de esta pol\u00edtica p\u00fablica, al garantizar el acceso equitativo al agua para riego, un recurso esencial para la producci\u00f3n agr\u00edcola. Plante\u00f3 que la gesti\u00f3n sostenible permite que las mujeres rurales tengan mayores oportunidades de acceder a sistemas de riego, integrarse a las juntas de regantes y mejorar su productividad, contribuyendo as\u00ed a fortalecer su autonom\u00eda econ\u00f3mica y a reducir las brechas de desigualdad en el campo.<\/p>\n<figure id=\"attachment_3041151\" aria-describedby=\"caption-attachment-3041151\" style=\"width: 1600px\" class=\"wp-caption alignnone\"><img data-recalc-dims=\"1\" data-dominant-color=\"a3a9b8\" data-has-transparency=\"false\" style=\"--dominant-color: #a3a9b8;\" loading=\"lazy\" decoding=\"async\" class=\"size-full wp-image-3041151 not-transparent\" src=\"https:\/\/i0.wp.com\/nuevodiario-assets.s3.us-east-2.amazonaws.com\/wp-content\/uploads\/2026\/03\/Felicita-Beronica-Montero-Foto-Indrhi.jpeg?resize=640%2C428&amp;quality=100&amp;ssl=1\" alt=\"\" width=\"640\" height=\"428\" srcset=\"https:\/\/nuevodiario-assets.s3.us-east-2.amazonaws.com\/wp-content\/uploads\/2026\/03\/Felicita-Beronica-Montero-Foto-Indrhi.jpeg 1600w, https:\/\/nuevodiario-assets.s3.us-east-2.amazonaws.com\/wp-content\/uploads\/2026\/03\/Felicita-Beronica-Montero-Foto-Indrhi.jpeg 400w, https:\/\/nuevodiario-assets.s3.us-east-2.amazonaws.com\/wp-content\/uploads\/2026\/03\/Felicita-Beronica-Montero-Foto-Indrhi.jpeg 800w, https:\/\/nuevodiario-assets.s3.us-east-2.amazonaws.com\/wp-content\/uploads\/2026\/03\/Felicita-Beronica-Montero-Foto-Indrhi.jpeg 768w, https:\/\/nuevodiario-assets.s3.us-east-2.amazonaws.com\/wp-content\/uploads\/2026\/03\/Felicita-Beronica-Montero-Foto-Indrhi.jpeg 1536w, https:\/\/nuevodiario-assets.s3.us-east-2.amazonaws.com\/wp-content\/uploads\/2026\/03\/Felicita-Beronica-Montero-Foto-Indrhi.jpeg 410w, https:\/\/nuevodiario-assets.s3.us-east-2.amazonaws.com\/wp-content\/uploads\/2026\/03\/Felicita-Beronica-Montero-Foto-Indrhi.jpeg 600w, https:\/\/nuevodiario-assets.s3.us-east-2.amazonaws.com\/wp-content\/uploads\/2026\/03\/Felicita-Beronica-Montero-Foto-Indrhi.jpeg 1280w\" sizes=\"auto, (max-width: 640px) 100vw, 640px\"\/><figcaption id=\"caption-attachment-3041151\" class=\"wp-caption-text\"><strong>Felicita Ber\u00f3nica Montero (Foto: Indrhi)<\/strong><\/figcaption><\/figure>\n<p>Durante la actividad, el instituto reconoci\u00f3 a diez colaboradoras de distintas \u00e1reas de la entidad, quienes recibieron medallas y un detalle en honor a su dedicaci\u00f3n y aportes institucionales.<\/p>\n<p>Las colaboradoras reconocidas fueron Carmen Castillo, Felicita Ber\u00f3nica Montero, Yulendy Peralta, Silvana Tav\u00e1res, Jacqueline Ubiera, Heidy Reyes, Elizabeth Reyes, Mar\u00eda Varona Roche, Ana Garc\u00eda Ure\u00f1a y Zenobia Cep\u00edn Jim\u00e9nez.<\/p>\n<p>Las palabras de agradecimiento en representaci\u00f3n de las galardonadas estuvieron a cargo de Felicita Ber\u00f3nica Montero, de la Direcci\u00f3n de Planificaci\u00f3n y Desarrollo Institucional, quien expres\u00f3 que recibir este reconocimiento constituye un honor que las llena de orgullo y las motiva a continuar desempe\u00f1ando sus funciones con profesionalismo y compromiso, contribuyendo al crecimiento del instituto y del pa\u00eds.<\/p>\n<figure id=\"attachment_3041153\" aria-describedby=\"caption-attachment-3041153\" style=\"width: 1600px\" class=\"wp-caption alignnone\"><img data-recalc-dims=\"1\" data-dominant-color=\"847a77\" data-has-transparency=\"false\" style=\"--dominant-color: #847a77;\" loading=\"lazy\" decoding=\"async\" class=\"size-full wp-image-3041153 not-transparent\" src=\"https:\/\/i0.wp.com\/nuevodiario-assets.s3.us-east-2.amazonaws.com\/wp-content\/uploads\/2026\/03\/Charla-interinstitucional-Impacto-y-brechas-de-genero-de-la-mujer-en-el-sector-agropecuario-Foto-Indrhi.jpeg?resize=640%2C428&amp;quality=100&amp;ssl=1\" alt=\"\" width=\"640\" height=\"428\" srcset=\"https:\/\/nuevodiario-assets.s3.us-east-2.amazonaws.com\/wp-content\/uploads\/2026\/03\/Charla-interinstitucional-Impacto-y-brechas-de-genero-de-la-mujer-en-el-sector-agropecuario-Foto-Indrhi.jpeg 1600w, https:\/\/nuevodiario-assets.s3.us-east-2.amazonaws.com\/wp-content\/uploads\/2026\/03\/Charla-interinstitucional-Impacto-y-brechas-de-genero-de-la-mujer-en-el-sector-agropecuario-Foto-Indrhi.jpeg 400w, https:\/\/nuevodiario-assets.s3.us-east-2.amazonaws.com\/wp-content\/uploads\/2026\/03\/Charla-interinstitucional-Impacto-y-brechas-de-genero-de-la-mujer-en-el-sector-agropecuario-Foto-Indrhi.jpeg 800w, https:\/\/nuevodiario-assets.s3.us-east-2.amazonaws.com\/wp-content\/uploads\/2026\/03\/Charla-interinstitucional-Impacto-y-brechas-de-genero-de-la-mujer-en-el-sector-agropecuario-Foto-Indrhi.jpeg 768w, https:\/\/nuevodiario-assets.s3.us-east-2.amazonaws.com\/wp-content\/uploads\/2026\/03\/Charla-interinstitucional-Impacto-y-brechas-de-genero-de-la-mujer-en-el-sector-agropecuario-Foto-Indrhi.jpeg 1536w, https:\/\/nuevodiario-assets.s3.us-east-2.amazonaws.com\/wp-content\/uploads\/2026\/03\/Charla-interinstitucional-Impacto-y-brechas-de-genero-de-la-mujer-en-el-sector-agropecuario-Foto-Indrhi.jpeg 410w, https:\/\/nuevodiario-assets.s3.us-east-2.amazonaws.com\/wp-content\/uploads\/2026\/03\/Charla-interinstitucional-Impacto-y-brechas-de-genero-de-la-mujer-en-el-sector-agropecuario-Foto-Indrhi.jpeg 600w, https:\/\/nuevodiario-assets.s3.us-east-2.amazonaws.com\/wp-content\/uploads\/2026\/03\/Charla-interinstitucional-Impacto-y-brechas-de-genero-de-la-mujer-en-el-sector-agropecuario-Foto-Indrhi.jpeg 1280w\" sizes=\"auto, (max-width: 640px) 100vw, 640px\"\/><figcaption id=\"caption-attachment-3041153\" class=\"wp-caption-text\"><strong>Charla interinstitucional \u201cImpacto y brechas de g\u00e9nero de la mujer en el sector agropecuario\u201d (Foto: Indrhi)<\/strong><\/figcaption><\/figure>\n<p>Asimismo, destac\u00f3 que este tipo de iniciativas confirman que el talento, la preparaci\u00f3n y la excelencia no tienen g\u00e9nero, y que las mujeres contin\u00faan demostrando su capacidad de liderazgo y aporte al desarrollo institucional.<\/p>\n<p>La actividad fue organizada por la Unidad de Equidad de G\u00e9nero del Indrhi, a cargo de Mar\u00eda Altagracia de Jes\u00fas, y cont\u00f3 con una amplia participaci\u00f3n de directores de \u00e1rea y colaboradores de la instituci\u00f3n. Se desarroll\u00f3 en el sal\u00f3n de conferencias del edificio 1 de la sede central y culmin\u00f3 con una presentaci\u00f3n art\u00edstica.<\/p>\n<p>ADDP\/<\/p>\n<figure id=\"attachment_3041154\" aria-describedby=\"caption-attachment-3041154\" style=\"width: 1600px\" class=\"wp-caption alignnone\"><img data-recalc-dims=\"1\" data-dominant-color=\"7c6b69\" data-has-transparency=\"false\" style=\"--dominant-color: #7c6b69;\" loading=\"lazy\" decoding=\"async\" class=\"size-full wp-image-3041154 not-transparent\" src=\"https:\/\/i0.wp.com\/nuevodiario-assets.s3.us-east-2.amazonaws.com\/wp-content\/uploads\/2026\/03\/5FOTO.jpeg?resize=640%2C428&amp;quality=100&amp;ssl=1\" alt=\"\" width=\"640\" height=\"428\" srcset=\"https:\/\/nuevodiario-assets.s3.us-east-2.amazonaws.com\/wp-content\/uploads\/2026\/03\/5FOTO.jpeg 1600w, https:\/\/nuevodiario-assets.s3.us-east-2.amazonaws.com\/wp-content\/uploads\/2026\/03\/5FOTO.jpeg 400w, https:\/\/nuevodiario-assets.s3.us-east-2.amazonaws.com\/wp-content\/uploads\/2026\/03\/5FOTO.jpeg 800w, https:\/\/nuevodiario-assets.s3.us-east-2.amazonaws.com\/wp-content\/uploads\/2026\/03\/5FOTO.jpeg 768w, https:\/\/nuevodiario-assets.s3.us-east-2.amazonaws.com\/wp-content\/uploads\/2026\/03\/5FOTO.jpeg 1536w, https:\/\/nuevodiario-assets.s3.us-east-2.amazonaws.com\/wp-content\/uploads\/2026\/03\/5FOTO.jpeg 410w, https:\/\/nuevodiario-assets.s3.us-east-2.amazonaws.com\/wp-content\/uploads\/2026\/03\/5FOTO.jpeg 600w, https:\/\/nuevodiario-assets.s3.us-east-2.amazonaws.com\/wp-content\/uploads\/2026\/03\/5FOTO.jpeg 1280w\" sizes=\"auto, (max-width: 640px) 100vw, 640px\"\/><figcaption id=\"caption-attachment-3041154\" class=\"wp-caption-text\"><strong>Autoridades del Indrhi (Foto: Indrhi)<\/strong><\/figcaption><\/figure>\n<p><h3 class=\"jp-relatedposts-headline\"><em>Relacionado<\/em><\/h3>\n<\/p>\n<p>\t\t\t\t\t\t<!-- .entry-footer --><br \/>\n\t\t\t\t\t\t<!-- \n\n<div data-type=\"_mgwidget\" data-widget-id=\"1743501\"><\/div>\n\n  -->\n\t\t\t\t\t<\/div>\n","protected":false},"excerpt":{"rendered":"<p>Leer resumen de la noticia (IA) CLICK AQU\u00cd Analizando noticia&#8230; por favor espera. EL NUEVO DIARIO, SANTO DOMINGO.- En el marco de la conmemoraci\u00f3n del D\u00eda Internacional de la Mujer, el Instituto Nacional de Recursos Hidr\u00e1ulicos (Indrhi) organiz\u00f3 la charla interinstitucional \u201cImpacto y brechas de g\u00e9nero de la mujer en el sector agropecuario\u201d, seguido de<\/p>\n","protected":false},"author":1,"featured_media":26222,"comment_status":"open","ping_status":"open","sticky":false,"template":"","format":"standard","meta":{"footnotes":""},"categories":[1],"tags":[],"class_list":["post-26221","post","type-post","status-publish","format-standard","has-post-thumbnail","hentry","category-nacionales"],"_links":{"self":[{"href":"https:\/\/acronoticias.com\/index.php\/wp-json\/wp\/v2\/posts\/26221","targetHints":{"allow":["GET"]}}],"collection":[{"href":"https:\/\/acronoticias.com\/index.php\/wp-json\/wp\/v2\/posts"}],"about":[{"href":"https:\/\/acronoticias.com\/index.php\/wp-json\/wp\/v2\/types\/post"}],"author":[{"embeddable":true,"href":"https:\/\/acronoticias.com\/index.php\/wp-json\/wp\/v2\/users\/1"}],"replies":[{"embeddable":true,"href":"https:\/\/acronoticias.com\/index.php\/wp-json\/wp\/v2\/comments?post=26221"}],"version-history":[{"count":0,"href":"https:\/\/acronoticias.com\/index.php\/wp-json\/wp\/v2\/posts\/26221\/revisions"}],"wp:featuredmedia":[{"embeddable":true,"href":"https:\/\/acronoticias.com\/index.php\/wp-json\/wp\/v2\/media\/26222"}],"wp:attachment":[{"href":"https:\/\/acronoticias.com\/index.php\/wp-json\/wp\/v2\/media?parent=26221"}],"wp:term":[{"taxonomy":"category","embeddable":true,"href":"https:\/\/acronoticias.com\/index.php\/wp-json\/wp\/v2\/categories?post=26221"},{"taxonomy":"post_tag","embeddable":true,"href":"https:\/\/acronoticias.com\/index.php\/wp-json\/wp\/v2\/tags?post=26221"}],"curies":[{"name":"wp","href":"https:\/\/api.w.org\/{rel}","templated":true}]}}