{"id":26187,"date":"2026-03-08T13:01:40","date_gmt":"2026-03-08T13:01:40","guid":{"rendered":"https:\/\/acronoticias.com\/index.php\/2026\/03\/08\/reportan-joven-como-desaparecida-en-hato-mayor-del-rey-el-nuevo-diario-republica-dominicana\/"},"modified":"2026-03-08T13:01:40","modified_gmt":"2026-03-08T13:01:40","slug":"reportan-joven-como-desaparecida-en-hato-mayor-del-rey-el-nuevo-diario-republica-dominicana","status":"publish","type":"post","link":"https:\/\/acronoticias.com\/index.php\/2026\/03\/08\/reportan-joven-como-desaparecida-en-hato-mayor-del-rey-el-nuevo-diario-republica-dominicana\/","title":{"rendered":"Reportan joven como desaparecida en Hato Mayor del Rey \u2013 El Nuevo Diario (Rep\u00fablica Dominicana)"},"content":{"rendered":"<div>\n<div id=\"gemini-summary-wrapper\" class=\"mb-3\">\n                <button id=\"btn-get-summary\" class=\"gemini-btn\" data-post-id=\"3040980\" data-post-title=\"Reportan joven como desaparecida en Hato Mayor del Rey\"><br \/>\n                    Leer resumen <b class=\"d-none d-md-inline\">de la noticia<\/b> (IA) <span>CLICK AQU\u00cd<\/span><br \/>\n                <\/button><\/p>\n<div id=\"gemini-loading\" class=\"mb-3\">\n<p>                    <span>Analizando noticia&#8230; por favor espera.<\/span>\n                <\/div>\n<\/p><\/div>\n<p>EL NUEVO DIARIO, HATO MAYOR.- Familiares reportaron a una joven como desaparecida desde la noche del jueves en Hato Mayor.<\/p>\n<p>Se trata de Edili Garc\u00eda Ram\u00edrez, de 29 a\u00f1os de edad, residente en el sector Villa Canto, en la prolongaci\u00f3n Julio Lluberes, municipio Hato Mayor del Rey.<\/p>\n<p>De acuerdo con las informaciones ofrecidas por sus parientes, la joven sali\u00f3 de su vivienda a eso de la 8: 00 P. M. en la citada fecha manifestando que se dirigir\u00eda a la casa de una amiga, pero desde entonces no han vuelto a tener noticias sobre su paradero.<\/p>\n<p>Al momento de salir, Ram\u00edrez se desplazaba en una yipeta Hyundai Tucson, color blanco, a\u00f1o 2014, veh\u00edculo que es propiedad de su madre.<\/p>\n<p>Ante la preocupaci\u00f3n por su desaparici\u00f3n, sus familiares solicitaron la colaboraci\u00f3n de la ciudadan\u00eda para obtener cualquier informaci\u00f3n que permita dar con su ubicaci\u00f3n.<\/p>\n<p>Para cualquier informaci\u00f3n sobre su paradero se ofrecieron los n\u00fameros telef\u00f3nicos 829-272-7367 (\u00c1ngel Jos\u00e9) y 829-348-0925 (Eddy Ram\u00edrez).<\/p>\n<p>ADDP\/<\/p>\n<p><h3 class=\"jp-relatedposts-headline\"><em>Relacionado<\/em><\/h3>\n<\/p>\n<p>\t\t\t\t\t\t<!-- .entry-footer --><br \/>\n\t\t\t\t\t\t<!-- \n\n<div data-type=\"_mgwidget\" data-widget-id=\"1743501\"><\/div>\n\n  -->\n\t\t\t\t\t<\/div>\n","protected":false},"excerpt":{"rendered":"<p>Leer resumen de la noticia (IA) CLICK AQU\u00cd Analizando noticia&#8230; por favor espera. EL NUEVO DIARIO, HATO MAYOR.- Familiares reportaron a una joven como desaparecida desde la noche del jueves en Hato Mayor. Se trata de Edili Garc\u00eda Ram\u00edrez, de 29 a\u00f1os de edad, residente en el sector Villa Canto, en la prolongaci\u00f3n Julio Lluberes,<\/p>\n","protected":false},"author":1,"featured_media":26188,"comment_status":"open","ping_status":"open","sticky":false,"template":"","format":"standard","meta":{"footnotes":""},"categories":[1],"tags":[],"class_list":["post-26187","post","type-post","status-publish","format-standard","has-post-thumbnail","hentry","category-nacionales"],"_links":{"self":[{"href":"https:\/\/acronoticias.com\/index.php\/wp-json\/wp\/v2\/posts\/26187","targetHints":{"allow":["GET"]}}],"collection":[{"href":"https:\/\/acronoticias.com\/index.php\/wp-json\/wp\/v2\/posts"}],"about":[{"href":"https:\/\/acronoticias.com\/index.php\/wp-json\/wp\/v2\/types\/post"}],"author":[{"embeddable":true,"href":"https:\/\/acronoticias.com\/index.php\/wp-json\/wp\/v2\/users\/1"}],"replies":[{"embeddable":true,"href":"https:\/\/acronoticias.com\/index.php\/wp-json\/wp\/v2\/comments?post=26187"}],"version-history":[{"count":0,"href":"https:\/\/acronoticias.com\/index.php\/wp-json\/wp\/v2\/posts\/26187\/revisions"}],"wp:featuredmedia":[{"embeddable":true,"href":"https:\/\/acronoticias.com\/index.php\/wp-json\/wp\/v2\/media\/26188"}],"wp:attachment":[{"href":"https:\/\/acronoticias.com\/index.php\/wp-json\/wp\/v2\/media?parent=26187"}],"wp:term":[{"taxonomy":"category","embeddable":true,"href":"https:\/\/acronoticias.com\/index.php\/wp-json\/wp\/v2\/categories?post=26187"},{"taxonomy":"post_tag","embeddable":true,"href":"https:\/\/acronoticias.com\/index.php\/wp-json\/wp\/v2\/tags?post=26187"}],"curies":[{"name":"wp","href":"https:\/\/api.w.org\/{rel}","templated":true}]}}