{"id":26175,"date":"2026-03-08T11:22:57","date_gmt":"2026-03-08T11:22:57","guid":{"rendered":"https:\/\/acronoticias.com\/index.php\/2026\/03\/08\/apresan-a-dominicano-que-tenia-16-anos-profugo-por-homicidio\/"},"modified":"2026-03-08T11:22:57","modified_gmt":"2026-03-08T11:22:57","slug":"apresan-a-dominicano-que-tenia-16-anos-profugo-por-homicidio","status":"publish","type":"post","link":"https:\/\/acronoticias.com\/index.php\/2026\/03\/08\/apresan-a-dominicano-que-tenia-16-anos-profugo-por-homicidio\/","title":{"rendered":"Apresan a dominicano que ten\u00eda 16 a\u00f1os pr\u00f3fugo por homicidio"},"content":{"rendered":"<div data-td-block-uid=\"tdi_101\">\n<div class=\"tdb-block-inner td-fix-index\">\n<p><strong>Santo Domingo.-<\/strong> La <strong>Polic\u00eda Nacional<\/strong> inform\u00f3 sobre la captura de un hombre que permanec\u00eda <strong>pr\u00f3fugo de la justicia dominicana desde hace 16 a\u00f1os<\/strong>, acusado de <strong>homicidio<\/strong> y de violaciones a la <strong>Ley de Armas<\/strong>, tras ser deportado desde <strong>Estados Unidos<\/strong>.<\/p>\n<p>El detenido fue identificado como <strong>Ygnacio Ney D\u00edaz<\/strong>, alias \u201cB\u00e1cora\u201d, de <strong>65 a\u00f1os<\/strong>, quien fue arrestado al arribar al pa\u00eds en un vuelo del <strong>Servicio de Inmigraci\u00f3n y Control de Aduanas de los Estados Unidos (ICE)<\/strong> por el <strong>Aeropuerto Internacional de Las Am\u00e9ricas Dr. Jos\u00e9 Francisco Pe\u00f1a G\u00f3mez (AILA)<\/strong>.<\/p>\n<p>De acuerdo con el informe policial, el arresto fue realizado por agentes de la <strong>Polic\u00eda Nacional de la Rep\u00fablica Dominicana<\/strong>, a trav\u00e9s de la <strong>INTERPOL Santo Domingo<\/strong>, en coordinaci\u00f3n con autoridades estadounidenses y la <strong>Direcci\u00f3n General de Migraci\u00f3n<\/strong>, luego de verificarse que el imputado figuraba con una <strong>notificaci\u00f3n roja de b\u00fasqueda y captura internacional<\/strong>.<\/p>\n<p>D\u00edaz era requerido por hechos ocurridos el <strong>17 de diciembre de 2010<\/strong> en la provincia de <strong>Barahona<\/strong>, tras los cuales permaneci\u00f3 evadiendo la justicia por m\u00e1s de una d\u00e9cada y media.<\/p>\n<p>El imputado es requerido mediante la <strong>orden de arresto No. 2909-2011<\/strong>, emitida el <strong>1 de febrero de 2011<\/strong> por la Oficina Judicial de Servicios de Atenci\u00f3n Permanente del Distrito Judicial de Barahona, que dispone su captura por su <strong>presunta implicaci\u00f3n en homicidio<\/strong>, as\u00ed como por <strong>comercio, porte y tenencia ilegal de armas de fuego<\/strong>.<\/p>\n<p>Actualmente, el detenido se encuentra <strong>bajo control del Ministerio P\u00fablico<\/strong> para los fines legales correspondientes, mientras avanzan los procedimientos judiciales en su contra.<\/p>\n<\/div>\n<\/div>\n","protected":false},"excerpt":{"rendered":"<p>Santo Domingo.- La Polic\u00eda Nacional inform\u00f3 sobre la captura de un hombre que permanec\u00eda pr\u00f3fugo de la justicia dominicana desde hace 16 a\u00f1os, acusado de homicidio y de violaciones a la Ley de Armas, tras ser deportado desde Estados Unidos. El detenido fue identificado como Ygnacio Ney D\u00edaz, alias \u201cB\u00e1cora\u201d, de 65 a\u00f1os, quien fue<\/p>\n","protected":false},"author":1,"featured_media":26176,"comment_status":"open","ping_status":"open","sticky":false,"template":"","format":"standard","meta":{"footnotes":""},"categories":[1],"tags":[],"class_list":["post-26175","post","type-post","status-publish","format-standard","has-post-thumbnail","hentry","category-nacionales"],"_links":{"self":[{"href":"https:\/\/acronoticias.com\/index.php\/wp-json\/wp\/v2\/posts\/26175","targetHints":{"allow":["GET"]}}],"collection":[{"href":"https:\/\/acronoticias.com\/index.php\/wp-json\/wp\/v2\/posts"}],"about":[{"href":"https:\/\/acronoticias.com\/index.php\/wp-json\/wp\/v2\/types\/post"}],"author":[{"embeddable":true,"href":"https:\/\/acronoticias.com\/index.php\/wp-json\/wp\/v2\/users\/1"}],"replies":[{"embeddable":true,"href":"https:\/\/acronoticias.com\/index.php\/wp-json\/wp\/v2\/comments?post=26175"}],"version-history":[{"count":0,"href":"https:\/\/acronoticias.com\/index.php\/wp-json\/wp\/v2\/posts\/26175\/revisions"}],"wp:featuredmedia":[{"embeddable":true,"href":"https:\/\/acronoticias.com\/index.php\/wp-json\/wp\/v2\/media\/26176"}],"wp:attachment":[{"href":"https:\/\/acronoticias.com\/index.php\/wp-json\/wp\/v2\/media?parent=26175"}],"wp:term":[{"taxonomy":"category","embeddable":true,"href":"https:\/\/acronoticias.com\/index.php\/wp-json\/wp\/v2\/categories?post=26175"},{"taxonomy":"post_tag","embeddable":true,"href":"https:\/\/acronoticias.com\/index.php\/wp-json\/wp\/v2\/tags?post=26175"}],"curies":[{"name":"wp","href":"https:\/\/api.w.org\/{rel}","templated":true}]}}