{"id":26173,"date":"2026-03-08T11:17:47","date_gmt":"2026-03-08T11:17:47","guid":{"rendered":"https:\/\/acronoticias.com\/index.php\/2026\/03\/08\/carlos-adames-con-fecha-para-defensa\/"},"modified":"2026-03-08T11:17:47","modified_gmt":"2026-03-08T11:17:47","slug":"carlos-adames-con-fecha-para-defensa","status":"publish","type":"post","link":"https:\/\/acronoticias.com\/index.php\/2026\/03\/08\/carlos-adames-con-fecha-para-defensa\/","title":{"rendered":"Carlos Adames, con fecha para defensa"},"content":{"rendered":"<div>\n<div class=\"c-detail__author full\">\n<div>\n<div class=\"c-detail__author__thumb\">\n<figure>\n                                <picture src=\"https:\/\/imagenes.hoy.com.do\/files\/image_square_xs\/uploads\/2025\/12\/15\/693fcb65794ee.png\" data-size=\"w:40,h:40\">\n                                    <img decoding=\"async\" loading=\"lazy\" alt=\"Primitivo Cadete\" width=\"40\" height=\"40\" src=\"https:\/\/imagenes.hoy.com.do\/files\/image_square_xs\/uploads\/2025\/12\/15\/693fcb65794ee.png\"\/>\n                                <\/picture>\n                                <\/figure>\n<\/div>\n<\/div>\n<\/div>\n<p>                                                                                            <!-- --><\/p>\n<p class=\"paragraph\"><b>El dominicano Carlos \u201cCaballo Bronco\u201d <\/b>Adames no pudo subir al ring el 31 de enero de este a\u00f1o para defender su t\u00edtulo de campe\u00f3n mundial ante el estadounidense Austin \u201cAmmo\u201d Williams debido a complicaciones de salud.<\/p>\n<p class=\"paragraph\">El pleito hab\u00eda sido pactado para celebrarse en el legendario Madison Square Garden de  Nueva York.<\/p>\n<p class=\"paragraph\">La nueva fecha del esperado combate ya fue anunciada: el 21 de este mes en el Caribe Royale Resort de Orlando, Florida.<\/p>\n<p class=\"paragraph\">El pleito ser\u00e1 el estelar de una cartelera que ser\u00e1 transmitida al mundo por  la plataforma DAZN.<\/p>\n<p class=\"paragraph\"><i><b>\u201cCaballo Bronco\u201d Adames es el campe\u00f3n del peso mediano (160 libras) por el Consejo Mundial de Boxeo (CMB).<\/b><\/i><\/p>\n<div class=\"c-detail__box \">\n<article class=\"c-detail__sumario \">\n<figure class=\"c-detail__sumario__thumb\" style=\"display: block;\">\n            <a href=\"#\" title=\"\">\n                <picture data-size=\"w:140,h:140\" loading=\"lazy\" src=\"https:\/\/imagenes.hoy.com.do\/files\/related_image\/uploads\/2026\/03\/02\/69a62cce8b8be.jpeg\" data-full-src=\"https:\/\/imagenes.hoy.com.do\/uploads\/2026\/03\/02\/69a62cce8b8be.jpeg\">\n                    <img loading=\"lazy\" decoding=\"async\" width=\"140\" height=\"140\" alt=\"Freudi Franco, boxeador dominicano.\" src=\"https:\/\/imagenes.hoy.com.do\/uploads\/2026\/03\/02\/69a62cce8b8be.jpeg\"\/>\n                <\/picture>\n            <\/a><br \/>\n        <\/figure>\n<\/article>\n<\/div>\n<p class=\"paragraph\">Para el dominicano  ser\u00e1 la tercera defensa como campe\u00f3n regular de su corona, la cual  conquist\u00f3 el 8 de octubre del 2022, tras vencer  por nocaut, en tres asaltos, al mexicano Juan Mac\u00edas Montiel.<\/p>\n<p class=\"paragraph\">Desde que se corono campe\u00f3n mundial, Adames ha realizado cuatro defensas. Sin embargo, la primera fue en condici\u00f3n de campe\u00f3n interino contra el estadounidense Juli\u00e1n Williams, a quien derrot\u00f3 por nocaut.<\/p>\n<p class=\"paragraph\">Su primera defensa como monarca regular fue ante Terrel Gausha, a quien venci\u00f3 por decisi\u00f3n un\u00e1nime y luego empat\u00f3 en Arabia Saudita contra el ingl\u00e9s Hamzah Sheeraz en un combate donde todos lo vieron ganar, menos los jueces. Desde entonces  no sube al ring.\u00a0<\/p>\n<\/div>\n","protected":false},"excerpt":{"rendered":"<p>El dominicano Carlos \u201cCaballo Bronco\u201d Adames no pudo subir al ring el 31 de enero de este a\u00f1o para defender su t\u00edtulo de campe\u00f3n mundial ante el estadounidense Austin \u201cAmmo\u201d Williams debido a complicaciones de salud. El pleito hab\u00eda sido pactado para celebrarse en el legendario Madison Square Garden de Nueva York. La nueva fecha<\/p>\n","protected":false},"author":1,"featured_media":26174,"comment_status":"open","ping_status":"open","sticky":false,"template":"","format":"standard","meta":{"footnotes":""},"categories":[2],"tags":[],"class_list":["post-26173","post","type-post","status-publish","format-standard","has-post-thumbnail","hentry","category-deporte"],"_links":{"self":[{"href":"https:\/\/acronoticias.com\/index.php\/wp-json\/wp\/v2\/posts\/26173","targetHints":{"allow":["GET"]}}],"collection":[{"href":"https:\/\/acronoticias.com\/index.php\/wp-json\/wp\/v2\/posts"}],"about":[{"href":"https:\/\/acronoticias.com\/index.php\/wp-json\/wp\/v2\/types\/post"}],"author":[{"embeddable":true,"href":"https:\/\/acronoticias.com\/index.php\/wp-json\/wp\/v2\/users\/1"}],"replies":[{"embeddable":true,"href":"https:\/\/acronoticias.com\/index.php\/wp-json\/wp\/v2\/comments?post=26173"}],"version-history":[{"count":0,"href":"https:\/\/acronoticias.com\/index.php\/wp-json\/wp\/v2\/posts\/26173\/revisions"}],"wp:featuredmedia":[{"embeddable":true,"href":"https:\/\/acronoticias.com\/index.php\/wp-json\/wp\/v2\/media\/26174"}],"wp:attachment":[{"href":"https:\/\/acronoticias.com\/index.php\/wp-json\/wp\/v2\/media?parent=26173"}],"wp:term":[{"taxonomy":"category","embeddable":true,"href":"https:\/\/acronoticias.com\/index.php\/wp-json\/wp\/v2\/categories?post=26173"},{"taxonomy":"post_tag","embeddable":true,"href":"https:\/\/acronoticias.com\/index.php\/wp-json\/wp\/v2\/tags?post=26173"}],"curies":[{"name":"wp","href":"https:\/\/api.w.org\/{rel}","templated":true}]}}