{"id":26143,"date":"2026-03-08T08:12:14","date_gmt":"2026-03-08T08:12:14","guid":{"rendered":"https:\/\/acronoticias.com\/index.php\/2026\/03\/08\/estadio-olimpico-toma-forma-con-llegada-de-pistas\/"},"modified":"2026-03-08T08:12:14","modified_gmt":"2026-03-08T08:12:14","slug":"estadio-olimpico-toma-forma-con-llegada-de-pistas","status":"publish","type":"post","link":"https:\/\/acronoticias.com\/index.php\/2026\/03\/08\/estadio-olimpico-toma-forma-con-llegada-de-pistas\/","title":{"rendered":"Estadio Ol\u00edmpico toma forma con llegada de pistas"},"content":{"rendered":"<div>\n<p>                                                                                            <!-- --><\/p>\n<p class=\"paragraph\">El Comit\u00e9 Organizador de los <b>XXV Juegos Centroamericanos y del Caribe Santo Domingo Domingo<\/b> 2026 ha recibido los materiales de la pista principal y la de calentamiento que ser\u00e1n instaladas en el Estadio Ol\u00edmpico para la celebraci\u00f3n de las competencias de atletismo y de la ceremonia de inauguraci\u00f3n y de clausura de los Juegos.<\/p>\n<p class=\"paragraph\">La empresa  Mondo, radicada en Italia, ya envi\u00f3  el embarque desde Europa, seg\u00fan explic\u00f3 el arquitecto Jes\u00fas Requena, de la <b>empresa AST Sports, <\/b>quien  tiene a su cargo la colocaci\u00f3n del mismo.<\/p>\n<figure class=\"c-detail__media \"><figcaption class=\"c-detail__media__txt\">\n<p class=\"c-detail__media__subtitle\">\n<p>        <span class=\"c-detail__media__credit \">Un montacarga descarga desmonta materiales de pistas<\/span><\/p>\n<\/figcaption><\/figure>\n<p class=\"paragraph\">Desde hace meses atr\u00e1s, el estadio ol\u00edmpico F\u00e9lix S\u00e1nchez y la pista de calentamiento est\u00e1n siendo sometidos a un profundo proceso de remozamiento de cara a dejar la obra como una \u201ctacita de cristal\u201d para los Juegos. Se inform\u00f3 que las pistas son similares en longitud y calidad y ser\u00e1 calificada como pista categor\u00eda uno, lo que permitir\u00e1 la realizaci\u00f3n de cualquier evento internacional, incluyendo un Mundial de Atletismo.<\/p>\n<div class=\"c-detail__box \">\n<article class=\"c-detail__sumario \">\n<figure class=\"c-detail__sumario__thumb\" style=\"display: block;\">\n            <a href=\"#\" title=\"\">\n                <picture data-size=\"w:140,h:140\" loading=\"lazy\" src=\"https:\/\/imagenes.hoy.com.do\/files\/related_image\/files\/fp\/uploads\/2026\/02\/25\/699fa3d6b1b33.r_d.1047-947.jpeg\" data-full-src=\"https:\/\/imagenes.hoy.com.do\/uploads\/2026\/02\/25\/699fa3d6b1b33.jpeg\">\n                    <img loading=\"lazy\" decoding=\"async\" width=\"140\" height=\"140\" alt=\"As\u00ed lucen los trabajos de remodelaci\u00f3n de la piscina ol\u00edmpica del Complejo Acu\u00e1tico en el Centro Ol\u00edmpico Juan Pablo Duarte\" src=\"https:\/\/imagenes.hoy.com.do\/uploads\/2026\/02\/25\/699fa3d6b1b33.jpeg\"\/>\n                <\/picture>\n            <\/a><br \/>\n        <\/figure>\n<\/article>\n<\/div>\n<p class=\"paragraph\">Se espera que el Ministerio de la Vivienda termine labores para iniciar sus instalaciones.<\/p>\n<\/div>\n","protected":false},"excerpt":{"rendered":"<p>El Comit\u00e9 Organizador de los XXV Juegos Centroamericanos y del Caribe Santo Domingo Domingo 2026 ha recibido los materiales de la pista principal y la de calentamiento que ser\u00e1n instaladas en el Estadio Ol\u00edmpico para la celebraci\u00f3n de las competencias de atletismo y de la ceremonia de inauguraci\u00f3n y de clausura de los Juegos. La<\/p>\n","protected":false},"author":1,"featured_media":26144,"comment_status":"open","ping_status":"open","sticky":false,"template":"","format":"standard","meta":{"footnotes":""},"categories":[2],"tags":[],"class_list":["post-26143","post","type-post","status-publish","format-standard","has-post-thumbnail","hentry","category-deporte"],"_links":{"self":[{"href":"https:\/\/acronoticias.com\/index.php\/wp-json\/wp\/v2\/posts\/26143","targetHints":{"allow":["GET"]}}],"collection":[{"href":"https:\/\/acronoticias.com\/index.php\/wp-json\/wp\/v2\/posts"}],"about":[{"href":"https:\/\/acronoticias.com\/index.php\/wp-json\/wp\/v2\/types\/post"}],"author":[{"embeddable":true,"href":"https:\/\/acronoticias.com\/index.php\/wp-json\/wp\/v2\/users\/1"}],"replies":[{"embeddable":true,"href":"https:\/\/acronoticias.com\/index.php\/wp-json\/wp\/v2\/comments?post=26143"}],"version-history":[{"count":0,"href":"https:\/\/acronoticias.com\/index.php\/wp-json\/wp\/v2\/posts\/26143\/revisions"}],"wp:featuredmedia":[{"embeddable":true,"href":"https:\/\/acronoticias.com\/index.php\/wp-json\/wp\/v2\/media\/26144"}],"wp:attachment":[{"href":"https:\/\/acronoticias.com\/index.php\/wp-json\/wp\/v2\/media?parent=26143"}],"wp:term":[{"taxonomy":"category","embeddable":true,"href":"https:\/\/acronoticias.com\/index.php\/wp-json\/wp\/v2\/categories?post=26143"},{"taxonomy":"post_tag","embeddable":true,"href":"https:\/\/acronoticias.com\/index.php\/wp-json\/wp\/v2\/tags?post=26143"}],"curies":[{"name":"wp","href":"https:\/\/api.w.org\/{rel}","templated":true}]}}