{"id":26142,"date":"2026-03-08T08:10:24","date_gmt":"2026-03-08T08:10:24","guid":{"rendered":"https:\/\/acronoticias.com\/index.php\/2026\/03\/08\/trump-reconoce-formalmente-al-gobierno-de-delcy-rodriguez-en-venezuela-noticias-sin-2\/"},"modified":"2026-03-08T08:10:24","modified_gmt":"2026-03-08T08:10:24","slug":"trump-reconoce-formalmente-al-gobierno-de-delcy-rodriguez-en-venezuela-noticias-sin-2","status":"publish","type":"post","link":"https:\/\/acronoticias.com\/index.php\/2026\/03\/08\/trump-reconoce-formalmente-al-gobierno-de-delcy-rodriguez-en-venezuela-noticias-sin-2\/","title":{"rendered":"Trump reconoce formalmente al Gobierno de Delcy Rodr\u00edguez en Venezuela \u2013 Noticias SIN"},"content":{"rendered":"<div id=\"nota-texto\">\n<p><strong>Miami.\u2013<\/strong> El presidente de Estados Unidos, <strong>Donald Trump<\/strong>, dijo este s\u00e1bado en una cumbre americana que esta semana ha reconocido formalmente al <strong>Gobierno de Delcy Rodr\u00edguez<\/strong> en Venezuela, al restablecer las relaciones diplom\u00e1ticas entre ambas naciones.<\/p>\n<p>\u00abMe complace decir que esta semana, hemos <strong>formalmente reconocido<\/strong> al <strong>Gobierno venezolano<\/strong>. De hecho, lo hemos reconocido legalmente\u00bb, indic\u00f3 Trump en su <strong>discurso inaugural<\/strong> de su iniciativa \u2018<strong>Escudo de las Am\u00e9ricas<\/strong>\u2018 en Miami, a donde invit\u00f3 a m\u00e1s de una decena de l\u00edderes de derecha de la regi\u00f3n.<\/p>\n<h3 class=\"wp-block-heading\"\/>\n<blockquote class=\"wp-block-quote is-layout-flow wp-block-quote-is-layout-flow\">\n<p>El mandatario estadounidense se refiri\u00f3 al anuncio de Washington y Caracas el jueves, cuando acordaron reanudar las relaciones diplom\u00e1ticas y consulares tras la intervenci\u00f3n militar de EE.UU. en Venezuela que deriv\u00f3 en la captura del gobernante venezolano, Nicol\u00e1s Maduro, el 3 de enero y en el subsecuente nombramiento de Rodr\u00edguez.<\/p>\n<\/blockquote>\n<p>El l\u00edder republicano indic\u00f3 que Estados Unidos est\u00e1 \u00abconsiguiendo una <strong>hist\u00f3rica transformaci\u00f3n<\/strong> en Venezuela\u00bb, pa\u00eds con el que <strong>rompi\u00f3 relaciones<\/strong> en 2019, durante el primer mandato de Trump (2017-2021), cuando Washington reconoci\u00f3 al opositor y entonces titular del Parlamento, <strong>Juan Guaid\u00f3<\/strong>, como presidente interino.<\/p>\n<p>Tambi\u00e9n destac\u00f3 que el <strong>Departamento del Tesoro<\/strong> de Estados Unidos emiti\u00f3 este viernes una licencia que autoriza determinadas actividades de empresas estadounidenses relacionadas con la explotaci\u00f3n y comercializaci\u00f3n de <strong>oro venezolano<\/strong>, un sector que hasta ahora estaba sujeto a sanciones.<\/p>\n<h3 class=\"wp-block-heading\"\/>\n<blockquote class=\"wp-block-quote is-layout-flow wp-block-quote-is-layout-flow\">\n<p>Por otro lado, vincul\u00f3 los esfuerzos en Venezuela con la presi\u00f3n de la Casa Blanca a Cuba, donde Estados Unidos restringi\u00f3 el suministro de crudo venezolano, y con su nueva \u2018Doctrina Donroe\u2019, que justifica la intervenci\u00f3n de Washington en la regi\u00f3n por seguridad nacional.<\/p>\n<\/blockquote>\n<p>\u00abComo estas situaciones en Venezuela y Cuba deber\u00edan dejar claro, bajo una <strong>nueva doctrina<\/strong>, es una <strong>nueva doctrina<\/strong> en la que no permitiremos que la <strong>influencia extranjera hostil<\/strong> logre establecerse en este <strong>hemisferio<\/strong>\u00ab, advirti\u00f3.<\/p>\n<h2 class=\"wp-block-heading\">Sobre la iniciativa<\/h2>\n<p>En la iniciativa \u2018<strong>Escudo de las Am\u00e9ricas<\/strong>\u2018 que Trump inaugur\u00f3 este fin de semana en Miami, casi 20 pa\u00edses de Latinoam\u00e9rica y el Caribe prometieron <strong>cooperar con EE.UU.<\/strong> para combatir con fuerza militar a los \u00abnarcoterroristas\u00bb.<\/p>\n<\/div>\n","protected":false},"excerpt":{"rendered":"<p>Miami.\u2013 El presidente de Estados Unidos, Donald Trump, dijo este s\u00e1bado en una cumbre americana que esta semana ha reconocido formalmente al Gobierno de Delcy Rodr\u00edguez en Venezuela, al restablecer las relaciones diplom\u00e1ticas entre ambas naciones. \u00abMe complace decir que esta semana, hemos formalmente reconocido al Gobierno venezolano. De hecho, lo hemos reconocido legalmente\u00bb, indic\u00f3<\/p>\n","protected":false},"author":1,"featured_media":26115,"comment_status":"open","ping_status":"open","sticky":false,"template":"","format":"standard","meta":{"footnotes":""},"categories":[3],"tags":[],"class_list":["post-26142","post","type-post","status-publish","format-standard","has-post-thumbnail","hentry","category-internacionales"],"_links":{"self":[{"href":"https:\/\/acronoticias.com\/index.php\/wp-json\/wp\/v2\/posts\/26142","targetHints":{"allow":["GET"]}}],"collection":[{"href":"https:\/\/acronoticias.com\/index.php\/wp-json\/wp\/v2\/posts"}],"about":[{"href":"https:\/\/acronoticias.com\/index.php\/wp-json\/wp\/v2\/types\/post"}],"author":[{"embeddable":true,"href":"https:\/\/acronoticias.com\/index.php\/wp-json\/wp\/v2\/users\/1"}],"replies":[{"embeddable":true,"href":"https:\/\/acronoticias.com\/index.php\/wp-json\/wp\/v2\/comments?post=26142"}],"version-history":[{"count":0,"href":"https:\/\/acronoticias.com\/index.php\/wp-json\/wp\/v2\/posts\/26142\/revisions"}],"wp:featuredmedia":[{"embeddable":true,"href":"https:\/\/acronoticias.com\/index.php\/wp-json\/wp\/v2\/media\/26115"}],"wp:attachment":[{"href":"https:\/\/acronoticias.com\/index.php\/wp-json\/wp\/v2\/media?parent=26142"}],"wp:term":[{"taxonomy":"category","embeddable":true,"href":"https:\/\/acronoticias.com\/index.php\/wp-json\/wp\/v2\/categories?post=26142"},{"taxonomy":"post_tag","embeddable":true,"href":"https:\/\/acronoticias.com\/index.php\/wp-json\/wp\/v2\/tags?post=26142"}],"curies":[{"name":"wp","href":"https:\/\/api.w.org\/{rel}","templated":true}]}}