{"id":26106,"date":"2026-03-08T04:03:06","date_gmt":"2026-03-08T04:03:06","guid":{"rendered":"https:\/\/acronoticias.com\/index.php\/2026\/03\/08\/jeremy-pena-podria-perderse-dia-inaugural-en-grandes-ligas-por-lesion\/"},"modified":"2026-03-08T04:03:06","modified_gmt":"2026-03-08T04:03:06","slug":"jeremy-pena-podria-perderse-dia-inaugural-en-grandes-ligas-por-lesion","status":"publish","type":"post","link":"https:\/\/acronoticias.com\/index.php\/2026\/03\/08\/jeremy-pena-podria-perderse-dia-inaugural-en-grandes-ligas-por-lesion\/","title":{"rendered":"Jeremy Pe\u00f1a podr\u00eda perderse D\u00eda Inaugural en Grandes Ligas por lesi\u00f3n"},"content":{"rendered":"<div>\n<div class=\"c-detail__author full\">\n<div>\n<div class=\"c-detail__author__thumb\">\n<figure>\n                                <picture src=\"https:\/\/imagenes.hoy.com.do\/files\/image_square_xs\/uploads\/2025\/11\/18\/691c7d2b0f1b1.png\" data-size=\"w:40,h:40\">\n                                    <img decoding=\"async\" loading=\"lazy\" alt=\"Agencia AP\" width=\"40\" height=\"40\" src=\"https:\/\/imagenes.hoy.com.do\/files\/image_square_xs\/uploads\/2025\/11\/18\/691c7d2b0f1b1.png\"\/>\n                                <\/picture>\n                                <\/figure>\n<\/div>\n<\/div>\n<\/div>\n<p>                                                                                            <!-- --><\/p>\n<p class=\"paragraph\">El campocorto All-Star de los Houston Astros, <b>Jeremy Pe\u00f1a<\/b>, podr\u00eda perderse el d\u00eda de apertura debido al dedo roto que lo dej\u00f3 fuera del <b>Cl\u00e1sico Mundial de B\u00e9isbol.<\/b><\/p>\n<p class=\"paragraph\">Pe\u00f1a, quien se fractur\u00f3 el dedo anular derecho despu\u00e9s de fildear un roletazo fuerte para la Rep\u00fablica Dominicana durante un juego de exhibici\u00f3n previo al WBC el mi\u00e9rcoles, ser\u00e1 evaluado en dos semanas. Los Astros abren el 26 de marzo en casa contra los <b>\u00c1ngeles de Los \u00c1ngeles<\/b>.<\/p>\n<p class=\"paragraph\">\u201cSiento que las \u00faltimas 48 horas han sido muy inciertas, pero es lo que hay\u201d, dijo Pe\u00f1a a los reporteros el viernes. \u201cLas lesiones son parte del juego. Ojal\u00e1 estuviera ah\u00ed jugando con los chicos.\u201d<\/p>\n<p class=\"paragraph\">Se espera que Pe\u00f1a contin\u00fae con los ejercicios de b\u00e9isbol durante la pr\u00f3xima semana. El joven de 28 a\u00f1os fue un All-Star por primera vez el a\u00f1o pasado, cuando <b>bate\u00f3 .304 con 17 jonrones, 62 carreras impulsadas, 20 bases robadas y un OPS de .840.<\/b><\/p>\n<p class=\"paragraph\">\u201cEl objetivo es tratar de estar listo para el d\u00eda de apertura,\u201d dijo Pe\u00f1a. \u201cNo s\u00e9 c\u00f3mo va a sanar. No s\u00e9 c\u00f3mo ser\u00e1 el proceso, pero el objetivo siempre es tratar de unirme al equipo para el d\u00eda de apertura.\u201d<\/p>\n<div class=\"c-detail__box \">\n<article class=\"c-detail__sumario \">\n<figure class=\"c-detail__sumario__thumb\" style=\"display: block;\">\n            <a href=\"#\" title=\"\">\n                <picture data-size=\"w:140,h:140\" loading=\"lazy\" src=\"https:\/\/imagenes.hoy.com.do\/files\/related_image\/files\/fp\/uploads\/2026\/03\/06\/69ab3fe3dd868.r_d.782-449.jpeg\" data-full-src=\"https:\/\/imagenes.hoy.com.do\/uploads\/2026\/03\/06\/69ab3fe3dd868.jpeg\">\n                    <img loading=\"lazy\" decoding=\"async\" width=\"140\" height=\"140\" alt=\"Rep\u00fablica Dominicana gan\u00f3 el Cl\u00e1sico Mundial de 2013\" src=\"https:\/\/imagenes.hoy.com.do\/uploads\/2026\/03\/06\/69ab3fe3dd868.jpeg\"\/>\n                <\/picture>\n            <\/a><br \/>\n        <\/figure>\n<div class=\"c-detail__sumario__txt\">\n<p class=\"c-detail__sumario__signature\">\n                <strong><\/p>\n<p>                <strong class=\"c-detail__sumario__author \">Gabriel Alberto Hern\u00e1ndez Tiburcio<\/strong><\/strong>\n            <\/p>\n<\/p><\/div>\n<\/article>\n<\/div>\n<\/div>\n","protected":false},"excerpt":{"rendered":"<p>El campocorto All-Star de los Houston Astros, Jeremy Pe\u00f1a, podr\u00eda perderse el d\u00eda de apertura debido al dedo roto que lo dej\u00f3 fuera del Cl\u00e1sico Mundial de B\u00e9isbol. Pe\u00f1a, quien se fractur\u00f3 el dedo anular derecho despu\u00e9s de fildear un roletazo fuerte para la Rep\u00fablica Dominicana durante un juego de exhibici\u00f3n previo al WBC el<\/p>\n","protected":false},"author":1,"featured_media":26107,"comment_status":"open","ping_status":"open","sticky":false,"template":"","format":"standard","meta":{"footnotes":""},"categories":[2],"tags":[],"class_list":["post-26106","post","type-post","status-publish","format-standard","has-post-thumbnail","hentry","category-deporte"],"_links":{"self":[{"href":"https:\/\/acronoticias.com\/index.php\/wp-json\/wp\/v2\/posts\/26106","targetHints":{"allow":["GET"]}}],"collection":[{"href":"https:\/\/acronoticias.com\/index.php\/wp-json\/wp\/v2\/posts"}],"about":[{"href":"https:\/\/acronoticias.com\/index.php\/wp-json\/wp\/v2\/types\/post"}],"author":[{"embeddable":true,"href":"https:\/\/acronoticias.com\/index.php\/wp-json\/wp\/v2\/users\/1"}],"replies":[{"embeddable":true,"href":"https:\/\/acronoticias.com\/index.php\/wp-json\/wp\/v2\/comments?post=26106"}],"version-history":[{"count":0,"href":"https:\/\/acronoticias.com\/index.php\/wp-json\/wp\/v2\/posts\/26106\/revisions"}],"wp:featuredmedia":[{"embeddable":true,"href":"https:\/\/acronoticias.com\/index.php\/wp-json\/wp\/v2\/media\/26107"}],"wp:attachment":[{"href":"https:\/\/acronoticias.com\/index.php\/wp-json\/wp\/v2\/media?parent=26106"}],"wp:term":[{"taxonomy":"category","embeddable":true,"href":"https:\/\/acronoticias.com\/index.php\/wp-json\/wp\/v2\/categories?post=26106"},{"taxonomy":"post_tag","embeddable":true,"href":"https:\/\/acronoticias.com\/index.php\/wp-json\/wp\/v2\/tags?post=26106"}],"curies":[{"name":"wp","href":"https:\/\/api.w.org\/{rel}","templated":true}]}}