{"id":26088,"date":"2026-03-08T02:20:08","date_gmt":"2026-03-08T02:20:08","guid":{"rendered":"https:\/\/acronoticias.com\/index.php\/2026\/03\/08\/defensor-del-pueblo-se-reune-con-asociacion-de-pescadores-de-puerto-plata-el-nuevo-diario-republica-dominicana\/"},"modified":"2026-03-08T02:20:08","modified_gmt":"2026-03-08T02:20:08","slug":"defensor-del-pueblo-se-reune-con-asociacion-de-pescadores-de-puerto-plata-el-nuevo-diario-republica-dominicana","status":"publish","type":"post","link":"https:\/\/acronoticias.com\/index.php\/2026\/03\/08\/defensor-del-pueblo-se-reune-con-asociacion-de-pescadores-de-puerto-plata-el-nuevo-diario-republica-dominicana\/","title":{"rendered":"Defensor del Pueblo se re\u00fane con Asociaci\u00f3n de Pescadores de Puerto Plata \u2013 El Nuevo Diario (Rep\u00fablica Dominicana)"},"content":{"rendered":"<p><i class=\"bi bi-camera-fill\" style=\"font-size:18px; color:var(--rojo)\"\/> Pablo Ulloa. (Foto: Antonio Heredia | El Nuevo Diario)<\/p>\n<div>\n<div id=\"gemini-summary-wrapper\" class=\"mb-3\">\n                <button id=\"btn-get-summary\" class=\"gemini-btn\" data-post-id=\"3040814\" data-post-title=\"Defensor del Pueblo se re\u00fane con Asociaci\u00f3n de Pescadores de Puerto Plata\"><br \/>\n                    Leer resumen <b class=\"d-none d-md-inline\">de la noticia<\/b> (IA) <span>CLICK AQU\u00cd<\/span><br \/>\n                <\/button><\/p>\n<div id=\"gemini-loading\" class=\"mb-3\">\n<p>                    <span>Analizando noticia&#8230; por favor espera.<\/span>\n                <\/div>\n<\/p><\/div>\n<p>EL NUEVO DIARIO, PUERTO PLATA.- El Defensor del Pueblo, Pablo Ulloa, sostuvo un encuentro con la Asociaci\u00f3n de Pescadores de la provincia Puerto Plata, durante su recorrido por la regi\u00f3n Cibao Norte, como parte del proceso de expansi\u00f3n territorial de la instituci\u00f3n.<\/p>\n<p>En el di\u00e1logo, que cont\u00f3 con la presencia del director del Fondo Especial para el Desarrollo Agropecuario (FEDA), Hecmilio Galv\u00e1n, se abordaron diversas iniciativas orientadas a fortalecer y mejorar las condiciones de los pescadores y sus familias, seg\u00fan report\u00f3 el periodista Juan Enrique Tav\u00e1rez.<\/p>\n<p>Ulloa dijo que en la reuni\u00f3n se acordaron varias acciones que contribuir\u00e1n al bienestar de la comunidad pesquera y la protecci\u00f3n del medioambiente, entre ellas destac\u00f3 el acceso al derecho a la salud y la garant\u00eda de un retiro digno a los trabajadores de la pesca.<\/p>\n<p>Asimismo, se\u00f1al\u00f3 que se pact\u00f3 el apoyo del FEDA mediante programas y fondos destinados al fortalecimiento de las actividades productivas del sector pesquero de Puerto Plata.<\/p>\n<p>Detall\u00f3 que tambi\u00e9n se acord\u00f3 facilitar el acceso a cr\u00e9ditos que permitan mejorar los equipos de trabajo y las operaciones de pesca, mediante financiamientos a trav\u00e9s del Banco Agr\u00edcola y el Consejo Nacional de Promoci\u00f3n y Apoyo a la Micro, Peque\u00f1a y Mediana Empresa (Promipyme).<\/p>\n<p>El Defensor del Pueblo indic\u00f3, adem\u00e1s, que acordaron someter un proyecto para la adquisici\u00f3n de una embarcaci\u00f3n, cuyo financiamiento ser\u00eda gestionado mediante las entidades estatales correspondientes.<\/p>\n<p>\u201cEstas iniciativas buscan fortalecer la organizaci\u00f3n, mejorar las condiciones de trabajo de los pescadores y promover el desarrollo sostenible de la actividad pesquera en la demarcaci\u00f3n\u201d, indic\u00f3 funcionario p\u00fablico.<\/p>\n<p>En la actividad estuvieron presentes el Sindicato de Pescadores de Puerto Plata, Asociaci\u00f3n de Marinos Mercantes y Conexos, la Cooperativa Agropecuaria Villa Montellano, la Asociaci\u00f3n de Comerciantes del Malec\u00f3n y Puntilla, Asociaci\u00f3n de Mujeres Comunitarias, entre otras organizaciones.<\/p>\n<p><h3 class=\"jp-relatedposts-headline\"><em>Relacionado<\/em><\/h3>\n<\/p>\n<p>\t\t\t\t\t\t<!-- .entry-footer --><br \/>\n\t\t\t\t\t\t<!-- \n\n<div data-type=\"_mgwidget\" data-widget-id=\"1743501\"><\/div>\n\n  -->\n\t\t\t\t\t<\/div>\n","protected":false},"excerpt":{"rendered":"<p>Pablo Ulloa. (Foto: Antonio Heredia | El Nuevo Diario) Leer resumen de la noticia (IA) CLICK AQU\u00cd Analizando noticia&#8230; por favor espera. EL NUEVO DIARIO, PUERTO PLATA.- El Defensor del Pueblo, Pablo Ulloa, sostuvo un encuentro con la Asociaci\u00f3n de Pescadores de la provincia Puerto Plata, durante su recorrido por la regi\u00f3n Cibao Norte, como<\/p>\n","protected":false},"author":1,"featured_media":26089,"comment_status":"open","ping_status":"open","sticky":false,"template":"","format":"standard","meta":{"footnotes":""},"categories":[1],"tags":[],"class_list":["post-26088","post","type-post","status-publish","format-standard","has-post-thumbnail","hentry","category-nacionales"],"_links":{"self":[{"href":"https:\/\/acronoticias.com\/index.php\/wp-json\/wp\/v2\/posts\/26088","targetHints":{"allow":["GET"]}}],"collection":[{"href":"https:\/\/acronoticias.com\/index.php\/wp-json\/wp\/v2\/posts"}],"about":[{"href":"https:\/\/acronoticias.com\/index.php\/wp-json\/wp\/v2\/types\/post"}],"author":[{"embeddable":true,"href":"https:\/\/acronoticias.com\/index.php\/wp-json\/wp\/v2\/users\/1"}],"replies":[{"embeddable":true,"href":"https:\/\/acronoticias.com\/index.php\/wp-json\/wp\/v2\/comments?post=26088"}],"version-history":[{"count":0,"href":"https:\/\/acronoticias.com\/index.php\/wp-json\/wp\/v2\/posts\/26088\/revisions"}],"wp:featuredmedia":[{"embeddable":true,"href":"https:\/\/acronoticias.com\/index.php\/wp-json\/wp\/v2\/media\/26089"}],"wp:attachment":[{"href":"https:\/\/acronoticias.com\/index.php\/wp-json\/wp\/v2\/media?parent=26088"}],"wp:term":[{"taxonomy":"category","embeddable":true,"href":"https:\/\/acronoticias.com\/index.php\/wp-json\/wp\/v2\/categories?post=26088"},{"taxonomy":"post_tag","embeddable":true,"href":"https:\/\/acronoticias.com\/index.php\/wp-json\/wp\/v2\/tags?post=26088"}],"curies":[{"name":"wp","href":"https:\/\/api.w.org\/{rel}","templated":true}]}}