{"id":26084,"date":"2026-03-08T01:59:58","date_gmt":"2026-03-08T01:59:58","guid":{"rendered":"https:\/\/acronoticias.com\/index.php\/2026\/03\/08\/dirigente-de-venezuela-le-pide-los-periodistas-que-no-le-hagan-sobre-la-situacion-de-su-pais\/"},"modified":"2026-03-08T01:59:58","modified_gmt":"2026-03-08T01:59:58","slug":"dirigente-de-venezuela-le-pide-los-periodistas-que-no-le-hagan-sobre-la-situacion-de-su-pais","status":"publish","type":"post","link":"https:\/\/acronoticias.com\/index.php\/2026\/03\/08\/dirigente-de-venezuela-le-pide-los-periodistas-que-no-le-hagan-sobre-la-situacion-de-su-pais\/","title":{"rendered":"Dirigente de Venezuela le pide los periodistas que no le hagan sobre la situaci\u00f3n de su pa\u00eds"},"content":{"rendered":"<div xmlns:default=\"https:\/\/www.w3.org\/2000\/svg\" data-td-block-uid=\"tdi_101\">\n<div class=\"tdb-block-inner td-fix-index\">\n<p>MIAMI \u2013 En el marco del Cl\u00e1sico Mundial de B\u00e9isbol 2026, el m\u00e1nager de la selecci\u00f3n venezolana, Omar L\u00f3pez, emiti\u00f3 una declaraci\u00f3n contundente para separar el enfoque del equipo de la realidad pol\u00edtica nacional. Con 29 a\u00f1os de trayectoria en el deporte, L\u00f3pez solicit\u00f3 formalmente a la prensa evitar interrogantes sobre la situaci\u00f3n de Venezuela, advirtiendo que su \u00fanica prioridad es el diamante y su familia.<\/p>\n<p> \u00abNo soy pol\u00edtico ni estudi\u00e9 para serlo\u2026 no tengo nada que responder y les voy a decir: pr\u00f3xima pregunta\u00bb, sentenci\u00f3 el estratega, instando a los comunicadores a centrar la narrativa exclusivamente en el b\u00e9isbol.<\/p>\n<p>L\u00f3pez, quien ha desarrollado una carrera \u00edntegra en el \u00e1mbito deportivo, pidi\u00f3 respeto a su privacidad y a su enfoque profesional, instando a periodistas y aficionados a evitar interrogantes sobre la situaci\u00f3n de Venezuela.<br \/>\u00abNo tengo respuestas sobre ese tema y no las dar\u00e9. A partir de ahora, ante cualquier consulta de ese tipo, mi respuesta ser\u00e1 \u2018pr\u00f3xima pregunta\u2019. Hablemos de b\u00e9isbol, que es lo que nos une\u00bb, sentenci\u00f3 el dirigente, cortando de ra\u00edz cualquier intento de politizar su figura en el entorno deportivo.<\/p>\n<\/div>\n<\/div>\n","protected":false},"excerpt":{"rendered":"<p>MIAMI \u2013 En el marco del Cl\u00e1sico Mundial de B\u00e9isbol 2026, el m\u00e1nager de la selecci\u00f3n venezolana, Omar L\u00f3pez, emiti\u00f3 una declaraci\u00f3n contundente para separar el enfoque del equipo de la realidad pol\u00edtica nacional. Con 29 a\u00f1os de trayectoria en el deporte, L\u00f3pez solicit\u00f3 formalmente a la prensa evitar interrogantes sobre la situaci\u00f3n de Venezuela,<\/p>\n","protected":false},"author":1,"featured_media":26085,"comment_status":"open","ping_status":"open","sticky":false,"template":"","format":"standard","meta":{"footnotes":""},"categories":[2],"tags":[],"class_list":["post-26084","post","type-post","status-publish","format-standard","has-post-thumbnail","hentry","category-deporte"],"_links":{"self":[{"href":"https:\/\/acronoticias.com\/index.php\/wp-json\/wp\/v2\/posts\/26084","targetHints":{"allow":["GET"]}}],"collection":[{"href":"https:\/\/acronoticias.com\/index.php\/wp-json\/wp\/v2\/posts"}],"about":[{"href":"https:\/\/acronoticias.com\/index.php\/wp-json\/wp\/v2\/types\/post"}],"author":[{"embeddable":true,"href":"https:\/\/acronoticias.com\/index.php\/wp-json\/wp\/v2\/users\/1"}],"replies":[{"embeddable":true,"href":"https:\/\/acronoticias.com\/index.php\/wp-json\/wp\/v2\/comments?post=26084"}],"version-history":[{"count":0,"href":"https:\/\/acronoticias.com\/index.php\/wp-json\/wp\/v2\/posts\/26084\/revisions"}],"wp:featuredmedia":[{"embeddable":true,"href":"https:\/\/acronoticias.com\/index.php\/wp-json\/wp\/v2\/media\/26085"}],"wp:attachment":[{"href":"https:\/\/acronoticias.com\/index.php\/wp-json\/wp\/v2\/media?parent=26084"}],"wp:term":[{"taxonomy":"category","embeddable":true,"href":"https:\/\/acronoticias.com\/index.php\/wp-json\/wp\/v2\/categories?post=26084"},{"taxonomy":"post_tag","embeddable":true,"href":"https:\/\/acronoticias.com\/index.php\/wp-json\/wp\/v2\/tags?post=26084"}],"curies":[{"name":"wp","href":"https:\/\/api.w.org\/{rel}","templated":true}]}}