{"id":26082,"date":"2026-03-08T01:59:02","date_gmt":"2026-03-08T01:59:02","guid":{"rendered":"https:\/\/acronoticias.com\/index.php\/2026\/03\/08\/rubio-coordina-con-lideres-latinoamericanos-un-frente-comun-contra-los-carteles-el-nuevo-diario-republica-dominicana\/"},"modified":"2026-03-08T01:59:02","modified_gmt":"2026-03-08T01:59:02","slug":"rubio-coordina-con-lideres-latinoamericanos-un-frente-comun-contra-los-carteles-el-nuevo-diario-republica-dominicana","status":"publish","type":"post","link":"https:\/\/acronoticias.com\/index.php\/2026\/03\/08\/rubio-coordina-con-lideres-latinoamericanos-un-frente-comun-contra-los-carteles-el-nuevo-diario-republica-dominicana\/","title":{"rendered":"Rubio coordina con l\u00edderes Latinoamericanos un frente com\u00fan contra los carteles \u2013 El Nuevo Diario (Rep\u00fablica Dominicana)"},"content":{"rendered":"<p><i class=\"bi bi-camera-fill\" style=\"font-size:18px; color:var(--rojo)\"\/> El secretario de Estado de EE.UU., Marco Rubio, en una fotograf\u00eda de archivo. EFE\/ Aaron Schwartz<\/p>\n<div>\n<div id=\"gemini-summary-wrapper\" class=\"mb-3\">\n                <button id=\"btn-get-summary\" class=\"gemini-btn\" data-post-id=\"3040930\" data-post-title=\"Rubio coordina con l\u00edderes Latinoamericanos un frente com\u00fan contra los carteles\"><br \/>\n                    Leer resumen <b class=\"d-none d-md-inline\">de la noticia<\/b> (IA) <span>CLICK AQU\u00cd<\/span><br \/>\n                <\/button><\/p>\n<div id=\"gemini-loading\" class=\"mb-3\">\n<p>                    <span>Analizando noticia&#8230; por favor espera.<\/span>\n                <\/div>\n<\/p><\/div>\n<p>MIAMI.- El secretario de Estado de EE.UU., Marco Rubio, mantuvo este s\u00e1bado una serie de encuentros bilaterales y multilaterales con presidentes y l\u00edderes electos de Am\u00e9rica Latina para reforzar la cooperaci\u00f3n en la lucha contra el crimen organizado, en el marco de la cumbre \u2018Escudo de las Am\u00e9ricas\u2019 liderada por el presidente de EE.UU., Donald Trump, hoy en Florida.<\/p>\n<p>Seg\u00fan inform\u00f3 el portavoz adjunto principal, Tommy Pigott, Rubio se reuni\u00f3 con los presidentes el Salvador, Nayib Bukele; Costa Rica, Rodrigo Chaves; Panam\u00e1, Jos\u00e9 Ra\u00fal Mulino; y Bolivia, V\u00edctor Paz.<\/p>\n<p>Asimismo, en las reuniones participaron la presidente electo de Costa Rica, Laura Fern\u00e1ndez, el mandatario electo de Chile, Jos\u00e9 Antonio Kast, y el l\u00edder hondure\u00f1o Nasry Asfura.<\/p>\n<p>Durante los encuentros, Rubio elogi\u00f3 la disposici\u00f3n de los socios regionales para integrar una alianza estrat\u00e9gica destinada a desmantelar las redes de los carteles que operan a trav\u00e9s de las fronteras.<\/p>\n<p>\u00abEl secretario elogi\u00f3 a nuestros socios por unirse a nosotros en el compromiso compartido de desarticular las redes de los carteles y combatir sus efectos desestabilizadores en los Gobiernos de nuestro hemisferio\u00bb, se\u00f1al\u00f3 el comunicado oficial de la comitiva estadounidense.<\/p>\n<p>Trump formaliz\u00f3 este s\u00e1bado la creaci\u00f3n de una coalici\u00f3n militar junto a presidentes latinoamericanos de derecha para derrotar a los carteles, en la que no participa M\u00e9xico, en medio de la tensi\u00f3n por un posible ataque estadounidense contra el narcotr\u00e1fico en territorio mexicano.<\/p>\n<p>La esencia del acuerdo, dijo Trump, es \u00abel compromiso de usar fuerza militar letal para destruir\u00bb a los carteles: \u00abDe una vez por todas, nos desharemos de ellos. Necesitamos su ayuda. Solo tienen que decirnos d\u00f3nde est\u00e1n\u00bb, expres\u00f3. EFE<\/p>\n<p>\u00a0<\/p>\n<p><h3 class=\"jp-relatedposts-headline\"><em>Relacionado<\/em><\/h3>\n<\/p>\n<p>\t\t\t\t\t\t<!-- .entry-footer --><br \/>\n\t\t\t\t\t\t<!-- \n\n<div data-type=\"_mgwidget\" data-widget-id=\"1743501\"><\/div>\n\n  -->\n\t\t\t\t\t<\/div>\n","protected":false},"excerpt":{"rendered":"<p>El secretario de Estado de EE.UU., Marco Rubio, en una fotograf\u00eda de archivo. EFE\/ Aaron Schwartz Leer resumen de la noticia (IA) CLICK AQU\u00cd Analizando noticia&#8230; por favor espera. MIAMI.- El secretario de Estado de EE.UU., Marco Rubio, mantuvo este s\u00e1bado una serie de encuentros bilaterales y multilaterales con presidentes y l\u00edderes electos de Am\u00e9rica<\/p>\n","protected":false},"author":1,"featured_media":26083,"comment_status":"open","ping_status":"open","sticky":false,"template":"","format":"standard","meta":{"footnotes":""},"categories":[3],"tags":[],"class_list":["post-26082","post","type-post","status-publish","format-standard","has-post-thumbnail","hentry","category-internacionales"],"_links":{"self":[{"href":"https:\/\/acronoticias.com\/index.php\/wp-json\/wp\/v2\/posts\/26082","targetHints":{"allow":["GET"]}}],"collection":[{"href":"https:\/\/acronoticias.com\/index.php\/wp-json\/wp\/v2\/posts"}],"about":[{"href":"https:\/\/acronoticias.com\/index.php\/wp-json\/wp\/v2\/types\/post"}],"author":[{"embeddable":true,"href":"https:\/\/acronoticias.com\/index.php\/wp-json\/wp\/v2\/users\/1"}],"replies":[{"embeddable":true,"href":"https:\/\/acronoticias.com\/index.php\/wp-json\/wp\/v2\/comments?post=26082"}],"version-history":[{"count":0,"href":"https:\/\/acronoticias.com\/index.php\/wp-json\/wp\/v2\/posts\/26082\/revisions"}],"wp:featuredmedia":[{"embeddable":true,"href":"https:\/\/acronoticias.com\/index.php\/wp-json\/wp\/v2\/media\/26083"}],"wp:attachment":[{"href":"https:\/\/acronoticias.com\/index.php\/wp-json\/wp\/v2\/media?parent=26082"}],"wp:term":[{"taxonomy":"category","embeddable":true,"href":"https:\/\/acronoticias.com\/index.php\/wp-json\/wp\/v2\/categories?post=26082"},{"taxonomy":"post_tag","embeddable":true,"href":"https:\/\/acronoticias.com\/index.php\/wp-json\/wp\/v2\/tags?post=26082"}],"curies":[{"name":"wp","href":"https:\/\/api.w.org\/{rel}","templated":true}]}}