{"id":26080,"date":"2026-03-08T01:46:50","date_gmt":"2026-03-08T01:46:50","guid":{"rendered":"https:\/\/acronoticias.com\/index.php\/2026\/03\/08\/analista-politico-afirma-gobierno-no-ha-logrado-comunicar-adecuadamente-sus-obras-el-nuevo-diario-republica-dominicana\/"},"modified":"2026-03-08T01:46:50","modified_gmt":"2026-03-08T01:46:50","slug":"analista-politico-afirma-gobierno-no-ha-logrado-comunicar-adecuadamente-sus-obras-el-nuevo-diario-republica-dominicana","status":"publish","type":"post","link":"https:\/\/acronoticias.com\/index.php\/2026\/03\/08\/analista-politico-afirma-gobierno-no-ha-logrado-comunicar-adecuadamente-sus-obras-el-nuevo-diario-republica-dominicana\/","title":{"rendered":"Analista pol\u00edtico afirma Gobierno no ha logrado comunicar adecuadamente sus obras \u2013 El Nuevo Diario (Rep\u00fablica Dominicana)"},"content":{"rendered":"<p><i class=\"bi bi-camera-fill\" style=\"font-size:18px; color:var(--rojo)\"\/> Analista pol\u00edtico Claudio Carvajal. (Foto: David P\u00e9rez)<\/p>\n<div>\n<div id=\"gemini-summary-wrapper\" class=\"mb-3\">\n                <button id=\"btn-get-summary\" class=\"gemini-btn\" data-post-id=\"3040893\" data-post-title=\"Analista pol\u00edtico afirma Gobierno no ha logrado comunicar adecuadamente sus obras\"><br \/>\n                    Leer resumen <b class=\"d-none d-md-inline\">de la noticia<\/b> (IA) <span>CLICK AQU\u00cd<\/span><br \/>\n                <\/button><\/p>\n<div id=\"gemini-loading\" class=\"mb-3\">\n<p>                    <span>Analizando noticia&#8230; por favor espera.<\/span>\n                <\/div>\n<\/p><\/div>\n<p>EL NUEVO DIARIO, SANTO DOMINGO.- El analista pol\u00edtico Claudio Carvajal consider\u00f3 que uno de los aspectos que el Gobierno dominicano debe revisar es su estrategia de comunicaci\u00f3n institucional, al entender que una parte importante de las obras ejecutadas por la actual administraci\u00f3n no ha sido difundida con la eficacia necesaria.<\/p>\n<p>Durante una entrevista en el programa Noticias Entre Redes, conducido por el comunicador Rayfi Luis, Carvajal analiz\u00f3 el discurso de rendici\u00f3n de cuentas del presidente Luis Abinader, pronunciado el pasado 27 de febrero ante la Asamblea Nacional.<\/p>\n<p>El analista sostuvo que uno de los elementos que m\u00e1s llam\u00f3 su atenci\u00f3n fue la cantidad de proyectos mencionados por el mandatario, muchos de los cuales, seg\u00fan indic\u00f3, no hab\u00edan sido percibidos con claridad por la ciudadan\u00eda.<\/p>\n<div class=\"tiled-gallery type-rectangular tiled-gallery-unresized\" data-original-width=\"640\" data-carousel-extra=\"null\" itemscope=\"\" itemtype=\"http:\/\/schema.org\/ImageGallery\">\n<div class=\"gallery-row\" style=\"width: 640px; height: 257px;\" data-original-width=\"640\" data-original-height=\"257\">\n<div class=\"gallery-group images-1\" style=\"width: 320px; height: 257px;\" data-original-width=\"320\" data-original-height=\"257\">\n<div class=\"tiled-gallery-item tiled-gallery-item-large\" itemprop=\"associatedMedia\" itemscope=\"\" itemtype=\"http:\/\/schema.org\/ImageObject\"> <a href=\"https:\/\/elnuevodiario.com.do\/analista-politico-afirma-gobierno-no-ha-logrado-comunicar-adecuadamente-sus-obras\/analista-politico-afirma-gobierno-no-ha-logrado-comunicar-adecuadamente-sus-obras-5\/\" border=\"0\" itemprop=\"url\"> <meta itemprop=\"width\" content=\"316\"\/> <meta itemprop=\"height\" content=\"253\"\/> <img decoding=\"async\" class=\"\" data-attachment-id=\"3040908\" src=\"https:\/\/nuevodiario-assets.s3.us-east-2.amazonaws.com\/wp-content\/uploads\/2026\/03\/Analista-politico-afirma-Gobierno-no-ha-logrado-comunicar-adecuadamente-sus-obras-5.jpeg\" data-orig-size=\"1600,1280\" data-comments-opened=\"\" data-image-meta=\"{&quot;aperture&quot;:&quot;0&quot;,&quot;credit&quot;:&quot;&quot;,&quot;camera&quot;:&quot;&quot;,&quot;caption&quot;:&quot;&quot;,&quot;created_timestamp&quot;:&quot;0&quot;,&quot;copyright&quot;:&quot;&quot;,&quot;focal_length&quot;:&quot;0&quot;,&quot;iso&quot;:&quot;0&quot;,&quot;shutter_speed&quot;:&quot;0&quot;,&quot;title&quot;:&quot;&quot;,&quot;orientation&quot;:&quot;0&quot;}\" data-image-title=\"Analista pol\u00edtico afirma Gobierno no ha logrado comunicar adecuadamente sus obras (5)\" data-image-description=\"\" data-medium-file=\"https:\/\/i0.wp.com\/nuevodiario-assets.s3.us-east-2.amazonaws.com\/wp-content\/uploads\/2026\/03\/Analista-politico-afirma-Gobierno-no-ha-logrado-comunicar-adecuadamente-sus-obras-5.jpeg?fit=400%2C320&amp;quality=100&amp;ssl=1\" data-large-file=\"https:\/\/i0.wp.com\/nuevodiario-assets.s3.us-east-2.amazonaws.com\/wp-content\/uploads\/2026\/03\/Analista-politico-afirma-Gobierno-no-ha-logrado-comunicar-adecuadamente-sus-obras-5.jpeg?fit=640%2C512&amp;quality=100&amp;ssl=1\" srcset=\"https:\/\/nuevodiario-assets.s3.us-east-2.amazonaws.com\/wp-content\/uploads\/2026\/03\/Analista-politico-afirma-Gobierno-no-ha-logrado-comunicar-adecuadamente-sus-obras-5.jpeg 1600w, https:\/\/nuevodiario-assets.s3.us-east-2.amazonaws.com\/wp-content\/uploads\/2026\/03\/Analista-politico-afirma-Gobierno-no-ha-logrado-comunicar-adecuadamente-sus-obras-5.jpeg 400w, https:\/\/nuevodiario-assets.s3.us-east-2.amazonaws.com\/wp-content\/uploads\/2026\/03\/Analista-politico-afirma-Gobierno-no-ha-logrado-comunicar-adecuadamente-sus-obras-5.jpeg 800w, https:\/\/nuevodiario-assets.s3.us-east-2.amazonaws.com\/wp-content\/uploads\/2026\/03\/Analista-politico-afirma-Gobierno-no-ha-logrado-comunicar-adecuadamente-sus-obras-5.jpeg 768w, https:\/\/nuevodiario-assets.s3.us-east-2.amazonaws.com\/wp-content\/uploads\/2026\/03\/Analista-politico-afirma-Gobierno-no-ha-logrado-comunicar-adecuadamente-sus-obras-5.jpeg 1536w, https:\/\/nuevodiario-assets.s3.us-east-2.amazonaws.com\/wp-content\/uploads\/2026\/03\/Analista-politico-afirma-Gobierno-no-ha-logrado-comunicar-adecuadamente-sus-obras-5.jpeg 600w, https:\/\/nuevodiario-assets.s3.us-east-2.amazonaws.com\/wp-content\/uploads\/2026\/03\/Analista-politico-afirma-Gobierno-no-ha-logrado-comunicar-adecuadamente-sus-obras-5.jpeg 1280w\" width=\"316\" height=\"253\" loading=\"lazy\" data-original-width=\"316\" data-original-height=\"253\" itemprop=\"http:\/\/schema.org\/image\" title=\"Analista pol\u00edtico afirma Gobierno no ha logrado comunicar adecuadamente sus obras (5)\" alt=\"Analista pol\u00edtico afirma Gobierno no ha logrado comunicar adecuadamente sus obras (5)\" style=\"width: 316px; height: 253px;\"\/> <\/a> <\/div>\n<\/p><\/div>\n<p> <!-- close group --> <\/p>\n<div class=\"gallery-group images-1\" style=\"width: 320px; height: 257px;\" data-original-width=\"320\" data-original-height=\"257\">\n<div class=\"tiled-gallery-item tiled-gallery-item-large\" itemprop=\"associatedMedia\" itemscope=\"\" itemtype=\"http:\/\/schema.org\/ImageObject\"> <a href=\"https:\/\/elnuevodiario.com.do\/analista-politico-afirma-gobierno-no-ha-logrado-comunicar-adecuadamente-sus-obras\/analista-politico-afirma-gobierno-no-ha-logrado-comunicar-adecuadamente-sus-obras-6\/\" border=\"0\" itemprop=\"url\"> <meta itemprop=\"width\" content=\"316\"\/> <meta itemprop=\"height\" content=\"253\"\/> <img decoding=\"async\" class=\"\" data-attachment-id=\"3040909\" src=\"https:\/\/nuevodiario-assets.s3.us-east-2.amazonaws.com\/wp-content\/uploads\/2026\/03\/Analista-politico-afirma-Gobierno-no-ha-logrado-comunicar-adecuadamente-sus-obras-6.jpeg\" data-orig-size=\"1600,1280\" data-comments-opened=\"\" data-image-meta=\"{&quot;aperture&quot;:&quot;0&quot;,&quot;credit&quot;:&quot;&quot;,&quot;camera&quot;:&quot;&quot;,&quot;caption&quot;:&quot;&quot;,&quot;created_timestamp&quot;:&quot;0&quot;,&quot;copyright&quot;:&quot;&quot;,&quot;focal_length&quot;:&quot;0&quot;,&quot;iso&quot;:&quot;0&quot;,&quot;shutter_speed&quot;:&quot;0&quot;,&quot;title&quot;:&quot;&quot;,&quot;orientation&quot;:&quot;0&quot;}\" data-image-title=\"Analista pol\u00edtico afirma Gobierno no ha logrado comunicar adecuadamente sus obras (6)\" data-image-description=\"\" data-medium-file=\"https:\/\/i0.wp.com\/nuevodiario-assets.s3.us-east-2.amazonaws.com\/wp-content\/uploads\/2026\/03\/Analista-politico-afirma-Gobierno-no-ha-logrado-comunicar-adecuadamente-sus-obras-6.jpeg?fit=400%2C320&amp;quality=100&amp;ssl=1\" data-large-file=\"https:\/\/i0.wp.com\/nuevodiario-assets.s3.us-east-2.amazonaws.com\/wp-content\/uploads\/2026\/03\/Analista-politico-afirma-Gobierno-no-ha-logrado-comunicar-adecuadamente-sus-obras-6.jpeg?fit=640%2C512&amp;quality=100&amp;ssl=1\" srcset=\"https:\/\/nuevodiario-assets.s3.us-east-2.amazonaws.com\/wp-content\/uploads\/2026\/03\/Analista-politico-afirma-Gobierno-no-ha-logrado-comunicar-adecuadamente-sus-obras-6.jpeg 1600w, https:\/\/nuevodiario-assets.s3.us-east-2.amazonaws.com\/wp-content\/uploads\/2026\/03\/Analista-politico-afirma-Gobierno-no-ha-logrado-comunicar-adecuadamente-sus-obras-6.jpeg 400w, https:\/\/nuevodiario-assets.s3.us-east-2.amazonaws.com\/wp-content\/uploads\/2026\/03\/Analista-politico-afirma-Gobierno-no-ha-logrado-comunicar-adecuadamente-sus-obras-6.jpeg 800w, https:\/\/nuevodiario-assets.s3.us-east-2.amazonaws.com\/wp-content\/uploads\/2026\/03\/Analista-politico-afirma-Gobierno-no-ha-logrado-comunicar-adecuadamente-sus-obras-6.jpeg 768w, https:\/\/nuevodiario-assets.s3.us-east-2.amazonaws.com\/wp-content\/uploads\/2026\/03\/Analista-politico-afirma-Gobierno-no-ha-logrado-comunicar-adecuadamente-sus-obras-6.jpeg 1536w, https:\/\/nuevodiario-assets.s3.us-east-2.amazonaws.com\/wp-content\/uploads\/2026\/03\/Analista-politico-afirma-Gobierno-no-ha-logrado-comunicar-adecuadamente-sus-obras-6.jpeg 600w, https:\/\/nuevodiario-assets.s3.us-east-2.amazonaws.com\/wp-content\/uploads\/2026\/03\/Analista-politico-afirma-Gobierno-no-ha-logrado-comunicar-adecuadamente-sus-obras-6.jpeg 1280w\" width=\"316\" height=\"253\" loading=\"lazy\" data-original-width=\"316\" data-original-height=\"253\" itemprop=\"http:\/\/schema.org\/image\" title=\"Analista pol\u00edtico afirma Gobierno no ha logrado comunicar adecuadamente sus obras (6)\" alt=\"Analista pol\u00edtico afirma Gobierno no ha logrado comunicar adecuadamente sus obras (6)\" style=\"width: 316px; height: 253px;\"\/> <\/a> <\/div>\n<\/p><\/div>\n<p> <!-- close group --> <\/div>\n<p> <!-- close row --> <\/div>\n<p>A su juicio, esa situaci\u00f3n responde en gran medida a debilidades en la manera en que las instituciones p\u00fablicas comunican sus ejecutorias.<\/p>\n<p>\u201cEl proceso de comunicaci\u00f3n debe ser estudiado, mejorado y eficientizado\u201d, manifest\u00f3.<\/p>\n<p>Carvajal indic\u00f3 que la inversi\u00f3n p\u00fablica de la actual gesti\u00f3n se ha distribuido en distintas zonas del pa\u00eds, lo que, seg\u00fan explic\u00f3, hace a\u00fan m\u00e1s necesario que las instituciones responsables informen oportunamente sobre los proyectos que ejecutan.<\/p>\n<p>\u201cUna de las cosas que es bueno que se ventilen es la cantidad de obras, porque, a diferencia de otras administraciones, la inversi\u00f3n ha sido diseminada en toda la geograf\u00eda nacional\u201d, expres\u00f3.<\/p>\n<p>El analista tambi\u00e9n observ\u00f3 que, en algunos casos, la comunicaci\u00f3n institucional podr\u00eda estar enfoc\u00e1ndose m\u00e1s en la exposici\u00f3n individual de ciertos funcionarios que en la promoci\u00f3n de las obras ejecutadas por el Estado.<\/p>\n<div class=\"tiled-gallery type-rectangular tiled-gallery-unresized\" data-original-width=\"640\" data-carousel-extra=\"null\" itemscope=\"\" itemtype=\"http:\/\/schema.org\/ImageGallery\">\n<div class=\"gallery-row\" style=\"width: 640px; height: 257px;\" data-original-width=\"640\" data-original-height=\"257\">\n<div class=\"gallery-group images-1\" style=\"width: 320px; height: 257px;\" data-original-width=\"320\" data-original-height=\"257\">\n<div class=\"tiled-gallery-item tiled-gallery-item-large\" itemprop=\"associatedMedia\" itemscope=\"\" itemtype=\"http:\/\/schema.org\/ImageObject\"> <a href=\"https:\/\/elnuevodiario.com.do\/analista-politico-afirma-gobierno-no-ha-logrado-comunicar-adecuadamente-sus-obras\/analista-politico-afirma-gobierno-no-ha-logrado-comunicar-adecuadamente-sus-obras-2\/\" border=\"0\" itemprop=\"url\"> <meta itemprop=\"width\" content=\"316\"\/> <meta itemprop=\"height\" content=\"253\"\/> <img decoding=\"async\" class=\"\" data-attachment-id=\"3040910\" src=\"https:\/\/nuevodiario-assets.s3.us-east-2.amazonaws.com\/wp-content\/uploads\/2026\/03\/Analista-politico-afirma-Gobierno-no-ha-logrado-comunicar-adecuadamente-sus-obras-2.jpeg\" data-orig-size=\"1600,1280\" data-comments-opened=\"\" data-image-meta=\"{&quot;aperture&quot;:&quot;0&quot;,&quot;credit&quot;:&quot;&quot;,&quot;camera&quot;:&quot;&quot;,&quot;caption&quot;:&quot;&quot;,&quot;created_timestamp&quot;:&quot;0&quot;,&quot;copyright&quot;:&quot;&quot;,&quot;focal_length&quot;:&quot;0&quot;,&quot;iso&quot;:&quot;0&quot;,&quot;shutter_speed&quot;:&quot;0&quot;,&quot;title&quot;:&quot;&quot;,&quot;orientation&quot;:&quot;0&quot;}\" data-image-title=\"Analista pol\u00edtico afirma Gobierno no ha logrado comunicar adecuadamente sus obras (2)\" data-image-description=\"\" data-medium-file=\"https:\/\/i0.wp.com\/nuevodiario-assets.s3.us-east-2.amazonaws.com\/wp-content\/uploads\/2026\/03\/Analista-politico-afirma-Gobierno-no-ha-logrado-comunicar-adecuadamente-sus-obras-2.jpeg?fit=400%2C320&amp;quality=100&amp;ssl=1\" data-large-file=\"https:\/\/i0.wp.com\/nuevodiario-assets.s3.us-east-2.amazonaws.com\/wp-content\/uploads\/2026\/03\/Analista-politico-afirma-Gobierno-no-ha-logrado-comunicar-adecuadamente-sus-obras-2.jpeg?fit=640%2C512&amp;quality=100&amp;ssl=1\" srcset=\"https:\/\/nuevodiario-assets.s3.us-east-2.amazonaws.com\/wp-content\/uploads\/2026\/03\/Analista-politico-afirma-Gobierno-no-ha-logrado-comunicar-adecuadamente-sus-obras-2.jpeg 1600w, https:\/\/nuevodiario-assets.s3.us-east-2.amazonaws.com\/wp-content\/uploads\/2026\/03\/Analista-politico-afirma-Gobierno-no-ha-logrado-comunicar-adecuadamente-sus-obras-2.jpeg 400w, https:\/\/nuevodiario-assets.s3.us-east-2.amazonaws.com\/wp-content\/uploads\/2026\/03\/Analista-politico-afirma-Gobierno-no-ha-logrado-comunicar-adecuadamente-sus-obras-2.jpeg 800w, https:\/\/nuevodiario-assets.s3.us-east-2.amazonaws.com\/wp-content\/uploads\/2026\/03\/Analista-politico-afirma-Gobierno-no-ha-logrado-comunicar-adecuadamente-sus-obras-2.jpeg 768w, https:\/\/nuevodiario-assets.s3.us-east-2.amazonaws.com\/wp-content\/uploads\/2026\/03\/Analista-politico-afirma-Gobierno-no-ha-logrado-comunicar-adecuadamente-sus-obras-2.jpeg 1536w, https:\/\/nuevodiario-assets.s3.us-east-2.amazonaws.com\/wp-content\/uploads\/2026\/03\/Analista-politico-afirma-Gobierno-no-ha-logrado-comunicar-adecuadamente-sus-obras-2.jpeg 600w, https:\/\/nuevodiario-assets.s3.us-east-2.amazonaws.com\/wp-content\/uploads\/2026\/03\/Analista-politico-afirma-Gobierno-no-ha-logrado-comunicar-adecuadamente-sus-obras-2.jpeg 1280w\" width=\"316\" height=\"253\" loading=\"lazy\" data-original-width=\"316\" data-original-height=\"253\" itemprop=\"http:\/\/schema.org\/image\" title=\"Analista pol\u00edtico afirma Gobierno no ha logrado comunicar adecuadamente sus obras (2)\" alt=\"Analista pol\u00edtico afirma Gobierno no ha logrado comunicar adecuadamente sus obras (2)\" style=\"width: 316px; height: 253px;\"\/> <\/a> <\/div>\n<\/p><\/div>\n<p> <!-- close group --> <\/p>\n<div class=\"gallery-group images-1\" style=\"width: 320px; height: 257px;\" data-original-width=\"320\" data-original-height=\"257\">\n<div class=\"tiled-gallery-item tiled-gallery-item-large\" itemprop=\"associatedMedia\" itemscope=\"\" itemtype=\"http:\/\/schema.org\/ImageObject\"> <a href=\"https:\/\/elnuevodiario.com.do\/analista-politico-afirma-gobierno-no-ha-logrado-comunicar-adecuadamente-sus-obras\/analista-politico-afirma-gobierno-no-ha-logrado-comunicar-adecuadamente-sus-obras-4\/\" border=\"0\" itemprop=\"url\"> <meta itemprop=\"width\" content=\"316\"\/> <meta itemprop=\"height\" content=\"253\"\/> <img decoding=\"async\" class=\"\" data-attachment-id=\"3040911\" src=\"https:\/\/nuevodiario-assets.s3.us-east-2.amazonaws.com\/wp-content\/uploads\/2026\/03\/Analista-politico-afirma-Gobierno-no-ha-logrado-comunicar-adecuadamente-sus-obras-4.jpeg\" data-orig-size=\"1600,1280\" data-comments-opened=\"\" data-image-meta=\"{&quot;aperture&quot;:&quot;0&quot;,&quot;credit&quot;:&quot;&quot;,&quot;camera&quot;:&quot;&quot;,&quot;caption&quot;:&quot;&quot;,&quot;created_timestamp&quot;:&quot;0&quot;,&quot;copyright&quot;:&quot;&quot;,&quot;focal_length&quot;:&quot;0&quot;,&quot;iso&quot;:&quot;0&quot;,&quot;shutter_speed&quot;:&quot;0&quot;,&quot;title&quot;:&quot;&quot;,&quot;orientation&quot;:&quot;0&quot;}\" data-image-title=\"Analista pol\u00edtico afirma Gobierno no ha logrado comunicar adecuadamente sus obras (4)\" data-image-description=\"\" data-medium-file=\"https:\/\/i0.wp.com\/nuevodiario-assets.s3.us-east-2.amazonaws.com\/wp-content\/uploads\/2026\/03\/Analista-politico-afirma-Gobierno-no-ha-logrado-comunicar-adecuadamente-sus-obras-4.jpeg?fit=400%2C320&amp;quality=100&amp;ssl=1\" data-large-file=\"https:\/\/i0.wp.com\/nuevodiario-assets.s3.us-east-2.amazonaws.com\/wp-content\/uploads\/2026\/03\/Analista-politico-afirma-Gobierno-no-ha-logrado-comunicar-adecuadamente-sus-obras-4.jpeg?fit=640%2C512&amp;quality=100&amp;ssl=1\" srcset=\"https:\/\/nuevodiario-assets.s3.us-east-2.amazonaws.com\/wp-content\/uploads\/2026\/03\/Analista-politico-afirma-Gobierno-no-ha-logrado-comunicar-adecuadamente-sus-obras-4.jpeg 1600w, https:\/\/nuevodiario-assets.s3.us-east-2.amazonaws.com\/wp-content\/uploads\/2026\/03\/Analista-politico-afirma-Gobierno-no-ha-logrado-comunicar-adecuadamente-sus-obras-4.jpeg 400w, https:\/\/nuevodiario-assets.s3.us-east-2.amazonaws.com\/wp-content\/uploads\/2026\/03\/Analista-politico-afirma-Gobierno-no-ha-logrado-comunicar-adecuadamente-sus-obras-4.jpeg 800w, https:\/\/nuevodiario-assets.s3.us-east-2.amazonaws.com\/wp-content\/uploads\/2026\/03\/Analista-politico-afirma-Gobierno-no-ha-logrado-comunicar-adecuadamente-sus-obras-4.jpeg 768w, https:\/\/nuevodiario-assets.s3.us-east-2.amazonaws.com\/wp-content\/uploads\/2026\/03\/Analista-politico-afirma-Gobierno-no-ha-logrado-comunicar-adecuadamente-sus-obras-4.jpeg 1536w, https:\/\/nuevodiario-assets.s3.us-east-2.amazonaws.com\/wp-content\/uploads\/2026\/03\/Analista-politico-afirma-Gobierno-no-ha-logrado-comunicar-adecuadamente-sus-obras-4.jpeg 600w, https:\/\/nuevodiario-assets.s3.us-east-2.amazonaws.com\/wp-content\/uploads\/2026\/03\/Analista-politico-afirma-Gobierno-no-ha-logrado-comunicar-adecuadamente-sus-obras-4.jpeg 1280w\" width=\"316\" height=\"253\" loading=\"lazy\" data-original-width=\"316\" data-original-height=\"253\" itemprop=\"http:\/\/schema.org\/image\" title=\"Analista pol\u00edtico afirma Gobierno no ha logrado comunicar adecuadamente sus obras (4)\" alt=\"Analista pol\u00edtico afirma Gobierno no ha logrado comunicar adecuadamente sus obras (4)\" style=\"width: 316px; height: 253px;\"\/> <\/a> <\/div>\n<\/p><\/div>\n<p> <!-- close group --> <\/div>\n<p> <!-- close row --> <\/div>\n<p>\u201cPuede aparecer uno que otro funcionario, que sus prioridades puedan estar en t\u00e9rminos de exposici\u00f3n divorciadas de la realidad de la l\u00ednea de gobierno\u201d, se\u00f1al\u00f3.<\/p>\n<p>Carvajal agreg\u00f3 que esa din\u00e1mica puede limitar que la poblaci\u00f3n conozca el alcance de las pol\u00edticas p\u00fablicas desarrolladas por la actual administraci\u00f3n.<\/p>\n<p>\u201cMuchos funcionarios han enfocado sus esfuerzos en promocionar sus proyectos personales y no defender la gran obra de gobierno del presidente Luis Abinader\u201d, sostuvo.<\/p>\n<p><h3 class=\"jp-relatedposts-headline\"><em>Relacionado<\/em><\/h3>\n<\/p>\n<p>\t\t\t\t\t\t<!-- .entry-footer --><br \/>\n\t\t\t\t\t\t<!-- \n\n<div data-type=\"_mgwidget\" data-widget-id=\"1743501\"><\/div>\n\n  -->\n\t\t\t\t\t<\/div>\n","protected":false},"excerpt":{"rendered":"<p>Analista pol\u00edtico Claudio Carvajal. (Foto: David P\u00e9rez) Leer resumen de la noticia (IA) CLICK AQU\u00cd Analizando noticia&#8230; por favor espera. EL NUEVO DIARIO, SANTO DOMINGO.- El analista pol\u00edtico Claudio Carvajal consider\u00f3 que uno de los aspectos que el Gobierno dominicano debe revisar es su estrategia de comunicaci\u00f3n institucional, al entender que una parte importante de<\/p>\n","protected":false},"author":1,"featured_media":26081,"comment_status":"open","ping_status":"open","sticky":false,"template":"","format":"standard","meta":{"footnotes":""},"categories":[1],"tags":[],"class_list":["post-26080","post","type-post","status-publish","format-standard","has-post-thumbnail","hentry","category-nacionales"],"_links":{"self":[{"href":"https:\/\/acronoticias.com\/index.php\/wp-json\/wp\/v2\/posts\/26080","targetHints":{"allow":["GET"]}}],"collection":[{"href":"https:\/\/acronoticias.com\/index.php\/wp-json\/wp\/v2\/posts"}],"about":[{"href":"https:\/\/acronoticias.com\/index.php\/wp-json\/wp\/v2\/types\/post"}],"author":[{"embeddable":true,"href":"https:\/\/acronoticias.com\/index.php\/wp-json\/wp\/v2\/users\/1"}],"replies":[{"embeddable":true,"href":"https:\/\/acronoticias.com\/index.php\/wp-json\/wp\/v2\/comments?post=26080"}],"version-history":[{"count":0,"href":"https:\/\/acronoticias.com\/index.php\/wp-json\/wp\/v2\/posts\/26080\/revisions"}],"wp:featuredmedia":[{"embeddable":true,"href":"https:\/\/acronoticias.com\/index.php\/wp-json\/wp\/v2\/media\/26081"}],"wp:attachment":[{"href":"https:\/\/acronoticias.com\/index.php\/wp-json\/wp\/v2\/media?parent=26080"}],"wp:term":[{"taxonomy":"category","embeddable":true,"href":"https:\/\/acronoticias.com\/index.php\/wp-json\/wp\/v2\/categories?post=26080"},{"taxonomy":"post_tag","embeddable":true,"href":"https:\/\/acronoticias.com\/index.php\/wp-json\/wp\/v2\/tags?post=26080"}],"curies":[{"name":"wp","href":"https:\/\/api.w.org\/{rel}","templated":true}]}}