{"id":25975,"date":"2026-03-07T13:12:26","date_gmt":"2026-03-07T13:12:26","guid":{"rendered":"https:\/\/acronoticias.com\/index.php\/2026\/03\/07\/abinader-se-reunira-hoy-con-trump-en-la-cumbre-del-escudo-de-las-americas-en-miami\/"},"modified":"2026-03-07T13:12:26","modified_gmt":"2026-03-07T13:12:26","slug":"abinader-se-reunira-hoy-con-trump-en-la-cumbre-del-escudo-de-las-americas-en-miami","status":"publish","type":"post","link":"https:\/\/acronoticias.com\/index.php\/2026\/03\/07\/abinader-se-reunira-hoy-con-trump-en-la-cumbre-del-escudo-de-las-americas-en-miami\/","title":{"rendered":"Abinader se reunir\u00e1 hoy con Trump en la &#8220;Cumbre del Escudo de las Am\u00e9ricas en Miami&#8221;"},"content":{"rendered":"<div data-td-block-uid=\"tdi_101\">\n<div class=\"tdb-block-inner td-fix-index\">\n<p>Santo Domingo.- El presidente de la <strong>Rep\u00fablica<\/strong>, Luis Abinader sostendr\u00e1 este <strong>s\u00e1bado<\/strong> un encuentro con el mandatario de <strong>Estados Unidos<\/strong>, Donald Trump, en el marco de la denominada Cumbre del Escudo de las Am\u00e9ricas, que se celebra en <strong>Miami<\/strong> (Miami).<\/p>\n<p>La reuni\u00f3n tendr\u00e1 lugar en el Trump National Doral Miami, un <strong>resort<\/strong> propiedad del presidente estadounidense, donde se dan cita <strong>l\u00edderes de varios pa\u00edses de Am\u00e9rica Latina y el Caribe<\/strong> para discutir temas de <strong>seguridad regional<\/strong>, <strong>migraci\u00f3n irregular<\/strong> y <strong>crimen organizado<\/strong>.<\/p>\n<p>De acuerdo con la Casa Blanca, la iniciativa busca <strong>fortalecer la cooperaci\u00f3n<\/strong> entre los pa\u00edses participantes para enfrentar desaf\u00edos comunes como la <strong>migraci\u00f3n ilegal<\/strong>, las <strong>redes criminales transnacionales<\/strong> y el <strong>narcotr\u00e1fico<\/strong>, adem\u00e1s de promover la <strong>estabilidad<\/strong> y la <strong>prosperidad<\/strong> en el <strong>hemisferio occidental<\/strong>. Esta cumbre marca la <strong>primera reuni\u00f3n regional de l\u00edderes<\/strong> del hemisferio convocada por el presidente Trump desde su <strong>regreso a la Casa Blanca<\/strong>.<\/p>\n<p>Para la Rep\u00fablica Dominicana, esta cita constituye una <strong>oportunidad clave<\/strong> para reafirmar su <strong>posici\u00f3n como socio estrat\u00e9gico en el Caribe<\/strong> y consolidar <strong>alianzas internacionales<\/strong> que impulsen el <strong>desarrollo econ\u00f3mico<\/strong> y la <strong>estabilidad pol\u00edtica<\/strong> en la regi\u00f3n.<\/p>\n<p>La participaci\u00f3n del presidente <strong>Abinader<\/strong> en esta cumbre reafirma el <strong>compromiso del Gobierno dominicano con el di\u00e1logo multilateral<\/strong> y la <strong>presencia activa del pa\u00eds<\/strong> en los <strong>escenarios de toma de decisi\u00f3n m\u00e1s relevantes del continente<\/strong>.<\/p>\n<\/div>\n<\/div>\n","protected":false},"excerpt":{"rendered":"<p>Santo Domingo.- El presidente de la Rep\u00fablica, Luis Abinader sostendr\u00e1 este s\u00e1bado un encuentro con el mandatario de Estados Unidos, Donald Trump, en el marco de la denominada Cumbre del Escudo de las Am\u00e9ricas, que se celebra en Miami (Miami). La reuni\u00f3n tendr\u00e1 lugar en el Trump National Doral Miami, un resort propiedad del presidente<\/p>\n","protected":false},"author":1,"featured_media":25976,"comment_status":"open","ping_status":"open","sticky":false,"template":"","format":"standard","meta":{"footnotes":""},"categories":[1],"tags":[],"class_list":["post-25975","post","type-post","status-publish","format-standard","has-post-thumbnail","hentry","category-nacionales"],"_links":{"self":[{"href":"https:\/\/acronoticias.com\/index.php\/wp-json\/wp\/v2\/posts\/25975","targetHints":{"allow":["GET"]}}],"collection":[{"href":"https:\/\/acronoticias.com\/index.php\/wp-json\/wp\/v2\/posts"}],"about":[{"href":"https:\/\/acronoticias.com\/index.php\/wp-json\/wp\/v2\/types\/post"}],"author":[{"embeddable":true,"href":"https:\/\/acronoticias.com\/index.php\/wp-json\/wp\/v2\/users\/1"}],"replies":[{"embeddable":true,"href":"https:\/\/acronoticias.com\/index.php\/wp-json\/wp\/v2\/comments?post=25975"}],"version-history":[{"count":0,"href":"https:\/\/acronoticias.com\/index.php\/wp-json\/wp\/v2\/posts\/25975\/revisions"}],"wp:featuredmedia":[{"embeddable":true,"href":"https:\/\/acronoticias.com\/index.php\/wp-json\/wp\/v2\/media\/25976"}],"wp:attachment":[{"href":"https:\/\/acronoticias.com\/index.php\/wp-json\/wp\/v2\/media?parent=25975"}],"wp:term":[{"taxonomy":"category","embeddable":true,"href":"https:\/\/acronoticias.com\/index.php\/wp-json\/wp\/v2\/categories?post=25975"},{"taxonomy":"post_tag","embeddable":true,"href":"https:\/\/acronoticias.com\/index.php\/wp-json\/wp\/v2\/tags?post=25975"}],"curies":[{"name":"wp","href":"https:\/\/api.w.org\/{rel}","templated":true}]}}