{"id":25947,"date":"2026-03-07T07:48:08","date_gmt":"2026-03-07T07:48:08","guid":{"rendered":"https:\/\/acronoticias.com\/index.php\/2026\/03\/07\/minerd-investiga-caso-de-profesora-que-agredio-nina-de-dos-anos-en-un-colegio-de-sde\/"},"modified":"2026-03-07T07:48:08","modified_gmt":"2026-03-07T07:48:08","slug":"minerd-investiga-caso-de-profesora-que-agredio-nina-de-dos-anos-en-un-colegio-de-sde","status":"publish","type":"post","link":"https:\/\/acronoticias.com\/index.php\/2026\/03\/07\/minerd-investiga-caso-de-profesora-que-agredio-nina-de-dos-anos-en-un-colegio-de-sde\/","title":{"rendered":"Minerd investiga caso de profesora que agredi\u00f3 ni\u00f1a de dos a\u00f1os en un colegio de SDE"},"content":{"rendered":"<div data-td-block-uid=\"tdi_101\">\n<div class=\"tdb-block-inner td-fix-index\">\n<p><strong>SANTO DOMINGO.-<\/strong> El <strong>Ministerio de Educaci\u00f3n (Minerd)<\/strong> investiga a la profesora <strong>Yamelsy Matos Beltr\u00e9 <\/strong>por la presunta agresi\u00f3n contra una menor de dos a\u00f1os en el centro educativo preescolar <strong>\u201cMi Segundo Hogar\u201d<\/strong>, ubicado en el sector <strong>Alma Rosa<\/strong>,<strong> Santo Domingo Este<\/strong>.<\/p>\n<p>El hecho fue captado por las c\u00e1maras de videovigilancia del aula y difundido posteriormente en redes sociales, lo que deton\u00f3 la intervenci\u00f3n oficial.<\/p>\n<p>Tras la identificaci\u00f3n de la docente y el plantel, el <strong>Minerd <\/strong>activ\u00f3 los protocolos de protecci\u00f3n a la ni\u00f1ez y despleg\u00f3 personal t\u00e9cnico para aplicar las medidas administrativas pertinentes.<\/p>\n<p>La instituci\u00f3n inform\u00f3 que el proceso busca establecer responsabilidades y colaborar con las autoridades judiciales en la protecci\u00f3n de la integridad de los estudiantes, advirtiendo que cualquier conducta que atente contra la seguridad de los menores ser\u00e1 sancionada bajo la normativa vigente.<\/p>\n<\/div>\n<\/div>\n","protected":false},"excerpt":{"rendered":"<p>SANTO DOMINGO.- El Ministerio de Educaci\u00f3n (Minerd) investiga a la profesora Yamelsy Matos Beltr\u00e9 por la presunta agresi\u00f3n contra una menor de dos a\u00f1os en el centro educativo preescolar \u201cMi Segundo Hogar\u201d, ubicado en el sector Alma Rosa, Santo Domingo Este. El hecho fue captado por las c\u00e1maras de videovigilancia del aula y difundido posteriormente<\/p>\n","protected":false},"author":1,"featured_media":25476,"comment_status":"open","ping_status":"open","sticky":false,"template":"","format":"standard","meta":{"footnotes":""},"categories":[1],"tags":[],"class_list":["post-25947","post","type-post","status-publish","format-standard","has-post-thumbnail","hentry","category-nacionales"],"_links":{"self":[{"href":"https:\/\/acronoticias.com\/index.php\/wp-json\/wp\/v2\/posts\/25947","targetHints":{"allow":["GET"]}}],"collection":[{"href":"https:\/\/acronoticias.com\/index.php\/wp-json\/wp\/v2\/posts"}],"about":[{"href":"https:\/\/acronoticias.com\/index.php\/wp-json\/wp\/v2\/types\/post"}],"author":[{"embeddable":true,"href":"https:\/\/acronoticias.com\/index.php\/wp-json\/wp\/v2\/users\/1"}],"replies":[{"embeddable":true,"href":"https:\/\/acronoticias.com\/index.php\/wp-json\/wp\/v2\/comments?post=25947"}],"version-history":[{"count":0,"href":"https:\/\/acronoticias.com\/index.php\/wp-json\/wp\/v2\/posts\/25947\/revisions"}],"wp:featuredmedia":[{"embeddable":true,"href":"https:\/\/acronoticias.com\/index.php\/wp-json\/wp\/v2\/media\/25476"}],"wp:attachment":[{"href":"https:\/\/acronoticias.com\/index.php\/wp-json\/wp\/v2\/media?parent=25947"}],"wp:term":[{"taxonomy":"category","embeddable":true,"href":"https:\/\/acronoticias.com\/index.php\/wp-json\/wp\/v2\/categories?post=25947"},{"taxonomy":"post_tag","embeddable":true,"href":"https:\/\/acronoticias.com\/index.php\/wp-json\/wp\/v2\/tags?post=25947"}],"curies":[{"name":"wp","href":"https:\/\/api.w.org\/{rel}","templated":true}]}}