{"id":25945,"date":"2026-03-07T07:32:07","date_gmt":"2026-03-07T07:32:07","guid":{"rendered":"https:\/\/acronoticias.com\/index.php\/2026\/03\/07\/protestan-en-bayaguana-para-exigir-carretera-prometida-desde-hace-mas-de-25-anos\/"},"modified":"2026-03-07T07:32:07","modified_gmt":"2026-03-07T07:32:07","slug":"protestan-en-bayaguana-para-exigir-carretera-prometida-desde-hace-mas-de-25-anos","status":"publish","type":"post","link":"https:\/\/acronoticias.com\/index.php\/2026\/03\/07\/protestan-en-bayaguana-para-exigir-carretera-prometida-desde-hace-mas-de-25-anos\/","title":{"rendered":"Protestan en Bayaguana para exigir carretera prometida desde hace m\u00e1s de 25 a\u00f1os"},"content":{"rendered":"<div data-td-block-uid=\"tdi_101\">\n<div class=\"tdb-block-inner td-fix-index\">\n<p><strong>Bayaguana, Monte Plata. \u2014 <\/strong>Residentes y parceleros de la comunidad de Mata Santiago, en el municipio de Bayaguana, realizaron este viernes una protesta pac\u00edfica para exigir la construcci\u00f3n de la carretera principal que conecta a esa comunidad rural.<\/p>\n<p>La manifestaci\u00f3n tuvo como punto de encuentro el Santuario de Bayaguana, desde donde los comunitarios reclamaron la intervenci\u00f3n de las autoridades para resolver una problem\u00e1tica que, seg\u00fan afirman, afecta a la zona desde hace m\u00e1s de 25 a\u00f1os.<\/p>\n<p>De acuerdo con los organizadores, durante ese per\u00edodo distintos gobiernos y dirigentes pol\u00edticos han prometido la construcci\u00f3n de la v\u00eda sin que hasta el momento la obra se haya materializado. Esta situaci\u00f3n mantiene a los residentes enfrentando polvo en tiempos de sequ\u00eda y lodo durante la temporada de lluvias, lo que dificulta la movilidad y el acceso a la comunidad.<\/p>\n<p>Los comunitarios tambi\u00e9n se\u00f1alaron la contradicci\u00f3n de que Mata Santiago se encuentra en las proximidades del Santuario de Bayaguana, uno de los principales centros de peregrinaci\u00f3n religiosa del pa\u00eds, que cada a\u00f1o recibe visitantes de distintas regiones y del extranjero.<\/p>\n<p>Los organizadores reiteraron que la protesta se desarroll\u00f3 de manera pac\u00edfica y tuvo como objetivo llamar la atenci\u00f3n de las autoridades, en especial del Ministerio de Obras P\u00fablicas, para que atienda una demanda que califican como hist\u00f3rica para la comunidad<\/p>\n<\/div>\n<\/div>\n","protected":false},"excerpt":{"rendered":"<p>Bayaguana, Monte Plata. \u2014 Residentes y parceleros de la comunidad de Mata Santiago, en el municipio de Bayaguana, realizaron este viernes una protesta pac\u00edfica para exigir la construcci\u00f3n de la carretera principal que conecta a esa comunidad rural. La manifestaci\u00f3n tuvo como punto de encuentro el Santuario de Bayaguana, desde donde los comunitarios reclamaron la<\/p>\n","protected":false},"author":1,"featured_media":25946,"comment_status":"open","ping_status":"open","sticky":false,"template":"","format":"standard","meta":{"footnotes":""},"categories":[1],"tags":[],"class_list":["post-25945","post","type-post","status-publish","format-standard","has-post-thumbnail","hentry","category-nacionales"],"_links":{"self":[{"href":"https:\/\/acronoticias.com\/index.php\/wp-json\/wp\/v2\/posts\/25945","targetHints":{"allow":["GET"]}}],"collection":[{"href":"https:\/\/acronoticias.com\/index.php\/wp-json\/wp\/v2\/posts"}],"about":[{"href":"https:\/\/acronoticias.com\/index.php\/wp-json\/wp\/v2\/types\/post"}],"author":[{"embeddable":true,"href":"https:\/\/acronoticias.com\/index.php\/wp-json\/wp\/v2\/users\/1"}],"replies":[{"embeddable":true,"href":"https:\/\/acronoticias.com\/index.php\/wp-json\/wp\/v2\/comments?post=25945"}],"version-history":[{"count":0,"href":"https:\/\/acronoticias.com\/index.php\/wp-json\/wp\/v2\/posts\/25945\/revisions"}],"wp:featuredmedia":[{"embeddable":true,"href":"https:\/\/acronoticias.com\/index.php\/wp-json\/wp\/v2\/media\/25946"}],"wp:attachment":[{"href":"https:\/\/acronoticias.com\/index.php\/wp-json\/wp\/v2\/media?parent=25945"}],"wp:term":[{"taxonomy":"category","embeddable":true,"href":"https:\/\/acronoticias.com\/index.php\/wp-json\/wp\/v2\/categories?post=25945"},{"taxonomy":"post_tag","embeddable":true,"href":"https:\/\/acronoticias.com\/index.php\/wp-json\/wp\/v2\/tags?post=25945"}],"curies":[{"name":"wp","href":"https:\/\/api.w.org\/{rel}","templated":true}]}}