{"id":25881,"date":"2026-03-07T00:52:07","date_gmt":"2026-03-07T00:52:07","guid":{"rendered":"https:\/\/acronoticias.com\/index.php\/2026\/03\/07\/fallece-de-un-infarto-el-coronel-douglas-u-borrell-el-nuevo-diario-republica-dominicana\/"},"modified":"2026-03-07T00:52:07","modified_gmt":"2026-03-07T00:52:07","slug":"fallece-de-un-infarto-el-coronel-douglas-u-borrell-el-nuevo-diario-republica-dominicana","status":"publish","type":"post","link":"https:\/\/acronoticias.com\/index.php\/2026\/03\/07\/fallece-de-un-infarto-el-coronel-douglas-u-borrell-el-nuevo-diario-republica-dominicana\/","title":{"rendered":"Fallece de un infarto el coronel Douglas U. Borrell \u2013 El Nuevo Diario (Rep\u00fablica Dominicana)"},"content":{"rendered":"<p><i class=\"bi bi-camera-fill\" style=\"font-size:18px; color:var(--rojo)\"\/> Douglas U. Borrell. (Ilustraci\u00f3n: El Nuevo Diario)<\/p>\n<div>\n<div id=\"gemini-summary-wrapper\" class=\"mb-3\">\n                <button id=\"btn-get-summary\" class=\"gemini-btn\" data-post-id=\"3040170\" data-post-title=\"Fallece de un infarto el coronel Douglas U. Borrell\"><br \/>\n                    Leer resumen <b class=\"d-none d-md-inline\">de la noticia<\/b> (IA) <span>CLICK AQU\u00cd<\/span><br \/>\n                <\/button><\/p>\n<div id=\"gemini-loading\" class=\"mb-3\">\n<p>                    <span>Analizando noticia&#8230; por favor espera.<\/span>\n                <\/div>\n<\/p><\/div>\n<p>EL NUEVO DIARIO, SANTO DOMINGO. \u2013 El coronel del Ej\u00e9rcito de la Rep\u00fablica Dominicana, Douglas U. Borrell, falleci\u00f3 este viernes en el Hospital General de la Plaza de la Salud, en el Distrito Nacional, luego de presentar complicaciones card\u00edacas.<\/p>\n<p data-start=\"546\" data-end=\"717\">El oficial hab\u00eda sido trasladado de emergencia al centro de salud, donde mientras recib\u00eda atenciones m\u00e9dicas sufri\u00f3 un infarto agudo al miocardio que le provoc\u00f3 la muerte.<\/p>\n<p data-start=\"719\" data-end=\"951\">Borrell tuvo una destacada trayectoria en el servicio p\u00fablico. Durante la gesti\u00f3n de Gonzalo Castillo en el Ministerio de Obras P\u00fablicas y Comunicaciones (MOPC), estuvo al frente de la Comisi\u00f3n Militar y Policial de esa instituci\u00f3n.<\/p>\n<p data-start=\"953\" data-end=\"1174\">Desde esa posici\u00f3n coordin\u00f3 acciones relacionadas con la asistencia vial y la seguridad en las carreteras, labores que lo colocaron en contacto directo con los operativos de apoyo a conductores en distintas v\u00edas del pa\u00eds.<\/p>\n<p data-start=\"1348\" data-end=\"1422\">Hasta el momento no se han informado detalles sobre las honras f\u00fanebres.<\/p>\n<p><h3 class=\"jp-relatedposts-headline\"><em>Relacionado<\/em><\/h3>\n<\/p>\n<p>\t\t\t\t\t\t<!-- .entry-footer --><br \/>\n\t\t\t\t\t\t<!-- \n\n<div data-type=\"_mgwidget\" data-widget-id=\"1743501\"><\/div>\n\n  -->\n\t\t\t\t\t<\/div>\n","protected":false},"excerpt":{"rendered":"<p>Douglas U. Borrell. (Ilustraci\u00f3n: El Nuevo Diario) Leer resumen de la noticia (IA) CLICK AQU\u00cd Analizando noticia&#8230; por favor espera. EL NUEVO DIARIO, SANTO DOMINGO. \u2013 El coronel del Ej\u00e9rcito de la Rep\u00fablica Dominicana, Douglas U. Borrell, falleci\u00f3 este viernes en el Hospital General de la Plaza de la Salud, en el Distrito Nacional, luego<\/p>\n","protected":false},"author":1,"featured_media":25882,"comment_status":"open","ping_status":"open","sticky":false,"template":"","format":"standard","meta":{"footnotes":""},"categories":[1],"tags":[],"class_list":["post-25881","post","type-post","status-publish","format-standard","has-post-thumbnail","hentry","category-nacionales"],"_links":{"self":[{"href":"https:\/\/acronoticias.com\/index.php\/wp-json\/wp\/v2\/posts\/25881","targetHints":{"allow":["GET"]}}],"collection":[{"href":"https:\/\/acronoticias.com\/index.php\/wp-json\/wp\/v2\/posts"}],"about":[{"href":"https:\/\/acronoticias.com\/index.php\/wp-json\/wp\/v2\/types\/post"}],"author":[{"embeddable":true,"href":"https:\/\/acronoticias.com\/index.php\/wp-json\/wp\/v2\/users\/1"}],"replies":[{"embeddable":true,"href":"https:\/\/acronoticias.com\/index.php\/wp-json\/wp\/v2\/comments?post=25881"}],"version-history":[{"count":0,"href":"https:\/\/acronoticias.com\/index.php\/wp-json\/wp\/v2\/posts\/25881\/revisions"}],"wp:featuredmedia":[{"embeddable":true,"href":"https:\/\/acronoticias.com\/index.php\/wp-json\/wp\/v2\/media\/25882"}],"wp:attachment":[{"href":"https:\/\/acronoticias.com\/index.php\/wp-json\/wp\/v2\/media?parent=25881"}],"wp:term":[{"taxonomy":"category","embeddable":true,"href":"https:\/\/acronoticias.com\/index.php\/wp-json\/wp\/v2\/categories?post=25881"},{"taxonomy":"post_tag","embeddable":true,"href":"https:\/\/acronoticias.com\/index.php\/wp-json\/wp\/v2\/tags?post=25881"}],"curies":[{"name":"wp","href":"https:\/\/api.w.org\/{rel}","templated":true}]}}