{"id":25875,"date":"2026-03-07T00:08:39","date_gmt":"2026-03-07T00:08:39","guid":{"rendered":"https:\/\/acronoticias.com\/index.php\/2026\/03\/07\/ministro-ito-bisono-deja-iniciada-la-construccion-del-centro-de-correccion-y-rehabilitacion-de-el-seibo\/"},"modified":"2026-03-07T00:08:39","modified_gmt":"2026-03-07T00:08:39","slug":"ministro-ito-bisono-deja-iniciada-la-construccion-del-centro-de-correccion-y-rehabilitacion-de-el-seibo","status":"publish","type":"post","link":"https:\/\/acronoticias.com\/index.php\/2026\/03\/07\/ministro-ito-bisono-deja-iniciada-la-construccion-del-centro-de-correccion-y-rehabilitacion-de-el-seibo\/","title":{"rendered":"Ministro Ito Bison\u00f3 deja iniciada la construcci\u00f3n del Centro de Correcci\u00f3n y Rehabilitaci\u00f3n de El Seibo"},"content":{"rendered":"<div id=\"mvp-content-main\">\n<p><strong>\u2013<em>Este centro que construir\u00e1 el MIVHED tendr\u00e1 capacidad para 800 internos<\/em>\u2013<\/strong><\/p>\n<p><strong>El Seibo.\u2013<\/strong> El ministro de Vivienda, H\u00e1bitat y Edificaciones, V\u00edctor \u2013 Ito \u2013 Bison\u00f3, inici\u00f3 este viernes la construcci\u00f3n del Centro de Correcci\u00f3n y Rehabilitaci\u00f3n de la provincia El Seibo, con capacidad para albergar a 800 privados de libertad.<\/p>\n<p>Este recinto, que conlleva una inversi\u00f3n de RD$1,114 millones en obra civil, es parte del conjunto de obras realizadas por el Ministerio de Vivienda, H\u00e1bitat y Edificaciones (MIVHED) para fortalecer\u00a0y dignificar el sistema penitenciario de la Rep\u00fablica Dominicana.<\/p>\n<p>Durante el acto, el ministro Ito Bison\u00f3 dijo que el Centro de Correcci\u00f3n y Rehabilitaci\u00f3n de El Seibo forma parte del proceso nacional de modernizaci\u00f3n penitenciaria, el cual busca ampliar la capacidad del sistema, organizar mejor sus operaciones y garantizar infraestructuras adecuadas para su funcionamiento.<\/p>\n<p>\u201cEsta infraestructura forma parte del proceso de modernizaci\u00f3n del sistema penitenciario dominicano. Construir centros como este significa dotar al pa\u00eds de instalaciones dignas, organizadas y seguras que permitan trabajar verdaderamente en la rehabilitaci\u00f3n y la reinserci\u00f3n social.\u201dindic\u00f3 el funcionario.<\/p>\n<p>Por su lado, el director general de Servicios Penitenciarios y Correccionales, Roberto Santana, explic\u00f3 que el objetivo de este tipo de infraestructura es transformar los espacios penitenciarios en lugares que garanticen seguridad, convivencia y cumplimiento de las normas, al tiempo que contribuyan a generar tranquilidad en las comunidades donde est\u00e1n ubicados.<\/p>\n<figure class=\"wp-block-image size-large\"><a href=\"https:\/\/cdn.ultimasnoticias.com.do\/2026\/03\/PHOTO-2026-03-06-17-52-33-1.jpg\"><img loading=\"lazy\" decoding=\"async\" width=\"1024\" height=\"682\" alt=\"PHOTO 2026 03 06 17 52 33 1\" class=\"wp-image-214975 cwvlazyload\" src=\"https:\/\/cdn.ultimasnoticias.com.do\/2026\/03\/PHOTO-2026-03-06-17-52-33-1-1024x682.jpg\" srcset=\"https:\/\/cdn.ultimasnoticias.com.do\/2026\/03\/PHOTO-2026-03-06-17-52-33-1-1024x682.jpg 1024w, https:\/\/cdn.ultimasnoticias.com.do\/2026\/03\/PHOTO-2026-03-06-17-52-33-1-300x200.jpg 300w, https:\/\/cdn.ultimasnoticias.com.do\/2026\/03\/PHOTO-2026-03-06-17-52-33-1-768x512.jpg 768w, https:\/\/cdn.ultimasnoticias.com.do\/2026\/03\/PHOTO-2026-03-06-17-52-33-1-1536x1023.jpg 1536w, https:\/\/cdn.ultimasnoticias.com.do\/2026\/03\/PHOTO-2026-03-06-17-52-33-1.jpg 1600w\" data-sizes=\"(max-width: 1024px) 100vw, 1024px\"\/><\/a><\/figure>\n<p>Asimismo, destac\u00f3 que con la construcci\u00f3n de este establecimiento se completar\u00e1 la reforma penitenciaria en la regi\u00f3n Este del pa\u00eds. Record\u00f3 que actualmente ya se encuentran en funcionamiento los centros de Anamuya, en Hig\u00fcey; La Cucama, en La Romana; y el de San Pedro de Macor\u00eds.<\/p>\n<p><strong>Sobre el Centro de Correcci\u00f3n y Rehabilitaci\u00f3n de El Seibo<\/strong><\/p>\n<p>El centro contar\u00e1 con 23,718.35 metros cuadrados de construcci\u00f3n sobre un terreno de 131,928 metros cuadrados, consolid\u00e1ndose como una de las obras m\u00e1s amplias dentro del sistema penitenciario nacional.<\/p>\n<p>La infraestructura incluye un edificio administrativo con celdas de observaci\u00f3n; un edificio que integra comedor, sal\u00f3n multiusos, aulas, biblioteca y celdas conyugales; un edificio de alojamiento VTP; cuatro edificios de celdas de seguridad media (A); un edificio de celdas de seguridad m\u00e1xima (C) y el edificio Eco 1.<\/p>\n<p>En materia de seguridad, dispone de siete torres de vigilancia, garita de control y zona de aduana, adem\u00e1s de \u00e1reas de monitoreo que refuerzan la supervisi\u00f3n interna. El centro tambi\u00e9n incorpora una nave de talleres y espacios destinados a la formaci\u00f3n y reinserci\u00f3n social, como aulas educativas, biblioteca y un \u00e1rea agr\u00edcola con granja de conejos y gallinas, as\u00ed como tres canchas de baloncesto y caniles.<\/p>\n<p>Para su operatividad cuenta con caseta de cisterna, planta el\u00e9ctrica, dep\u00f3sito de basura y tanque de gas, garantizando autonom\u00eda en los servicios b\u00e1sicos. Asimismo, posee 95 estacionamientos distribuidos en 52 generales, 43 privados, dos parqueos de servicios y dos para autobuses.<\/p>\n<p>Con esta obra en la provincia de El Seibo, las autoridades buscan fortalecer el modelo de correcci\u00f3n y rehabilitaci\u00f3n, ampliar la capacidad del sistema y promover condiciones m\u00e1s dignas y seguras para los privados de libertad.<\/p>\n<p><strong>Sobre el Ministerio de Vivienda, H\u00e1bitat y Edificaciones<\/strong><\/p>\n<p>El Ministerio de Vivienda, H\u00e1bitat y Edificaciones (MIVHED), creado mediante la Ley n\u00fam. 160-21, tiene como misi\u00f3n planificar, reglamentar y supervisar las edificaciones p\u00fablicas y privadas del pa\u00eds, as\u00ed como desarrollar pol\u00edticas de vivienda y mejoramiento del h\u00e1bitat que promuevan comunidades m\u00e1s seguras, organizadas y resilientes.<\/p>\n<p>Acompa\u00f1aron al ministro Ito Bison\u00f3 la gobernadora de El Seibo, Magaly Tabar de Goico; el senador de El Seibo, Santiago Zorrilla; el director general de Servicios Penitenciarios y Correccionales, Roberto Santana; y el padre Ricardo Manuel Santos, de la parroquia Santa Cruz.<\/p>\n<\/div>\n","protected":false},"excerpt":{"rendered":"<p>\u2013Este centro que construir\u00e1 el MIVHED tendr\u00e1 capacidad para 800 internos\u2013 El Seibo.\u2013 El ministro de Vivienda, H\u00e1bitat y Edificaciones, V\u00edctor \u2013 Ito \u2013 Bison\u00f3, inici\u00f3 este viernes la construcci\u00f3n del Centro de Correcci\u00f3n y Rehabilitaci\u00f3n de la provincia El Seibo, con capacidad para albergar a 800 privados de libertad. Este recinto, que conlleva una<\/p>\n","protected":false},"author":1,"featured_media":25876,"comment_status":"open","ping_status":"open","sticky":false,"template":"","format":"standard","meta":{"footnotes":""},"categories":[1],"tags":[],"class_list":["post-25875","post","type-post","status-publish","format-standard","has-post-thumbnail","hentry","category-nacionales"],"_links":{"self":[{"href":"https:\/\/acronoticias.com\/index.php\/wp-json\/wp\/v2\/posts\/25875","targetHints":{"allow":["GET"]}}],"collection":[{"href":"https:\/\/acronoticias.com\/index.php\/wp-json\/wp\/v2\/posts"}],"about":[{"href":"https:\/\/acronoticias.com\/index.php\/wp-json\/wp\/v2\/types\/post"}],"author":[{"embeddable":true,"href":"https:\/\/acronoticias.com\/index.php\/wp-json\/wp\/v2\/users\/1"}],"replies":[{"embeddable":true,"href":"https:\/\/acronoticias.com\/index.php\/wp-json\/wp\/v2\/comments?post=25875"}],"version-history":[{"count":0,"href":"https:\/\/acronoticias.com\/index.php\/wp-json\/wp\/v2\/posts\/25875\/revisions"}],"wp:featuredmedia":[{"embeddable":true,"href":"https:\/\/acronoticias.com\/index.php\/wp-json\/wp\/v2\/media\/25876"}],"wp:attachment":[{"href":"https:\/\/acronoticias.com\/index.php\/wp-json\/wp\/v2\/media?parent=25875"}],"wp:term":[{"taxonomy":"category","embeddable":true,"href":"https:\/\/acronoticias.com\/index.php\/wp-json\/wp\/v2\/categories?post=25875"},{"taxonomy":"post_tag","embeddable":true,"href":"https:\/\/acronoticias.com\/index.php\/wp-json\/wp\/v2\/tags?post=25875"}],"curies":[{"name":"wp","href":"https:\/\/api.w.org\/{rel}","templated":true}]}}