{"id":25871,"date":"2026-03-06T23:52:43","date_gmt":"2026-03-06T23:52:43","guid":{"rendered":"https:\/\/acronoticias.com\/index.php\/2026\/03\/06\/diputada-patricia-nunez-convoca-caminata-en-sdn-por-mas-derechos-para-las-mujeres-el-nuevo-diario-republica-dominicana\/"},"modified":"2026-03-06T23:52:43","modified_gmt":"2026-03-06T23:52:43","slug":"diputada-patricia-nunez-convoca-caminata-en-sdn-por-mas-derechos-para-las-mujeres-el-nuevo-diario-republica-dominicana","status":"publish","type":"post","link":"https:\/\/acronoticias.com\/index.php\/2026\/03\/06\/diputada-patricia-nunez-convoca-caminata-en-sdn-por-mas-derechos-para-las-mujeres-el-nuevo-diario-republica-dominicana\/","title":{"rendered":"diputada Patricia N\u00fa\u00f1ez convoca caminata en SDN por m\u00e1s derechos para las mujeres \u2013 El Nuevo Diario (Rep\u00fablica Dominicana)"},"content":{"rendered":"<p><i class=\"bi bi-camera-fill\" style=\"font-size:18px; color:var(--rojo)\"\/> Patricia N\u00fa\u00f1ez. Fuente externa <\/p>\n<div>\n<div id=\"gemini-summary-wrapper\" class=\"mb-3\">\n                <button id=\"btn-get-summary\" class=\"gemini-btn\" data-post-id=\"3040029\" data-post-title=\"\u201cUnidas somos m\u00e1s fuertes\u201d: diputada Patricia N\u00fa\u00f1ez convoca caminata en SDN por m\u00e1s derechos para las mujeres\"><br \/>\n                    Leer resumen <b class=\"d-none d-md-inline\">de la noticia<\/b> (IA) <span>CLICK AQU\u00cd<\/span><br \/>\n                <\/button><\/p>\n<div id=\"gemini-loading\" class=\"mb-3\">\n<p>                    <span>Analizando noticia&#8230; por favor espera.<\/span>\n                <\/div>\n<\/p><\/div>\n<p>EL NUEVO DIARIO, SANTO DOMINGO.- En el marco de la celebraci\u00f3n del D\u00eda Internacional de la Mujer, la diputada del Partido Revolucionario Moderno (PRM) por Santo Domingo Norte, Patricia N\u00fa\u00f1ez, anunci\u00f3 la realizaci\u00f3n de una caminata bajo el lema \u201cUnidas somos m\u00e1s fuertes\u201d, con el objetivo de promover la defensa de los derechos de las mujeres y reclamar mayores oportunidades de participaci\u00f3n en los espacios de toma de decisiones.<\/p>\n<p>La actividad busca reunir a decenas de mujeres de distintos sectores de la demarcaci\u00f3n para enviar un mensaje de unidad, solidaridad y compromiso con la lucha por la igualdad de g\u00e9nero.<\/p>\n<p>Seg\u00fan explic\u00f3 la legisladora, la caminata tambi\u00e9n servir\u00e1 como un escenario para demandar m\u00e1s derechos, igualdad de oportunidades y la aprobaci\u00f3n de leyes que garanticen una mayor protecci\u00f3n y bienestar para las f\u00e9minas, as\u00ed como pol\u00edticas p\u00fablicas que impulsen su desarrollo social, econ\u00f3mico y pol\u00edtico.<\/p>\n<p>\u00abSabemos que se ha avanzado mucho en lo que respeta la participaci\u00f3n femenina en los diferentes escenarios, pero a\u00fan hay temas fundamentales que nosotras como legisladoras tenemos que priorizar\u00bb, subray\u00f3 N\u00fa\u00f1ez.<\/p>\n<p>La parlamentaria destac\u00f3 que una de esas prioridades es aprobar en la actual legislatura la ley integral \u201cD\u00e9jala ir\u201d, una propuesta que est\u00e1 compuesta por 18 iniciativas que buscan erradicar la violencia contra la mujer en todas sus expresi\u00f3n.<\/p>\n<p>El recorrido partir\u00e1 desde la parada del Telef\u00e9rico en la avenida Charles de Gaulle, en el boulevard de Sabana Perdida, y concluir\u00e1 en la iglesia cat\u00f3lica de la parroquia Gonz\u00e1lez, ubicada en la entrada del sector Los Cerros.<\/p>\n<p>N\u00fa\u00f1ez destac\u00f3 que con esta iniciativa se busca visibilizar las luchas y desaf\u00edos que a\u00fan enfrentan las mujeres, al tiempo que se promueve su empoderamiento y participaci\u00f3n activa en la sociedad.<\/p>\n<p>La diputada hizo un llamado a las mujeres del municipio y a la ciudadan\u00eda en general a sumarse a la caminata, resaltando que la uni\u00f3n y la participaci\u00f3n colectiva son claves para seguir avanzando en la conquista de m\u00e1s derechos y espacios de igualdad.<\/p>\n<p>Asimismo, destac\u00f3 que se debe seguir luchando para poder vencer una serie de desaf\u00edos que a\u00fan persisten entre los que cit\u00f3 la desigualdad salarial y la informalidad del trabajo dom\u00e9stico.<\/p>\n<p><h3 class=\"jp-relatedposts-headline\"><em>Relacionado<\/em><\/h3>\n<\/p>\n<p>\t\t\t\t\t\t<!-- .entry-footer --><br \/>\n\t\t\t\t\t\t<!-- \n\n<div data-type=\"_mgwidget\" data-widget-id=\"1743501\"><\/div>\n\n  -->\n\t\t\t\t\t<\/div>\n","protected":false},"excerpt":{"rendered":"<p>Patricia N\u00fa\u00f1ez. Fuente externa Leer resumen de la noticia (IA) CLICK AQU\u00cd Analizando noticia&#8230; por favor espera. EL NUEVO DIARIO, SANTO DOMINGO.- En el marco de la celebraci\u00f3n del D\u00eda Internacional de la Mujer, la diputada del Partido Revolucionario Moderno (PRM) por Santo Domingo Norte, Patricia N\u00fa\u00f1ez, anunci\u00f3 la realizaci\u00f3n de una caminata bajo el<\/p>\n","protected":false},"author":1,"featured_media":25872,"comment_status":"open","ping_status":"open","sticky":false,"template":"","format":"standard","meta":{"footnotes":""},"categories":[1],"tags":[],"class_list":["post-25871","post","type-post","status-publish","format-standard","has-post-thumbnail","hentry","category-nacionales"],"_links":{"self":[{"href":"https:\/\/acronoticias.com\/index.php\/wp-json\/wp\/v2\/posts\/25871","targetHints":{"allow":["GET"]}}],"collection":[{"href":"https:\/\/acronoticias.com\/index.php\/wp-json\/wp\/v2\/posts"}],"about":[{"href":"https:\/\/acronoticias.com\/index.php\/wp-json\/wp\/v2\/types\/post"}],"author":[{"embeddable":true,"href":"https:\/\/acronoticias.com\/index.php\/wp-json\/wp\/v2\/users\/1"}],"replies":[{"embeddable":true,"href":"https:\/\/acronoticias.com\/index.php\/wp-json\/wp\/v2\/comments?post=25871"}],"version-history":[{"count":0,"href":"https:\/\/acronoticias.com\/index.php\/wp-json\/wp\/v2\/posts\/25871\/revisions"}],"wp:featuredmedia":[{"embeddable":true,"href":"https:\/\/acronoticias.com\/index.php\/wp-json\/wp\/v2\/media\/25872"}],"wp:attachment":[{"href":"https:\/\/acronoticias.com\/index.php\/wp-json\/wp\/v2\/media?parent=25871"}],"wp:term":[{"taxonomy":"category","embeddable":true,"href":"https:\/\/acronoticias.com\/index.php\/wp-json\/wp\/v2\/categories?post=25871"},{"taxonomy":"post_tag","embeddable":true,"href":"https:\/\/acronoticias.com\/index.php\/wp-json\/wp\/v2\/tags?post=25871"}],"curies":[{"name":"wp","href":"https:\/\/api.w.org\/{rel}","templated":true}]}}