{"id":25869,"date":"2026-03-06T23:36:51","date_gmt":"2026-03-06T23:36:51","guid":{"rendered":"https:\/\/acronoticias.com\/index.php\/2026\/03\/06\/experta-en-turismo-afirma-rd-apuesta-por-atraer-turistas-de-mayor-calidad-el-nuevo-diario-republica-dominicana\/"},"modified":"2026-03-06T23:36:51","modified_gmt":"2026-03-06T23:36:51","slug":"experta-en-turismo-afirma-rd-apuesta-por-atraer-turistas-de-mayor-calidad-el-nuevo-diario-republica-dominicana","status":"publish","type":"post","link":"https:\/\/acronoticias.com\/index.php\/2026\/03\/06\/experta-en-turismo-afirma-rd-apuesta-por-atraer-turistas-de-mayor-calidad-el-nuevo-diario-republica-dominicana\/","title":{"rendered":"Experta en turismo afirma RD apuesta por atraer turistas de mayor calidad \u2013 El Nuevo Diario (Rep\u00fablica Dominicana)"},"content":{"rendered":"<div>\n<div id=\"gemini-summary-wrapper\" class=\"mb-3\">\n                <button id=\"btn-get-summary\" class=\"gemini-btn\" data-post-id=\"3040052\" data-post-title=\"Experta en turismo afirma RD apuesta por atraer turistas de mayor calidad\"><br \/>\n                    Leer resumen <b class=\"d-none d-md-inline\">de la noticia<\/b> (IA) <span>CLICK AQU\u00cd<\/span><br \/>\n                <\/button><\/p>\n<div id=\"gemini-loading\" class=\"mb-3\">\n<p>                    <span>Analizando noticia&#8230; por favor espera.<\/span>\n                <\/div>\n<\/p><\/div>\n<p>EL NUEVO DIARIO, SANTO DOMINGO. \u2013 La CEO de Chartering Travel, Ada Fern\u00e1ndez, afirm\u00f3 este viernes que la Rep\u00fablica Dominicana busca atraer un turista de mayor calidad, lo que ha impulsado el crecimiento y la modernizaci\u00f3n de la oferta hotelera en el pa\u00eds.<\/p>\n<p>Fern\u00e1ndez explic\u00f3 que en los \u00faltimos a\u00f1os se ha registrado un aumento significativo tanto en la cantidad de hoteles como en la calidad de los servicios que ofrecen, especialmente dentro del modelo de establecimientos todo incluido.<\/p>\n<p>Record\u00f3 que los hoteles de este tipo han evolucionado considerablemente en la \u00faltima d\u00e9cada, destacando que los complejos tur\u00edsticos actuales ofrecen est\u00e1ndares muy superiores a los de a\u00f1os anteriores.<\/p>\n<p>\u201cSi recordamos los hoteles todo incluido de hace diez a\u00f1os, no son lo mismo que los de ahora. Hoy ha mejorado much\u00edsimo la calidad, la comida, las habitaciones y el confort, por lo que cada hotel nuevo que se construye se convierte en una competencia al ofrecer propuestas innovadoras y mejores servicios\u201d, manifest\u00f3.<\/p>\n<p>La ejecutiva externo sus opiniones al ser entrevistado por los comunicadores Aneudy Ram\u00edrez, Julio Samuel Sierra y Ad\u00e1n Lesther en el programa \u201cEl Nuevo Diario en la Tarde\u201d, transmitido por la plataforma digital de \u201cEl Nuevo Diario TV\u201d.<\/p>\n<p>(Ver programa)<\/p>\n<p><iframe loading=\"lazy\" src=\"https:\/\/player.vimeo.com\/video\/1171158650?dnt=1&amp;app_id=122963\" width=\"640\" height=\"360\" frameborder=\"0\" allow=\"autoplay; fullscreen; picture-in-picture; clipboard-write; encrypted-media; web-share\" referrerpolicy=\"strict-origin-when-cross-origin\"><\/iframe><\/p>\n<p>Fern\u00e1ndez indic\u00f3 que estas mejoras han contribuido a que cada vez m\u00e1s turistas se sientan atra\u00eddos por la Rep\u00fablica Dominicana, gracias a la constante renovaci\u00f3n de la oferta tur\u00edstica y a las condiciones que ofrecen los hoteles del pa\u00eds.<\/p>\n<p>Se\u00f1al\u00f3 que entre los destinos que cuentan con una amplia oferta de establecimientos con altos est\u00e1ndares figuran Punta Cana y Saman\u00e1, aunque tambi\u00e9n destac\u00f3 otras zonas con potencial tur\u00edstico.<\/p>\n<p>\u201cEn el pa\u00eds existen lugares donde se puede disfrutar de excelentes experiencias. En Punta Cana, Saman\u00e1 e incluso en Bonao hay zonas tur\u00edsticas donde se puede ir a pasar un fin de semana riqu\u00edsimo\u201d, expres\u00f3.<\/p>\n<p>Ada Fern\u00e1ndez agreg\u00f3 adem\u00e1s que cada vez m\u00e1s personas han tomado conciencia sobre la importancia de viajar y tomarse un tiempo para descansar.<\/p>\n<p>\u201cLa gente ha comenzado a concientizarse de que es necesario viajar y tomarse unas vacaciones\u201d, subray\u00f3.<\/p>\n<p>\u00a0<\/p>\n<p>\u00a0<\/p>\n<p>\u00a0<\/p>\n<p><h3 class=\"jp-relatedposts-headline\"><em>Relacionado<\/em><\/h3>\n<\/p>\n<p>\t\t\t\t\t\t<!-- .entry-footer --><br \/>\n\t\t\t\t\t\t<!-- \n\n<div data-type=\"_mgwidget\" data-widget-id=\"1743501\"><\/div>\n\n  -->\n\t\t\t\t\t<\/div>\n","protected":false},"excerpt":{"rendered":"<p>Leer resumen de la noticia (IA) CLICK AQU\u00cd Analizando noticia&#8230; por favor espera. EL NUEVO DIARIO, SANTO DOMINGO. \u2013 La CEO de Chartering Travel, Ada Fern\u00e1ndez, afirm\u00f3 este viernes que la Rep\u00fablica Dominicana busca atraer un turista de mayor calidad, lo que ha impulsado el crecimiento y la modernizaci\u00f3n de la oferta hotelera en el<\/p>\n","protected":false},"author":1,"featured_media":25870,"comment_status":"open","ping_status":"open","sticky":false,"template":"","format":"standard","meta":{"footnotes":""},"categories":[1],"tags":[],"class_list":["post-25869","post","type-post","status-publish","format-standard","has-post-thumbnail","hentry","category-nacionales"],"_links":{"self":[{"href":"https:\/\/acronoticias.com\/index.php\/wp-json\/wp\/v2\/posts\/25869","targetHints":{"allow":["GET"]}}],"collection":[{"href":"https:\/\/acronoticias.com\/index.php\/wp-json\/wp\/v2\/posts"}],"about":[{"href":"https:\/\/acronoticias.com\/index.php\/wp-json\/wp\/v2\/types\/post"}],"author":[{"embeddable":true,"href":"https:\/\/acronoticias.com\/index.php\/wp-json\/wp\/v2\/users\/1"}],"replies":[{"embeddable":true,"href":"https:\/\/acronoticias.com\/index.php\/wp-json\/wp\/v2\/comments?post=25869"}],"version-history":[{"count":0,"href":"https:\/\/acronoticias.com\/index.php\/wp-json\/wp\/v2\/posts\/25869\/revisions"}],"wp:featuredmedia":[{"embeddable":true,"href":"https:\/\/acronoticias.com\/index.php\/wp-json\/wp\/v2\/media\/25870"}],"wp:attachment":[{"href":"https:\/\/acronoticias.com\/index.php\/wp-json\/wp\/v2\/media?parent=25869"}],"wp:term":[{"taxonomy":"category","embeddable":true,"href":"https:\/\/acronoticias.com\/index.php\/wp-json\/wp\/v2\/categories?post=25869"},{"taxonomy":"post_tag","embeddable":true,"href":"https:\/\/acronoticias.com\/index.php\/wp-json\/wp\/v2\/tags?post=25869"}],"curies":[{"name":"wp","href":"https:\/\/api.w.org\/{rel}","templated":true}]}}