{"id":25859,"date":"2026-03-06T22:45:09","date_gmt":"2026-03-06T22:45:09","guid":{"rendered":"https:\/\/acronoticias.com\/index.php\/2026\/03\/06\/varios-sectores-del-dn-sin-energia-electrica-este-sabado-y-domingo-por-mantenimiento-programado\/"},"modified":"2026-03-06T22:45:09","modified_gmt":"2026-03-06T22:45:09","slug":"varios-sectores-del-dn-sin-energia-electrica-este-sabado-y-domingo-por-mantenimiento-programado","status":"publish","type":"post","link":"https:\/\/acronoticias.com\/index.php\/2026\/03\/06\/varios-sectores-del-dn-sin-energia-electrica-este-sabado-y-domingo-por-mantenimiento-programado\/","title":{"rendered":"Varios sectores del DN sin energ\u00eda el\u00e9ctrica este s\u00e1bado y domingo por mantenimiento programado"},"content":{"rendered":"<p><img loading=\"lazy\" decoding=\"async\" width=\"355\" height=\"200\" src=\"https:\/\/nuevodiario-assets.s3.us-east-2.amazonaws.com\/wp-content\/uploads\/2026\/03\/Varios-sectores-del-DN-sin-energia-electrica-este-sabado-y-domingo-por-mantenimiento-programado-355x200.jpeg\" class=\"webfeedsFeaturedVisual not-transparent wp-post-image\" alt=\"\" style=\"--dominant-color: #838273;margin-bottom: 5px;clear:both;max-width: 100%\" data-has-transparency=\"false\" data-dominant-color=\"838273\" \/><\/p>\n<p>EL NUEVO DIARIO, SANTO DOMINGO.-La <span class=\"hover:entity-accent entity-underline inline cursor-pointer align-baseline\"><span class=\"whitespace-normal\">Empresa de Transmisi\u00f3n El\u00e9ctrica Dominicana<\/span><\/span> (ETED) inform\u00f3 la suspensi\u00f3n del servicio el\u00e9ctrico este s\u00e1badoy domingo\u00a0 en los sectores <span class=\"hover:entity-accent entity-underline inline cursor-pointer align-baseline\"><span class=\"whitespace-normal\">Naco<\/span><\/span>, <span class=\"hover:entity-accent entity-underline inline cursor-pointer align-baseline\"><span class=\"whitespace-normal\">Piantini<\/span><\/span> , <span class=\"hover:entity-accent entity-underline inline cursor-pointer align-baseline\"><span class=\"whitespace-normal\">Ensanche La Fe<\/span><\/span> y <span class=\"hover:entity-accent entity-underline inline cursor-pointer align-baseline\"><span class=\"whitespace-normal\">Ensanche Kennedy<\/span><\/span>\u00a0debido a trabajos de mantenimiento programado en subestaciones y l\u00edneas de transmisi\u00f3n.<\/p>\n<div class=\"flex flex-col text-sm pb-25\">\n<article class=\"text-token-text-primary w-full focus:outline-none [--shadow-height:45px] has-data-writing-block:pointer-events-none has-data-writing-block:-mt-(--shadow-height) has-data-writing-block:pt-(--shadow-height) [&amp;:has([data-writing-block])&gt;*]:pointer-events-auto scroll-mt-[calc(var(--header-height)+min(200px,max(70px,20svh)))]\" dir=\"auto\" data-turn-id=\"request-WEB:4700c06a-07af-480a-ae70-ff1677f69be1-8\" data-testid=\"conversation-turn-18\" data-scroll-anchor=\"true\" data-turn=\"assistant\">\n<div class=\"text-base my-auto mx-auto pb-10 [--thread-content-margin:var(--thread-content-margin-xs,calc(var(--spacing)*4))] @w-sm\/main:[--thread-content-margin:var(--thread-content-margin-sm,calc(var(--spacing)*6))] @w-lg\/main:[--thread-content-margin:var(--thread-content-margin-lg,calc(var(--spacing)*16))] px-(--thread-content-margin)\">\n<div class=\"[--thread-content-max-width:40rem] @w-lg\/main:[--thread-content-max-width:48rem] mx-auto max-w-(--thread-content-max-width) flex-1 group\/turn-messages focus-visible:outline-hidden relative flex w-full min-w-0 flex-col agent-turn\">\n<div class=\"flex max-w-full flex-col gap-4 grow\">\n<div class=\"min-h-8 text-message relative flex w-full flex-col items-end gap-2 text-start break-words whitespace-normal [.text-message+&amp;]:mt-1\" dir=\"auto\" data-message-author-role=\"assistant\" data-message-id=\"ac24ca2f-2118-4ecc-bd17-69a6c88abe67\" data-message-model-slug=\"gpt-5-3\">\n<div class=\"flex w-full flex-col gap-1 empty:hidden\">\n<div class=\"markdown prose dark:prose-invert w-full wrap-break-word light markdown-new-styling\">\n<p data-start=\"548\" data-end=\"1056\">La entidad explic\u00f3 que estas labores forman parte de su plan de mantenimiento para fortalecer la confiabilidad y estabilidad del sistema el\u00e9ctrico nacional. Como consecuencia de los trabajos, tambi\u00e9n se ver\u00e1n impactadas varias empresas e instituciones ubicadas en estas zonas, entre ellas <span class=\"hover:entity-accent entity-underline inline cursor-pointer align-baseline\"><span class=\"whitespace-normal\">Cedimat<\/span><\/span>, <span class=\"hover:entity-accent entity-underline inline cursor-pointer align-baseline\"><span class=\"whitespace-normal\">Publicaciones Ahora<\/span><\/span>, <span class=\"hover:entity-accent entity-underline inline cursor-pointer align-baseline\"><span class=\"whitespace-normal\">Codetel<\/span><\/span>, <span class=\"hover:entity-accent entity-underline inline cursor-pointer align-baseline\"><span class=\"whitespace-normal\">Banco Popular Dominicano<\/span><\/span>, <span class=\"hover:entity-accent entity-underline inline cursor-pointer align-baseline\"><span class=\"whitespace-normal\">List\u00edn Diario<\/span><\/span> y Ferreter\u00eda Hach\u00e9.<\/p>\n<p data-start=\"1058\" data-end=\"1538\">La ETED detall\u00f3 que el s\u00e1bado, de 9:00 de la ma\u00f1ana a 1:00 de la tarde, se realizar\u00e1 la reparaci\u00f3n de <em data-start=\"1160\" data-end=\"1169\">jumpers<\/em> por deterioro en las subestaciones Brugal y C\u00e9sar Iglesias, correspondientes a la l\u00ednea de transmisi\u00f3n 69 kV SPM\u2013Cementos Nacionales. Debido a estas labores, tambi\u00e9n se ver\u00e1 afectado el suministro el\u00e9ctrico en las comunidades <span class=\"hover:entity-accent entity-underline inline cursor-pointer align-baseline\"><span class=\"whitespace-normal\">Cayacoa<\/span><\/span> y <span class=\"hover:entity-accent entity-underline inline cursor-pointer align-baseline\"><span class=\"whitespace-normal\">Guavaberry<\/span><\/span>, en la provincia de <span class=\"hover:entity-accent entity-underline inline cursor-pointer align-baseline\"><span class=\"whitespace-normal\">San Pedro de Macor\u00eds<\/span><\/span>.<\/p>\n<p data-start=\"1540\" data-end=\"1749\">Asimismo, durante ese per\u00edodo se afectar\u00e1 el servicio en varias empresas, entre ellas <span class=\"hover:entity-accent entity-underline inline cursor-pointer align-baseline\"><span class=\"whitespace-normal\">C\u00e9sar Iglesias<\/span><\/span>, <span class=\"hover:entity-accent entity-underline inline cursor-pointer align-baseline\"><span class=\"whitespace-normal\">Destiler\u00eda Brugal<\/span><\/span> y <span class=\"hover:entity-accent entity-underline inline cursor-pointer align-baseline\"><span class=\"whitespace-normal\">Harinas del Hig\u00fcamo<\/span><\/span>.<\/p>\n<p data-start=\"1751\" data-end=\"2152\">En tanto, para el domingo 8 de marzo, la instituci\u00f3n realizar\u00e1 mantenimiento preventivo en la subestaci\u00f3n de 138 kV de <span class=\"hover:entity-accent entity-underline inline cursor-pointer align-baseline\"><span class=\"whitespace-normal\">Metaldom<\/span><\/span>, correspondiente a la l\u00ednea de transmisi\u00f3n 138 kV Matadero\u2013 <span class=\"hover:entity-accent entity-underline inline cursor-pointer align-baseline\"><span class=\"whitespace-normal\">Metaldom<\/span><\/span>, en horario de 8:00 de la ma\u00f1ana a 6:00 de la tarde. Durante estos trabajos, la interrupci\u00f3n del servicio impactar\u00e1 \u00fanicamente a esa empresa, sin afectar zonas residenciales.<\/p>\n<p data-start=\"2154\" data-end=\"2459\" data-is-last-node=\"\" data-is-only-node=\"\">La ETED agradeci\u00f3 la comprensi\u00f3n de la ciudadan\u00eda y reiter\u00f3 que estos trabajos son fundamentales para fortalecer la calidad, estabilidad y seguridad del servicio el\u00e9ctrico nacional, como parte de su compromiso con el desarrollo de infraestructuras modernas de energ\u00eda y datos.<\/p>\n<\/div>\n<\/div>\n<\/div>\n<\/div>\n<div class=\"z-0 flex min-h-[46px] justify-start\"><\/div>\n<div class=\"mt-3 w-full empty:hidden\">\n<div class=\"text-center\"><\/div>\n<\/div>\n<\/div>\n<\/div>\n<\/article>\n<\/div>\n<div class=\"pointer-events-none h-px w-px absolute bottom-0\" aria-hidden=\"true\" data-edge=\"true\"><\/div>\n<p>La entrada <a href=\"https:\/\/elnuevodiario.com.do\/varios-sectores-del-dn-sin-energia-electrica-este-sabado-y-domingo-por-mantenimiento-programado\/\">Varios sectores del DN sin energ\u00eda el\u00e9ctrica este s\u00e1bado y domingo por mantenimiento programado<\/a> se public\u00f3 primero en <a href=\"https:\/\/elnuevodiario.com.do\">El Nuevo Diario (Rep\u00fablica Dominicana)<\/a>.<\/p>\n","protected":false},"excerpt":{"rendered":"<p>EL NUEVO DIARIO, SANTO DOMINGO.-La Empresa de Transmisi\u00f3n El\u00e9ctrica Dominicana (ETED) inform\u00f3 la suspensi\u00f3n del servicio el\u00e9ctrico este s\u00e1badoy domingo\u00a0 en los sectores Naco, Piantini , Ensanche La Fe y Ensanche Kennedy\u00a0debido a trabajos de mantenimiento programado en subestaciones y l\u00edneas de transmisi\u00f3n. La entidad explic\u00f3 que estas labores forman parte de su plan de<\/p>\n","protected":false},"author":1,"featured_media":25860,"comment_status":"open","ping_status":"open","sticky":false,"template":"","format":"standard","meta":{"footnotes":""},"categories":[1],"tags":[],"class_list":["post-25859","post","type-post","status-publish","format-standard","has-post-thumbnail","hentry","category-nacionales"],"_links":{"self":[{"href":"https:\/\/acronoticias.com\/index.php\/wp-json\/wp\/v2\/posts\/25859","targetHints":{"allow":["GET"]}}],"collection":[{"href":"https:\/\/acronoticias.com\/index.php\/wp-json\/wp\/v2\/posts"}],"about":[{"href":"https:\/\/acronoticias.com\/index.php\/wp-json\/wp\/v2\/types\/post"}],"author":[{"embeddable":true,"href":"https:\/\/acronoticias.com\/index.php\/wp-json\/wp\/v2\/users\/1"}],"replies":[{"embeddable":true,"href":"https:\/\/acronoticias.com\/index.php\/wp-json\/wp\/v2\/comments?post=25859"}],"version-history":[{"count":0,"href":"https:\/\/acronoticias.com\/index.php\/wp-json\/wp\/v2\/posts\/25859\/revisions"}],"wp:featuredmedia":[{"embeddable":true,"href":"https:\/\/acronoticias.com\/index.php\/wp-json\/wp\/v2\/media\/25860"}],"wp:attachment":[{"href":"https:\/\/acronoticias.com\/index.php\/wp-json\/wp\/v2\/media?parent=25859"}],"wp:term":[{"taxonomy":"category","embeddable":true,"href":"https:\/\/acronoticias.com\/index.php\/wp-json\/wp\/v2\/categories?post=25859"},{"taxonomy":"post_tag","embeddable":true,"href":"https:\/\/acronoticias.com\/index.php\/wp-json\/wp\/v2\/tags?post=25859"}],"curies":[{"name":"wp","href":"https:\/\/api.w.org\/{rel}","templated":true}]}}