{"id":25853,"date":"2026-03-06T22:12:51","date_gmt":"2026-03-06T22:12:51","guid":{"rendered":"https:\/\/acronoticias.com\/index.php\/2026\/03\/06\/video-protestan-en-bayaguana-para-exigir-carretera-prometida-desde-hace-mas-de-25-anos-el-nuevo-diario-republica-dominicana\/"},"modified":"2026-03-06T22:12:51","modified_gmt":"2026-03-06T22:12:51","slug":"video-protestan-en-bayaguana-para-exigir-carretera-prometida-desde-hace-mas-de-25-anos-el-nuevo-diario-republica-dominicana","status":"publish","type":"post","link":"https:\/\/acronoticias.com\/index.php\/2026\/03\/06\/video-protestan-en-bayaguana-para-exigir-carretera-prometida-desde-hace-mas-de-25-anos-el-nuevo-diario-republica-dominicana\/","title":{"rendered":"(VIDEO) Protestan en Bayaguana para exigir carretera prometida desde hace m\u00e1s de 25 a\u00f1os \u2013 El Nuevo Diario (Rep\u00fablica Dominicana)"},"content":{"rendered":"<p><i class=\"bi bi-camera-fill\" style=\"font-size:18px; color:var(--rojo)\"\/> Comunitarios protestan en Bayaguana para exigir carretera. (Fuente externa)<\/p>\n<div>\n<div id=\"gemini-summary-wrapper\" class=\"mb-3\">\n                <button id=\"btn-get-summary\" class=\"gemini-btn\" data-post-id=\"3039866\" data-post-title=\"(VIDEO) Protestan en Bayaguana para exigir carretera prometida desde hace m\u00e1s de 25 a\u00f1os\"><br \/>\n                    Leer resumen <b class=\"d-none d-md-inline\">de la noticia<\/b> (IA) <span>CLICK AQU\u00cd<\/span><br \/>\n                <\/button><\/p>\n<div id=\"gemini-loading\" class=\"mb-3\">\n<p>                    <span>Analizando noticia&#8230; por favor espera.<\/span>\n                <\/div>\n<\/p><\/div>\n<p>EL NUEVO DIARIO, BAYAGUANA. \u2014 Residentes y parceleros de la comunidad de Mata Santiago, en el municipio de Bayaguana, realizaron este viernes una protesta pac\u00edfica para exigir la construcci\u00f3n de la carretera principal que conecta a esa comunidad rural.<\/p>\n<p>La manifestaci\u00f3n se realiz\u00f3 en el Santuario de Bayaguana, donde los comunitarios reclamaron la intervenci\u00f3n de las autoridades para resolver una problem\u00e1tica que seg\u00fan afirman, afecta a la zona desde hace m\u00e1s de 25 a\u00f1os.<\/p>\n<div class=\"tiled-gallery type-rectangular tiled-gallery-unresized\" data-original-width=\"640\" data-carousel-extra=\"null\" itemscope=\"\" itemtype=\"http:\/\/schema.org\/ImageGallery\">\n<div class=\"gallery-row\" style=\"width: 640px; height: 351px;\" data-original-width=\"640\" data-original-height=\"351\">\n<div class=\"gallery-group images-1\" style=\"width: 640px; height: 351px;\" data-original-width=\"640\" data-original-height=\"351\">\n<div class=\"tiled-gallery-item tiled-gallery-item-large\" itemprop=\"associatedMedia\" itemscope=\"\" itemtype=\"http:\/\/schema.org\/ImageObject\"> <a href=\"https:\/\/elnuevodiario.com.do\/video-protestan-en-bayaguana-para-exigir-carretera-prometida-desde-hace-mas-de-25-anos\/protestan-en-bayaguana-para-exigir-carretera-prometida-desde-hace-mas-de-25-anos-1\/\" border=\"0\" itemprop=\"url\"> <meta itemprop=\"width\" content=\"636\"\/> <meta itemprop=\"height\" content=\"347\"\/> <img decoding=\"async\" class=\"\" data-attachment-id=\"3039870\" src=\"https:\/\/nuevodiario-assets.s3.us-east-2.amazonaws.com\/wp-content\/uploads\/2026\/03\/Protestan-en-Bayaguana-para-exigir-carretera-prometida-desde-hace-mas-de-25-anos-1.jpeg\" data-orig-size=\"908,496\" data-comments-opened=\"\" data-image-meta=\"{&quot;aperture&quot;:&quot;0&quot;,&quot;credit&quot;:&quot;&quot;,&quot;camera&quot;:&quot;&quot;,&quot;caption&quot;:&quot;&quot;,&quot;created_timestamp&quot;:&quot;0&quot;,&quot;copyright&quot;:&quot;&quot;,&quot;focal_length&quot;:&quot;0&quot;,&quot;iso&quot;:&quot;0&quot;,&quot;shutter_speed&quot;:&quot;0&quot;,&quot;title&quot;:&quot;&quot;,&quot;orientation&quot;:&quot;0&quot;}\" data-image-title=\"Protestan en Bayaguana para exigir carretera prometida desde hace m\u00e1s de 25 a\u00f1os (1)\" data-image-description=\"\" data-medium-file=\"https:\/\/i0.wp.com\/nuevodiario-assets.s3.us-east-2.amazonaws.com\/wp-content\/uploads\/2026\/03\/Protestan-en-Bayaguana-para-exigir-carretera-prometida-desde-hace-mas-de-25-anos-1.jpeg?fit=400%2C219&amp;quality=100&amp;ssl=1\" data-large-file=\"https:\/\/i0.wp.com\/nuevodiario-assets.s3.us-east-2.amazonaws.com\/wp-content\/uploads\/2026\/03\/Protestan-en-Bayaguana-para-exigir-carretera-prometida-desde-hace-mas-de-25-anos-1.jpeg?fit=640%2C350&amp;quality=100&amp;ssl=1\" srcset=\"https:\/\/nuevodiario-assets.s3.us-east-2.amazonaws.com\/wp-content\/uploads\/2026\/03\/Protestan-en-Bayaguana-para-exigir-carretera-prometida-desde-hace-mas-de-25-anos-1.jpeg 908w, https:\/\/nuevodiario-assets.s3.us-east-2.amazonaws.com\/wp-content\/uploads\/2026\/03\/Protestan-en-Bayaguana-para-exigir-carretera-prometida-desde-hace-mas-de-25-anos-1.jpeg 400w, https:\/\/nuevodiario-assets.s3.us-east-2.amazonaws.com\/wp-content\/uploads\/2026\/03\/Protestan-en-Bayaguana-para-exigir-carretera-prometida-desde-hace-mas-de-25-anos-1.jpeg 800w, https:\/\/nuevodiario-assets.s3.us-east-2.amazonaws.com\/wp-content\/uploads\/2026\/03\/Protestan-en-Bayaguana-para-exigir-carretera-prometida-desde-hace-mas-de-25-anos-1.jpeg 768w, https:\/\/nuevodiario-assets.s3.us-east-2.amazonaws.com\/wp-content\/uploads\/2026\/03\/Protestan-en-Bayaguana-para-exigir-carretera-prometida-desde-hace-mas-de-25-anos-1.jpeg 600w\" width=\"636\" height=\"347\" loading=\"lazy\" data-original-width=\"636\" data-original-height=\"347\" itemprop=\"http:\/\/schema.org\/image\" title=\"Protestan en Bayaguana para exigir carretera prometida desde hace m\u00e1s de 25 a\u00f1os (1)\" alt=\"Protestan en Bayaguana para exigir carretera prometida desde hace m\u00e1s de 25 a\u00f1os (1)\" style=\"width: 636px; height: 347px;\"\/> <\/a> <\/div>\n<\/p><\/div>\n<p> <!-- close group --> <\/div>\n<p> <!-- close row --> <\/div>\n<p>De acuerdo con los organizadores, durante ese per\u00edodo distintos gobiernos y dirigentes pol\u00edticos han prometido la construcci\u00f3n de la v\u00eda sin que hasta el momento la obra se haya materializado. Esta situaci\u00f3n mantiene a los residentes enfrentando polvo en tiempos de sequ\u00eda y lodo durante la temporada de lluvias, lo que dificulta la movilidad y el acceso a la comunidad.<\/p>\n<p>Los comunitarios tambi\u00e9n se\u00f1alaron la contradicci\u00f3n de que Mata Santiago se encuentra en las proximidades del Santuario de Bayaguana, uno de los principales centros de peregrinaci\u00f3n religiosa del pa\u00eds que cada a\u00f1o recibe visitantes de distintas regiones y del extranjero.<\/p>\n<div class=\"tiled-gallery type-rectangular tiled-gallery-unresized\" data-original-width=\"640\" data-carousel-extra=\"null\" itemscope=\"\" itemtype=\"http:\/\/schema.org\/ImageGallery\">\n<div class=\"gallery-row\" style=\"width: 640px; height: 364px;\" data-original-width=\"640\" data-original-height=\"364\">\n<div class=\"gallery-group images-1\" style=\"width: 640px; height: 364px;\" data-original-width=\"640\" data-original-height=\"364\">\n<div class=\"tiled-gallery-item tiled-gallery-item-large\" itemprop=\"associatedMedia\" itemscope=\"\" itemtype=\"http:\/\/schema.org\/ImageObject\"> <a href=\"https:\/\/elnuevodiario.com.do\/video-protestan-en-bayaguana-para-exigir-carretera-prometida-desde-hace-mas-de-25-anos\/protestan-en-bayaguana-para-exigir-carretera-prometida-desde-hace-mas-de-25-anos-2\/\" border=\"0\" itemprop=\"url\"> <meta itemprop=\"width\" content=\"636\"\/> <meta itemprop=\"height\" content=\"360\"\/> <img decoding=\"async\" class=\"\" data-attachment-id=\"3039872\" src=\"https:\/\/nuevodiario-assets.s3.us-east-2.amazonaws.com\/wp-content\/uploads\/2026\/03\/Protestan-en-Bayaguana-para-exigir-carretera-prometida-desde-hace-mas-de-25-anos-2.jpeg\" data-orig-size=\"908,514\" data-comments-opened=\"\" data-image-meta=\"{&quot;aperture&quot;:&quot;0&quot;,&quot;credit&quot;:&quot;&quot;,&quot;camera&quot;:&quot;&quot;,&quot;caption&quot;:&quot;&quot;,&quot;created_timestamp&quot;:&quot;0&quot;,&quot;copyright&quot;:&quot;&quot;,&quot;focal_length&quot;:&quot;0&quot;,&quot;iso&quot;:&quot;0&quot;,&quot;shutter_speed&quot;:&quot;0&quot;,&quot;title&quot;:&quot;&quot;,&quot;orientation&quot;:&quot;0&quot;}\" data-image-title=\"Protestan en Bayaguana para exigir carretera prometida desde hace m\u00e1s de 25 a\u00f1os (2)\" data-image-description=\"\" data-medium-file=\"https:\/\/i0.wp.com\/nuevodiario-assets.s3.us-east-2.amazonaws.com\/wp-content\/uploads\/2026\/03\/Protestan-en-Bayaguana-para-exigir-carretera-prometida-desde-hace-mas-de-25-anos-2.jpeg?fit=400%2C226&amp;quality=100&amp;ssl=1\" data-large-file=\"https:\/\/i0.wp.com\/nuevodiario-assets.s3.us-east-2.amazonaws.com\/wp-content\/uploads\/2026\/03\/Protestan-en-Bayaguana-para-exigir-carretera-prometida-desde-hace-mas-de-25-anos-2.jpeg?fit=640%2C362&amp;quality=100&amp;ssl=1\" srcset=\"https:\/\/nuevodiario-assets.s3.us-east-2.amazonaws.com\/wp-content\/uploads\/2026\/03\/Protestan-en-Bayaguana-para-exigir-carretera-prometida-desde-hace-mas-de-25-anos-2.jpeg 908w, https:\/\/nuevodiario-assets.s3.us-east-2.amazonaws.com\/wp-content\/uploads\/2026\/03\/Protestan-en-Bayaguana-para-exigir-carretera-prometida-desde-hace-mas-de-25-anos-2.jpeg 400w, https:\/\/nuevodiario-assets.s3.us-east-2.amazonaws.com\/wp-content\/uploads\/2026\/03\/Protestan-en-Bayaguana-para-exigir-carretera-prometida-desde-hace-mas-de-25-anos-2.jpeg 800w, https:\/\/nuevodiario-assets.s3.us-east-2.amazonaws.com\/wp-content\/uploads\/2026\/03\/Protestan-en-Bayaguana-para-exigir-carretera-prometida-desde-hace-mas-de-25-anos-2.jpeg 768w, https:\/\/nuevodiario-assets.s3.us-east-2.amazonaws.com\/wp-content\/uploads\/2026\/03\/Protestan-en-Bayaguana-para-exigir-carretera-prometida-desde-hace-mas-de-25-anos-2.jpeg 355w, https:\/\/nuevodiario-assets.s3.us-east-2.amazonaws.com\/wp-content\/uploads\/2026\/03\/Protestan-en-Bayaguana-para-exigir-carretera-prometida-desde-hace-mas-de-25-anos-2.jpeg 600w\" width=\"636\" height=\"360\" loading=\"lazy\" data-original-width=\"636\" data-original-height=\"360\" itemprop=\"http:\/\/schema.org\/image\" title=\"Protestan en Bayaguana para exigir carretera prometida desde hace m\u00e1s de 25 a\u00f1os (2)\" alt=\"Protestan en Bayaguana para exigir carretera prometida desde hace m\u00e1s de 25 a\u00f1os (2)\" style=\"width: 636px; height: 360px;\"\/> <\/a> <\/div>\n<\/p><\/div>\n<p> <!-- close group --> <\/div>\n<p> <!-- close row --> <\/div>\n<p>Los organizadores reiteraron que la protesta se desarroll\u00f3 de manera pac\u00edfica y tuvo como objetivo llamar la atenci\u00f3n de las autoridades, en especial del Ministerio de Obras P\u00fablicas para que atienda una demanda que califican como hist\u00f3rica para la comunidad<\/p>\n<p><h3 class=\"jp-relatedposts-headline\"><em>Relacionado<\/em><\/h3>\n<\/p>\n<p>\t\t\t\t\t\t<!-- .entry-footer --><br \/>\n\t\t\t\t\t\t<!-- \n\n<div data-type=\"_mgwidget\" data-widget-id=\"1743501\"><\/div>\n\n  -->\n\t\t\t\t\t<\/div>\n","protected":false},"excerpt":{"rendered":"<p>Comunitarios protestan en Bayaguana para exigir carretera. (Fuente externa) Leer resumen de la noticia (IA) CLICK AQU\u00cd Analizando noticia&#8230; por favor espera. EL NUEVO DIARIO, BAYAGUANA. \u2014 Residentes y parceleros de la comunidad de Mata Santiago, en el municipio de Bayaguana, realizaron este viernes una protesta pac\u00edfica para exigir la construcci\u00f3n de la carretera principal<\/p>\n","protected":false},"author":1,"featured_media":25854,"comment_status":"open","ping_status":"open","sticky":false,"template":"","format":"standard","meta":{"footnotes":""},"categories":[1],"tags":[],"class_list":["post-25853","post","type-post","status-publish","format-standard","has-post-thumbnail","hentry","category-nacionales"],"_links":{"self":[{"href":"https:\/\/acronoticias.com\/index.php\/wp-json\/wp\/v2\/posts\/25853","targetHints":{"allow":["GET"]}}],"collection":[{"href":"https:\/\/acronoticias.com\/index.php\/wp-json\/wp\/v2\/posts"}],"about":[{"href":"https:\/\/acronoticias.com\/index.php\/wp-json\/wp\/v2\/types\/post"}],"author":[{"embeddable":true,"href":"https:\/\/acronoticias.com\/index.php\/wp-json\/wp\/v2\/users\/1"}],"replies":[{"embeddable":true,"href":"https:\/\/acronoticias.com\/index.php\/wp-json\/wp\/v2\/comments?post=25853"}],"version-history":[{"count":0,"href":"https:\/\/acronoticias.com\/index.php\/wp-json\/wp\/v2\/posts\/25853\/revisions"}],"wp:featuredmedia":[{"embeddable":true,"href":"https:\/\/acronoticias.com\/index.php\/wp-json\/wp\/v2\/media\/25854"}],"wp:attachment":[{"href":"https:\/\/acronoticias.com\/index.php\/wp-json\/wp\/v2\/media?parent=25853"}],"wp:term":[{"taxonomy":"category","embeddable":true,"href":"https:\/\/acronoticias.com\/index.php\/wp-json\/wp\/v2\/categories?post=25853"},{"taxonomy":"post_tag","embeddable":true,"href":"https:\/\/acronoticias.com\/index.php\/wp-json\/wp\/v2\/tags?post=25853"}],"curies":[{"name":"wp","href":"https:\/\/api.w.org\/{rel}","templated":true}]}}