{"id":25851,"date":"2026-03-06T21:56:11","date_gmt":"2026-03-06T21:56:11","guid":{"rendered":"https:\/\/acronoticias.com\/index.php\/2026\/03\/06\/abinader-llega-a-miami-para-participar-en-cumbre-escudo-de-las-americas-convocada-por-trump-el-nuevo-diario-republica-dominicana\/"},"modified":"2026-03-06T21:56:11","modified_gmt":"2026-03-06T21:56:11","slug":"abinader-llega-a-miami-para-participar-en-cumbre-escudo-de-las-americas-convocada-por-trump-el-nuevo-diario-republica-dominicana","status":"publish","type":"post","link":"https:\/\/acronoticias.com\/index.php\/2026\/03\/06\/abinader-llega-a-miami-para-participar-en-cumbre-escudo-de-las-americas-convocada-por-trump-el-nuevo-diario-republica-dominicana\/","title":{"rendered":"Abinader llega a Miami para participar en cumbre \u201cEscudo de las Am\u00e9ricas\u201d convocada por Trump \u2013 El Nuevo Diario (Rep\u00fablica Dominicana)"},"content":{"rendered":"<p><i class=\"bi bi-camera-fill\" style=\"font-size:18px; color:var(--rojo)\"\/> Luis Abinader llega a Miami. Foto: Fuente externa <\/p>\n<div>\n<div id=\"gemini-summary-wrapper\" class=\"mb-3\">\n                <button id=\"btn-get-summary\" class=\"gemini-btn\" data-post-id=\"3039875\" data-post-title=\"Abinader llega a Miami para participar en cumbre \u201cEscudo de las Am\u00e9ricas\u201d convocada por Trump\"><br \/>\n                    Leer resumen <b class=\"d-none d-md-inline\">de la noticia<\/b> (IA) <span>CLICK AQU\u00cd<\/span><br \/>\n                <\/button><\/p>\n<div id=\"gemini-loading\" class=\"mb-3\">\n<p>                    <span>Analizando noticia&#8230; por favor espera.<\/span>\n                <\/div>\n<\/p><\/div>\n<p>EL NUEVO DIARIO, MIAMI.- El presidente de la Rep\u00fablica Dominicana, Luis Abinader, arrib\u00f3 la tarde de este viernes a la ciudad de Miami para participar en una cumbre de l\u00edderes internacionales convocada por el mandatario de Estados Unidos, Donald Trump.<\/p>\n<p>El jefe de Estado dominicano lleg\u00f3 al Aeropuerto Internacional de Miami alrededor de las 2:24 de la tarde (hora local) para integrarse a la reuni\u00f3n, denominada \u201cEscudo de las Am\u00e9ricas\u201d, que se celebrar\u00e1 este s\u00e1bado y que busca fortalecer la cooperaci\u00f3n entre los pa\u00edses del continente.<\/p>\n<p>Seg\u00fan informaciones sobre el encuentro, los mandatarios abordar\u00e1n diversos temas de inter\u00e9s regional, entre ellos la seguridad hemisf\u00e9rica, la migraci\u00f3n irregular y las acciones conjuntas para enfrentar el crimen organizado, incluyendo el narcotr\u00e1fico y la actividad de bandas delictivas.<\/p>\n<p>Durante su estad\u00eda, Abinader tambi\u00e9n tiene previsto sostener reuniones bilaterales con algunos de los l\u00edderes participantes, con el prop\u00f3sito de continuar fortaleciendo las relaciones diplom\u00e1ticas y promover iniciativas de cooperaci\u00f3n entre la Rep\u00fablica Dominicana y otras naciones.<\/p>\n<p>La participaci\u00f3n del mandatario en esta cumbre forma parte de su agenda internacional correspondiente al mes de marzo, que incluye adem\u00e1s compromisos oficiales en otros pa\u00edses, entre ellos Chile y Francia, donde participar\u00e1 en actividades de car\u00e1cter diplom\u00e1tico y multilateral.<\/p>\n<p><h3 class=\"jp-relatedposts-headline\"><em>Relacionado<\/em><\/h3>\n<\/p>\n<p>\t\t\t\t\t\t<!-- .entry-footer --><br \/>\n\t\t\t\t\t\t<!-- \n\n<div data-type=\"_mgwidget\" data-widget-id=\"1743501\"><\/div>\n\n  -->\n\t\t\t\t\t<\/div>\n","protected":false},"excerpt":{"rendered":"<p>Luis Abinader llega a Miami. Foto: Fuente externa Leer resumen de la noticia (IA) CLICK AQU\u00cd Analizando noticia&#8230; por favor espera. EL NUEVO DIARIO, MIAMI.- El presidente de la Rep\u00fablica Dominicana, Luis Abinader, arrib\u00f3 la tarde de este viernes a la ciudad de Miami para participar en una cumbre de l\u00edderes internacionales convocada por el<\/p>\n","protected":false},"author":1,"featured_media":25852,"comment_status":"open","ping_status":"open","sticky":false,"template":"","format":"standard","meta":{"footnotes":""},"categories":[1],"tags":[],"class_list":["post-25851","post","type-post","status-publish","format-standard","has-post-thumbnail","hentry","category-nacionales"],"_links":{"self":[{"href":"https:\/\/acronoticias.com\/index.php\/wp-json\/wp\/v2\/posts\/25851","targetHints":{"allow":["GET"]}}],"collection":[{"href":"https:\/\/acronoticias.com\/index.php\/wp-json\/wp\/v2\/posts"}],"about":[{"href":"https:\/\/acronoticias.com\/index.php\/wp-json\/wp\/v2\/types\/post"}],"author":[{"embeddable":true,"href":"https:\/\/acronoticias.com\/index.php\/wp-json\/wp\/v2\/users\/1"}],"replies":[{"embeddable":true,"href":"https:\/\/acronoticias.com\/index.php\/wp-json\/wp\/v2\/comments?post=25851"}],"version-history":[{"count":0,"href":"https:\/\/acronoticias.com\/index.php\/wp-json\/wp\/v2\/posts\/25851\/revisions"}],"wp:featuredmedia":[{"embeddable":true,"href":"https:\/\/acronoticias.com\/index.php\/wp-json\/wp\/v2\/media\/25852"}],"wp:attachment":[{"href":"https:\/\/acronoticias.com\/index.php\/wp-json\/wp\/v2\/media?parent=25851"}],"wp:term":[{"taxonomy":"category","embeddable":true,"href":"https:\/\/acronoticias.com\/index.php\/wp-json\/wp\/v2\/categories?post=25851"},{"taxonomy":"post_tag","embeddable":true,"href":"https:\/\/acronoticias.com\/index.php\/wp-json\/wp\/v2\/tags?post=25851"}],"curies":[{"name":"wp","href":"https:\/\/api.w.org\/{rel}","templated":true}]}}