{"id":25849,"date":"2026-03-06T21:53:00","date_gmt":"2026-03-06T21:53:00","guid":{"rendered":"https:\/\/acronoticias.com\/index.php\/2026\/03\/06\/lo-que-se-sabe-de-la-reunion-de-trump-con-lideres-de-america-latina\/"},"modified":"2026-03-06T21:53:00","modified_gmt":"2026-03-06T21:53:00","slug":"lo-que-se-sabe-de-la-reunion-de-trump-con-lideres-de-america-latina","status":"publish","type":"post","link":"https:\/\/acronoticias.com\/index.php\/2026\/03\/06\/lo-que-se-sabe-de-la-reunion-de-trump-con-lideres-de-america-latina\/","title":{"rendered":"Lo que se sabe de la reuni\u00f3n de Trump con l\u00edderes de Am\u00e9rica Latina"},"content":{"rendered":"<div wp_automatic_readability=\"176.41420118343\">\n<div class=\"c-detail__author full\" wp_automatic_readability=\"5.0657894736842\">\n<div>\n<div class=\"c-detail__author__thumb\">\n<figure>\n                                <picture src=\"https:\/\/imagenes.hoy.com.do\/files\/image_square_xs\/uploads\/2025\/11\/18\/691c7d5bed035.jpeg\" data-size=\"w:40,h:40\">\n                                    <img decoding=\"async\" loading=\"lazy\" alt=\"EFE EFE\" width=\"40\" height=\"40\" src=\"https:\/\/imagenes.hoy.com.do\/files\/image_square_xs\/uploads\/2025\/11\/18\/691c7d5bed035.jpeg\"\/>\n                                <\/picture>\n                                <\/figure>\n<\/div>\n<\/div>\n<\/div>\n<p>                                                                                            <!-- --><\/p>\n<p class=\"paragraph\">Miami (EE.UU.), 6 mar (EFE).- El presidente de Estados Unidos, <b>Donald Trump<\/b>, recibir\u00e1 este s\u00e1bado en Miami (Florida) a una quincena de l\u00edderes latinoamericanos ideol\u00f3gicamente afines, entre ellos a <b>Luis Abinader, presidente de Rep\u00fablica Dominicana,<\/b> el argentino<b> Javier Milei, el salvadore\u00f1o Nayib Bukele y el chileno Jos\u00e9 Antonio Kast<\/b>, en una cumbre destinada a reforzar el liderazgo de Washington en la regi\u00f3n.<\/p>\n<p class=\"paragraph\">La cita, concebida para presentar una iniciativa bautizada como el \u2018Escudo de las Am\u00e9ricas\u2019, tendr\u00e1 lugar en el Trump National Doral Miami, un resort con campo de golf propiedad del mandatario que tambi\u00e9n acoger\u00e1 a finales de a\u00f1o la Cumbre del G20.<\/p>\n<p class=\"paragraph\">El encuentro, convocado antes del inicio de la guerra en Ir\u00e1n, se produce tras la captura en enero del entonces presidente venezolano, Nicol\u00e1s Maduro, por parte de fuerzas estadounidenses en la propia Venezuela y en medio de las crecientes tensiones entre Washington y La Habana por el bloqueo energ\u00e9tico impuesto a la isla.<\/p>\n<p class=\"paragraph\">Seg\u00fan la Casa Blanca, el objetivo es abordar la seguridad, la inmigraci\u00f3n irregular y el crimen organizado en Latinoam\u00e9rica, adem\u00e1s de contrarrestar la influencia de China en el continente.<\/p>\n<p class=\"paragraph\">Han confirmado su asistencia los l\u00edderes de Argentina, Javier Milei; de Bolivia, Rodrigo Paz; de Costa Rica, Rodrigo Chavez; de Rep\u00fablica Dominicana, Luis Abinader; de Ecuador, Daniel Noboa; de El Salvador, Nayib Bukele; de Guyana, Irfaan Ali; de Honduras, Nasry Asfura; de Panam\u00e1, Jos\u00e9 Ra\u00fal Mulino; de Paraguay, Santiago Pe\u00f1a; y de Trinidad y Tobago, Kamla Persad-Bissessar.<\/p>\n<p class=\"paragraph\">Tambi\u00e9n estar\u00e1 Jos\u00e9 Antonio Kast, quien el pr\u00f3ximo mi\u00e9rcoles asumir\u00e1 como presidente de Chile tras ganar la segunda vuelta de las elecciones en diciembre.<\/p>\n<p class=\"paragraph\"><b>Un foro paralelo a la Cumbre de las Am\u00e9ricas<\/b><\/p>\n<p class=\"paragraph\">Todos ellos son cercanos ideol\u00f3gicamente a Trump. En cambio, no fueron invitados los l\u00edderes de las dos mayores econom\u00edas de Latinoam\u00e9rica, Brasil y M\u00e9xico, gobernados por los progresistas Luiz In\u00e1cio Lula da Silva y Claudia Sheinbaum, ni el presidente colombiano, Gustavo Petro.<\/p>\n<p class=\"paragraph\">Se trata, por tanto, de una especie de foro paralelo a la Cumbre de las Am\u00e9ricas, el encuentro de jefes de Estado organizado desde 1994 por la Organizaci\u00f3n de los Estados Americanos (OEA), cuya primera reuni\u00f3n se celebr\u00f3 precisamente en Miami.<\/p>\n<div class=\"c-detail__box \">\n<article class=\"c-detail__sumario \">\n<figure class=\"c-detail__sumario__thumb\" style=\"display: block;\">\n            <a href=\"#\" title=\"\">\n                <picture data-size=\"w:140,h:140\" loading=\"lazy\" src=\"https:\/\/imagenes.hoy.com.do\/files\/related_image\/uploads\/2026\/03\/06\/69ab3a3b2b512.jpeg\" data-full-src=\"https:\/\/imagenes.hoy.com.do\/uploads\/2026\/03\/06\/69ab3a3b2b512.jpeg\">\n                    <img loading=\"lazy\" decoding=\"async\" width=\"140\" height=\"140\" alt=\"Esta cumbre lleva como nombre \" escudo=\"\" de=\"\" las=\"\" am&eacute;ricas\"=\"\" y=\"\" tiene=\"\" por=\"\" objetivo=\"\" promover=\"\" la=\"\" libertad,=\"\" seguridad=\"\" prosperidad=\"\" en=\"\" regi&oacute;n.\"=\"\" src=\"https:\/\/imagenes.hoy.com.do\/uploads\/2026\/03\/06\/69ab3a3b2b512.jpeg\"\/>\n                <\/picture>\n            <\/a><br \/>\n        <\/figure>\n<\/article>\n<\/div>\n<p class=\"paragraph\">Benjamin Gedan, director del Programa de Am\u00e9rica Latina del Centro Stimson, considera un error excluir a Brasil, M\u00e9xico y Colombia, ya que \u00ablos tres son muy relevantes por sus desaf\u00edos con el crimen organizado y la capacidad avanzada de sus fuerzas de seguridad\u00bb.<\/p>\n<p class=\"paragraph\">A\u00f1ade, adem\u00e1s, que imponer un c\u00f3digo ideol\u00f3gico a este foro \u00abimplica crear un grupo que cambiar\u00e1 constantemente tras cada elecci\u00f3n\u00bb.<\/p>\n<p class=\"paragraph\">En cambio, Jason Marczak, del Atlantic Council, sostiene que la regi\u00f3n ha acogido con \u00absatisfacci\u00f3n\u00bb las prioridades de Washington y se\u00f1ala que Estados Unidos coopera tambi\u00e9n con pa\u00edses que no participan en la cumbre, como M\u00e9xico, incluido el reciente operativo en el que muri\u00f3 El Mencho, el narcotraficante m\u00e1s buscado del pa\u00eds.<\/p>\n<p class=\"paragraph\">El Gobierno de Trump no ha ocultado su deseo de impulsar un viraje a la derecha en la regi\u00f3n y ha intervenido activamente en elecciones recientes, como en las de Honduras, donde respald\u00f3 a Asfura, o en las legislativas argentinas, cuando condicion\u00f3 su apoyo financiero a una victoria del partido de Milei.<\/p>\n<p class=\"paragraph\"><b>La Doctrina Trump para Latinoam\u00e9rica<\/b><\/p>\n<p class=\"paragraph\">Esa pol\u00edtica de intervenci\u00f3n qued\u00f3 plasmada en la estrategia de seguridad nacional del segundo mandato de Trump, que apuesta por convertir la regi\u00f3n en una esfera de influencia de Washington, en una actualizaci\u00f3n de la llamada Doctrina Monroe, proclamada en 1823 bajo el lema \u00abAm\u00e9rica para los americanos\u00bb.<\/p>\n<p class=\"paragraph\">La estrategia ha sido impulsada por su secretario de Estado, Marco Rubio, hijo de inmigrantes cubanos que durante su carrera en el Senado defendi\u00f3 una l\u00ednea dura con los gobiernos de Venezuela, Cuba y Nicaragua.<\/p>\n<p class=\"paragraph\">Bajo ese pretexto, el republicano impuls\u00f3 durante semanas una campa\u00f1a de bombardeos contra supuestas narcolanchas en el Caribe vinculadas al Gobierno de Maduro y, finalmente, orden\u00f3 el 3 de enero un ataque contra Venezuela que culmin\u00f3 con la captura del l\u00edder chavista y de su esposa, Cilia Flores, trasladados a Nueva York, donde afrontan cargos por narcotr\u00e1fico.<\/p>\n<p class=\"paragraph\">Tras la ca\u00edda de Maduro, Washington puso en la mira a Cuba y amenaz\u00f3 con imponer aranceles a cualquier pa\u00eds que le suministre petr\u00f3leo, lo que ha agravado a\u00fan m\u00e1s la crisis econ\u00f3mica, energ\u00e9tica y social de la isla.<\/p>\n<p class=\"paragraph\">Trump anunci\u00f3 negociaciones con La Habana y sugiri\u00f3 la semana pasada una posible \u00abtoma amistosa de Cuba\u00bb, pero la atenci\u00f3n se desvi\u00f3 hacia Oriente Medio cuando Estados Unidos e Israel iniciaron el pasado s\u00e1bado una guerra contra Ir\u00e1n.<\/p>\n<p class=\"paragraph\">La cumbre latinoamericana en el resort de Trump volver\u00e1 a centrar el foco medi\u00e1tico en el futuro de Venezuela y Cuba. EFE<\/p>\n<\/div>\n","protected":false},"excerpt":{"rendered":"<p>Miami (EE.UU.), 6 mar (EFE).- El presidente de Estados Unidos, Donald Trump, recibir\u00e1 este s\u00e1bado en Miami (Florida) a una quincena de l\u00edderes latinoamericanos ideol\u00f3gicamente afines, entre ellos a Luis Abinader, presidente de Rep\u00fablica Dominicana, el argentino Javier Milei, el salvadore\u00f1o Nayib Bukele y el chileno Jos\u00e9 Antonio Kast, en una cumbre destinada a reforzar<\/p>\n","protected":false},"author":1,"featured_media":25850,"comment_status":"open","ping_status":"open","sticky":false,"template":"","format":"standard","meta":{"footnotes":""},"categories":[3],"tags":[],"class_list":["post-25849","post","type-post","status-publish","format-standard","has-post-thumbnail","hentry","category-internacionales"],"_links":{"self":[{"href":"https:\/\/acronoticias.com\/index.php\/wp-json\/wp\/v2\/posts\/25849","targetHints":{"allow":["GET"]}}],"collection":[{"href":"https:\/\/acronoticias.com\/index.php\/wp-json\/wp\/v2\/posts"}],"about":[{"href":"https:\/\/acronoticias.com\/index.php\/wp-json\/wp\/v2\/types\/post"}],"author":[{"embeddable":true,"href":"https:\/\/acronoticias.com\/index.php\/wp-json\/wp\/v2\/users\/1"}],"replies":[{"embeddable":true,"href":"https:\/\/acronoticias.com\/index.php\/wp-json\/wp\/v2\/comments?post=25849"}],"version-history":[{"count":0,"href":"https:\/\/acronoticias.com\/index.php\/wp-json\/wp\/v2\/posts\/25849\/revisions"}],"wp:featuredmedia":[{"embeddable":true,"href":"https:\/\/acronoticias.com\/index.php\/wp-json\/wp\/v2\/media\/25850"}],"wp:attachment":[{"href":"https:\/\/acronoticias.com\/index.php\/wp-json\/wp\/v2\/media?parent=25849"}],"wp:term":[{"taxonomy":"category","embeddable":true,"href":"https:\/\/acronoticias.com\/index.php\/wp-json\/wp\/v2\/categories?post=25849"},{"taxonomy":"post_tag","embeddable":true,"href":"https:\/\/acronoticias.com\/index.php\/wp-json\/wp\/v2\/tags?post=25849"}],"curies":[{"name":"wp","href":"https:\/\/api.w.org\/{rel}","templated":true}]}}