{"id":25847,"date":"2026-03-06T21:38:39","date_gmt":"2026-03-06T21:38:39","guid":{"rendered":"https:\/\/acronoticias.com\/index.php\/2026\/03\/06\/minerd-activa-protocolo-en-centro-preescolar-de-sde-tras-denuncias-el-nuevo-diario-republica-dominicana\/"},"modified":"2026-03-06T21:38:39","modified_gmt":"2026-03-06T21:38:39","slug":"minerd-activa-protocolo-en-centro-preescolar-de-sde-tras-denuncias-el-nuevo-diario-republica-dominicana","status":"publish","type":"post","link":"https:\/\/acronoticias.com\/index.php\/2026\/03\/06\/minerd-activa-protocolo-en-centro-preescolar-de-sde-tras-denuncias-el-nuevo-diario-republica-dominicana\/","title":{"rendered":"Minerd activa protocolo en centro preescolar de SDE tras denuncias \u2013 El Nuevo Diario (Rep\u00fablica Dominicana)"},"content":{"rendered":"<p><i class=\"bi bi-camera-fill\" style=\"font-size:18px; color:var(--rojo)\"\/> Fachada del Minerd. (Foto: fuente externa)<\/p>\n<div>\n<div id=\"gemini-summary-wrapper\" class=\"mb-3\">\n                <button id=\"btn-get-summary\" class=\"gemini-btn\" data-post-id=\"3039855\" data-post-title=\"Minerd activa protocolo en centro preescolar de SDE tras denuncias\"><br \/>\n                    Leer resumen <b class=\"d-none d-md-inline\">de la noticia<\/b> (IA) <span>CLICK AQU\u00cd<\/span><br \/>\n                <\/button><\/p>\n<div id=\"gemini-loading\" class=\"mb-3\">\n<p>                    <span>Analizando noticia&#8230; por favor espera.<\/span>\n                <\/div>\n<\/p><\/div>\n<p>EL NUEVO DIARIO, SANTO DOMINGO.- El Ministerio de Educaci\u00f3n de la Rep\u00fablica Dominicana (Minerd) inform\u00f3 que activ\u00f3 protocolos e inici\u00f3 investigaci\u00f3n de manera inmediata en un centro educativo ubicado en el sector Alma Rosa, Santo Domingo Este, luego de un material que circula en redes sociales que muestra una conducta indebida.<\/p>\n<p>La instituci\u00f3n explic\u00f3 que, tras conocerse la situaci\u00f3n, activ\u00f3 de inmediato el protocolo de actuaci\u00f3n correspondiente para salvaguardar la integridad y el bienestar de los estudiantes del centro educativo, adem\u00e1s de iniciar un proceso de investigaci\u00f3n de los hechos.<\/p>\n<p>La cartera educativa se\u00f1al\u00f3 que ha sido dispuesto un personal t\u00e9cnico a dar seguimiento a este centro e investigar sobre el hecho para aplicar las medidas administrativas pertinentes y apoyar las acciones que lleven a cabo las instancias responsables de la protecci\u00f3n de la ni\u00f1ez.<\/p>\n<p>Asimismo, el \u00f3rgano rector del sistema preuniversitario reiter\u00f3 su compromiso con la protecci\u00f3n de los derechos de los ni\u00f1os, ni\u00f1as y adolescentes dentro de los espacios educativos, al tiempo que enfatiz\u00f3 que cualquier conducta que atente contra su dignidad o seguridad ser\u00e1 sancionada.<\/p>\n<p><h3 class=\"jp-relatedposts-headline\"><em>Relacionado<\/em><\/h3>\n<\/p>\n<p>\t\t\t\t\t\t<!-- .entry-footer --><br \/>\n\t\t\t\t\t\t<!-- \n\n<div data-type=\"_mgwidget\" data-widget-id=\"1743501\"><\/div>\n\n  -->\n\t\t\t\t\t<\/div>\n","protected":false},"excerpt":{"rendered":"<p>Fachada del Minerd. (Foto: fuente externa) Leer resumen de la noticia (IA) CLICK AQU\u00cd Analizando noticia&#8230; por favor espera. EL NUEVO DIARIO, SANTO DOMINGO.- El Ministerio de Educaci\u00f3n de la Rep\u00fablica Dominicana (Minerd) inform\u00f3 que activ\u00f3 protocolos e inici\u00f3 investigaci\u00f3n de manera inmediata en un centro educativo ubicado en el sector Alma Rosa, Santo Domingo<\/p>\n","protected":false},"author":1,"featured_media":25848,"comment_status":"open","ping_status":"open","sticky":false,"template":"","format":"standard","meta":{"footnotes":""},"categories":[1],"tags":[],"class_list":["post-25847","post","type-post","status-publish","format-standard","has-post-thumbnail","hentry","category-nacionales"],"_links":{"self":[{"href":"https:\/\/acronoticias.com\/index.php\/wp-json\/wp\/v2\/posts\/25847","targetHints":{"allow":["GET"]}}],"collection":[{"href":"https:\/\/acronoticias.com\/index.php\/wp-json\/wp\/v2\/posts"}],"about":[{"href":"https:\/\/acronoticias.com\/index.php\/wp-json\/wp\/v2\/types\/post"}],"author":[{"embeddable":true,"href":"https:\/\/acronoticias.com\/index.php\/wp-json\/wp\/v2\/users\/1"}],"replies":[{"embeddable":true,"href":"https:\/\/acronoticias.com\/index.php\/wp-json\/wp\/v2\/comments?post=25847"}],"version-history":[{"count":0,"href":"https:\/\/acronoticias.com\/index.php\/wp-json\/wp\/v2\/posts\/25847\/revisions"}],"wp:featuredmedia":[{"embeddable":true,"href":"https:\/\/acronoticias.com\/index.php\/wp-json\/wp\/v2\/media\/25848"}],"wp:attachment":[{"href":"https:\/\/acronoticias.com\/index.php\/wp-json\/wp\/v2\/media?parent=25847"}],"wp:term":[{"taxonomy":"category","embeddable":true,"href":"https:\/\/acronoticias.com\/index.php\/wp-json\/wp\/v2\/categories?post=25847"},{"taxonomy":"post_tag","embeddable":true,"href":"https:\/\/acronoticias.com\/index.php\/wp-json\/wp\/v2\/tags?post=25847"}],"curies":[{"name":"wp","href":"https:\/\/api.w.org\/{rel}","templated":true}]}}