{"id":25845,"date":"2026-03-06T21:31:59","date_gmt":"2026-03-06T21:31:59","guid":{"rendered":"https:\/\/acronoticias.com\/index.php\/2026\/03\/06\/andruw-jones-valora-su-ingreso-al-salon-de-la-fama-y-confia-en-el-equipo-de-paises-bajos-en-el-clasico-el-nuevo-diario-republica-dominicana\/"},"modified":"2026-03-06T21:31:59","modified_gmt":"2026-03-06T21:31:59","slug":"andruw-jones-valora-su-ingreso-al-salon-de-la-fama-y-confia-en-el-equipo-de-paises-bajos-en-el-clasico-el-nuevo-diario-republica-dominicana","status":"publish","type":"post","link":"https:\/\/acronoticias.com\/index.php\/2026\/03\/06\/andruw-jones-valora-su-ingreso-al-salon-de-la-fama-y-confia-en-el-equipo-de-paises-bajos-en-el-clasico-el-nuevo-diario-republica-dominicana\/","title":{"rendered":"Andruw Jones valora su ingreso al Sal\u00f3n de la Fama y conf\u00eda en el equipo de Pa\u00edses Bajos en el Cl\u00e1sico \u2013 El Nuevo Diario (Rep\u00fablica Dominicana)"},"content":{"rendered":"<div>\n<div id=\"gemini-summary-wrapper\" class=\"mb-3\">\n                <button id=\"btn-get-summary\" class=\"gemini-btn\" data-post-id=\"3039657\" data-post-title=\"Andruw Jones valora su ingreso al Sal\u00f3n de la Fama y conf\u00eda en el equipo de Pa\u00edses Bajos en el Cl\u00e1sico\"><br \/>\n                    Leer resumen <b class=\"d-none d-md-inline\">de la noticia<\/b> (IA) <span>CLICK AQU\u00cd<\/span><br \/>\n                <\/button><\/p>\n<div id=\"gemini-loading\" class=\"mb-3\">\n<p>                    <span>Analizando noticia&#8230; por favor espera.<\/span>\n                <\/div>\n<\/p><\/div>\n<p>EL NUEVO DIARIO, MIAMI.- El dirigente de la selecci\u00f3n de Pa\u00edses Bajos, Andruw Jones, expres\u00f3 su satisfacci\u00f3n tras recibir la noticia de su elecci\u00f3n al Sal\u00f3n de la Fama del B\u00e9isbol, un reconocimiento que asegur\u00f3 nunca imagin\u00f3 cuando inici\u00f3 su carrera como jugador.<\/p>\n<p>Jones explic\u00f3 que desde ni\u00f1o su objetivo era simplemente jugar b\u00e9isbol, disfrutar el deporte y tratar de ganar cada vez que entrara al terreno, sin pensar en reconocimientos individuales.<\/p>\n<p>\u201cUno nunca piensa en llegar al Sal\u00f3n de la Fama. Desde los seis a\u00f1os lo que pensaba era jugar pelota, disfrutarla y tratar de ganar cada vez que sub\u00eda al play\u201d, coment\u00f3.<\/p>\n<p>El exjugador indic\u00f3 que permaneci\u00f3 ocho a\u00f1os en la boleta antes de recibir la noticia. Se\u00f1al\u00f3 que no esperaba la llamada y que continuaba con su vida normal cuando se produjo el anuncio.<\/p>\n<p>El dirigente revel\u00f3 que recibi\u00f3 la confirmaci\u00f3n mientras se encontraba en Rep\u00fablica Dominicana, participando en una actividad junto a varios ex-jugadores de Grandes Ligas, entre ellos Albert Pujols, Adri\u00e1n Beltr\u00e9 y Ken Griffey Jr., lo que describi\u00f3 como un momento especial a pesar de no estar con su familia.<\/p>\n<p>\u201cFue algo especial recibir esa llamada rodeado de peloteros con los que he jugado o contra quienes compet\u00ed\u201d, expres\u00f3.<\/p>\n<p>Sobre su rol como dirigente en el Cl\u00e1sico Mundial de B\u00e9isbol 2026, Jones asegur\u00f3 que el conjunto neerland\u00e9s cuenta con un buen equipo y que competir\u00e1 en un grupo exigente junto a selecciones como Rep\u00fablica Dominicana, Venezuela, Nicaragua e Israel.<\/p>\n<p>El dirigente afirm\u00f3 que conf\u00eda en el talento de sus jugadores y se\u00f1al\u00f3 que en un torneo de este nivel ser\u00e1 clave cometer la menor cantidad de errores.<\/p>\n<p>\u201cTenemos un buen equipo. Estamos en un grupo fuerte, pero conf\u00edo en los muchachos. El que comete menos fallas y juega limpio gana\u201d, sostuvo.<\/p>\n<p>Finalmente, record\u00f3 su paso por la pelota dominicana con las \u00c1guilas Cibae\u00f1as, experiencia que asegur\u00f3 guarda con buenos recuerdos dentro de su carrera profesional.<\/p>\n<p><h3 class=\"jp-relatedposts-headline\"><em>Relacionado<\/em><\/h3>\n<\/p>\n<p>\t\t\t\t\t\t<!-- .entry-footer --><br \/>\n\t\t\t\t\t\t<!-- \n\n<div data-type=\"_mgwidget\" data-widget-id=\"1743501\"><\/div>\n\n  -->\n\t\t\t\t\t<\/div>\n","protected":false},"excerpt":{"rendered":"<p>Leer resumen de la noticia (IA) CLICK AQU\u00cd Analizando noticia&#8230; por favor espera. EL NUEVO DIARIO, MIAMI.- El dirigente de la selecci\u00f3n de Pa\u00edses Bajos, Andruw Jones, expres\u00f3 su satisfacci\u00f3n tras recibir la noticia de su elecci\u00f3n al Sal\u00f3n de la Fama del B\u00e9isbol, un reconocimiento que asegur\u00f3 nunca imagin\u00f3 cuando inici\u00f3 su carrera como<\/p>\n","protected":false},"author":1,"featured_media":25846,"comment_status":"open","ping_status":"open","sticky":false,"template":"","format":"standard","meta":{"footnotes":""},"categories":[2],"tags":[],"class_list":["post-25845","post","type-post","status-publish","format-standard","has-post-thumbnail","hentry","category-deporte"],"_links":{"self":[{"href":"https:\/\/acronoticias.com\/index.php\/wp-json\/wp\/v2\/posts\/25845","targetHints":{"allow":["GET"]}}],"collection":[{"href":"https:\/\/acronoticias.com\/index.php\/wp-json\/wp\/v2\/posts"}],"about":[{"href":"https:\/\/acronoticias.com\/index.php\/wp-json\/wp\/v2\/types\/post"}],"author":[{"embeddable":true,"href":"https:\/\/acronoticias.com\/index.php\/wp-json\/wp\/v2\/users\/1"}],"replies":[{"embeddable":true,"href":"https:\/\/acronoticias.com\/index.php\/wp-json\/wp\/v2\/comments?post=25845"}],"version-history":[{"count":0,"href":"https:\/\/acronoticias.com\/index.php\/wp-json\/wp\/v2\/posts\/25845\/revisions"}],"wp:featuredmedia":[{"embeddable":true,"href":"https:\/\/acronoticias.com\/index.php\/wp-json\/wp\/v2\/media\/25846"}],"wp:attachment":[{"href":"https:\/\/acronoticias.com\/index.php\/wp-json\/wp\/v2\/media?parent=25845"}],"wp:term":[{"taxonomy":"category","embeddable":true,"href":"https:\/\/acronoticias.com\/index.php\/wp-json\/wp\/v2\/categories?post=25845"},{"taxonomy":"post_tag","embeddable":true,"href":"https:\/\/acronoticias.com\/index.php\/wp-json\/wp\/v2\/tags?post=25845"}],"curies":[{"name":"wp","href":"https:\/\/api.w.org\/{rel}","templated":true}]}}