{"id":23879,"date":"2026-02-25T22:46:35","date_gmt":"2026-02-25T22:46:35","guid":{"rendered":"https:\/\/acronoticias.com\/index.php\/2026\/02\/25\/gobierno-inaugura-carretera-bayaguana-el-puerto-por-rd780-mm-aseguran-impulsara-desarrollo-del-este-y-nordeste\/"},"modified":"2026-02-25T22:46:35","modified_gmt":"2026-02-25T22:46:35","slug":"gobierno-inaugura-carretera-bayaguana-el-puerto-por-rd780-mm-aseguran-impulsara-desarrollo-del-este-y-nordeste","status":"publish","type":"post","link":"https:\/\/acronoticias.com\/index.php\/2026\/02\/25\/gobierno-inaugura-carretera-bayaguana-el-puerto-por-rd780-mm-aseguran-impulsara-desarrollo-del-este-y-nordeste\/","title":{"rendered":"Gobierno inaugura carretera Bayaguana\u2013El Puerto por RD$780 MM; aseguran impulsar\u00e1 desarrollo del este y nordeste"},"content":{"rendered":"<p><i class=\"bi bi-camera-fill\" style=\"font-size:18px; color:var(--rojo)\"\/> Carrera inaugurada este mi\u00e9rcoles. (Foto: fuente externa)<\/p>\n<div>\n<div id=\"gemini-summary-wrapper\" class=\"mb-3\">\n                <button id=\"btn-get-summary\" class=\"gemini-btn\" data-post-id=\"3028998\" data-post-title=\"Gobierno inaugura carretera Bayaguana\u2013El Puerto por RD$780 MM; aseguran impulsar\u00e1 desarrollo del este y nordeste\"><br \/>\n                    Leer resumen <b class=\"d-none d-md-inline\">de la noticia<\/b> (IA) <span>CLICK AQU\u00cd<\/span><br \/>\n                <\/button><\/p>\n<div id=\"gemini-loading\" class=\"mb-3\">\n<p>                    <span>Analizando noticia&#8230; por favor espera.<\/span>\n                <\/div>\n<\/p><\/div>\n<p>EL NUEVO DIARIO, MONTE PLATA. \u2013 El presidente Luis Abinader encabez\u00f3 este mi\u00e9rcoles la inauguraci\u00f3n de la carretera Bayaguana\u2013El Puerto, una obra vial construida con una inversi\u00f3n de RD$780 millones, que conecta comunidades de las provincias Monte Plata, Hato Mayor y San Pedro de Macor\u00eds, y enlaza con rutas estrat\u00e9gicas como la Autov\u00eda Juan Pablo II.<\/p>\n<p>Durante el acto, el ministro de Obras P\u00fablicas y Comunicaciones explic\u00f3 que la v\u00eda tiene una extensi\u00f3n de 20.3 kil\u00f3metros y fue construida con dos capas de asfalto, incluyendo en siete kil\u00f3metros mallas de fibra de vidrio para reforzar la estructura debido a las condiciones arcillosas del terreno.<\/p>\n<p>\u201cEsta obra, como dec\u00eda, no solamente es una carretera, es una conectividad. D\u00e9jeme decirle, la inversi\u00f3n de esta carretera son 780 millones de pesos. Una carretera de 20.3 kil\u00f3metros con dos capas de asfalto; en siete kil\u00f3metros tuvo mallas tambi\u00e9n de fibra de vidrio para evitar la grieta de la carretera\u201d, expres\u00f3 el funcionario.<\/p>\n<p>Agreg\u00f3 que la infraestructura cuenta con drenajes adecuados y se\u00f1alizaci\u00f3n completa, destacando que \u201ces una carretera hecha para que dure mucho tiempo\u201d.<\/p>\n<p><img loading=\"lazy\" data-recalc-dims=\"1\" data-dominant-color=\"6a6c62\" data-has-transparency=\"false\" style=\"--dominant-color: #6a6c62;\" decoding=\"async\" class=\"alignnone size-full wp-image-3029033 not-transparent\" src=\"https:\/\/i0.wp.com\/nuevodiario-assets.s3.us-east-2.amazonaws.com\/wp-content\/uploads\/2026\/02\/Gobierno-inaugura-carretera-Bayaguana%E2%80%93El-Puerto-por-RD780-MM-1.jpeg?resize=640%2C406&amp;quality=100&amp;ssl=1\" alt=\"\" width=\"640\" height=\"406\" srcset=\"https:\/\/nuevodiario-assets.s3.us-east-2.amazonaws.com\/wp-content\/uploads\/2026\/02\/Gobierno-inaugura-carretera-Bayaguana%E2%80%93El-Puerto-por-RD780-MM-1.jpeg 2560w, https:\/\/nuevodiario-assets.s3.us-east-2.amazonaws.com\/wp-content\/uploads\/2026\/02\/Gobierno-inaugura-carretera-Bayaguana%E2%80%93El-Puerto-por-RD780-MM-1.jpeg 400w, https:\/\/nuevodiario-assets.s3.us-east-2.amazonaws.com\/wp-content\/uploads\/2026\/02\/Gobierno-inaugura-carretera-Bayaguana%E2%80%93El-Puerto-por-RD780-MM-1.jpeg 800w, https:\/\/nuevodiario-assets.s3.us-east-2.amazonaws.com\/wp-content\/uploads\/2026\/02\/Gobierno-inaugura-carretera-Bayaguana%E2%80%93El-Puerto-por-RD780-MM-1.jpeg 768w, https:\/\/nuevodiario-assets.s3.us-east-2.amazonaws.com\/wp-content\/uploads\/2026\/02\/Gobierno-inaugura-carretera-Bayaguana%E2%80%93El-Puerto-por-RD780-MM-1.jpeg 1536w, https:\/\/nuevodiario-assets.s3.us-east-2.amazonaws.com\/wp-content\/uploads\/2026\/02\/Gobierno-inaugura-carretera-Bayaguana%E2%80%93El-Puerto-por-RD780-MM-1.jpeg 2048w, https:\/\/nuevodiario-assets.s3.us-east-2.amazonaws.com\/wp-content\/uploads\/2026\/02\/Gobierno-inaugura-carretera-Bayaguana%E2%80%93El-Puerto-por-RD780-MM-1.jpeg 600w, https:\/\/nuevodiario-assets.s3.us-east-2.amazonaws.com\/wp-content\/uploads\/2026\/02\/Gobierno-inaugura-carretera-Bayaguana%E2%80%93El-Puerto-por-RD780-MM-1.jpeg 1280w, https:\/\/nuevodiario-assets.s3.us-east-2.amazonaws.com\/wp-content\/uploads\/2026\/02\/Gobierno-inaugura-carretera-Bayaguana%E2%80%93El-Puerto-por-RD780-MM-1.jpeg 1920w\" sizes=\"auto, (max-width: 640px) 100vw, 640px\"\/>El ministro indic\u00f3 que la intervenci\u00f3n no se limit\u00f3 a la v\u00eda principal, ya que incluy\u00f3 adem\u00e1s 2.3 kil\u00f3metros de calles asfaltadas en la comunidad de El Copey, como parte de una pol\u00edtica orientada, seg\u00fan afirm\u00f3, a llevar soluciones viales tambi\u00e9n a distritos municipales y comunidades peque\u00f1as.<\/p>\n<p>\u201cEso responde a una instrucci\u00f3n del presidente Luis Abinader que quiere que a todas las comunidades peque\u00f1as se les lleve el asfalto, no solamente a las grandes localidades del pa\u00eds\u201d, sostuvo.<\/p>\n<h3>Conectividad estrat\u00e9gica regional<\/h3>\n<p>De acuerdo con las autoridades, la obra integra tres tramos que enlazan las provincias Hato Mayor, Monte Plata y San Pedro de Macor\u00eds, facilitando la salida hacia corredores principales y conexiones con el Nordeste del pa\u00eds.<\/p>\n<p>El ministro inform\u00f3 que, junto a otros proyectos en ejecuci\u00f3n, se estar\u00eda conformando un circuito de m\u00e1s de 100 kil\u00f3metros que permitir\u00e1 unir el Este con el Cibao nordeste y el Cibao central.<\/p>\n<p><img data-recalc-dims=\"1\" data-dominant-color=\"484a3f\" data-has-transparency=\"false\" style=\"--dominant-color: #484a3f;\" loading=\"lazy\" decoding=\"async\" class=\"alignnone size-full wp-image-3029035 not-transparent\" src=\"https:\/\/i0.wp.com\/nuevodiario-assets.s3.us-east-2.amazonaws.com\/wp-content\/uploads\/2026\/02\/Gobierno-inaugura-carretera-Bayaguana%E2%80%93El-Puerto-por-RD780-MM-3.jpeg?resize=640%2C367&amp;quality=100&amp;ssl=1\" alt=\"\" width=\"640\" height=\"367\" srcset=\"https:\/\/nuevodiario-assets.s3.us-east-2.amazonaws.com\/wp-content\/uploads\/2026\/02\/Gobierno-inaugura-carretera-Bayaguana%E2%80%93El-Puerto-por-RD780-MM-3.jpeg 2560w, https:\/\/nuevodiario-assets.s3.us-east-2.amazonaws.com\/wp-content\/uploads\/2026\/02\/Gobierno-inaugura-carretera-Bayaguana%E2%80%93El-Puerto-por-RD780-MM-3.jpeg 400w, https:\/\/nuevodiario-assets.s3.us-east-2.amazonaws.com\/wp-content\/uploads\/2026\/02\/Gobierno-inaugura-carretera-Bayaguana%E2%80%93El-Puerto-por-RD780-MM-3.jpeg 800w, https:\/\/nuevodiario-assets.s3.us-east-2.amazonaws.com\/wp-content\/uploads\/2026\/02\/Gobierno-inaugura-carretera-Bayaguana%E2%80%93El-Puerto-por-RD780-MM-3.jpeg 768w, https:\/\/nuevodiario-assets.s3.us-east-2.amazonaws.com\/wp-content\/uploads\/2026\/02\/Gobierno-inaugura-carretera-Bayaguana%E2%80%93El-Puerto-por-RD780-MM-3.jpeg 1536w, https:\/\/nuevodiario-assets.s3.us-east-2.amazonaws.com\/wp-content\/uploads\/2026\/02\/Gobierno-inaugura-carretera-Bayaguana%E2%80%93El-Puerto-por-RD780-MM-3.jpeg 2048w, https:\/\/nuevodiario-assets.s3.us-east-2.amazonaws.com\/wp-content\/uploads\/2026\/02\/Gobierno-inaugura-carretera-Bayaguana%E2%80%93El-Puerto-por-RD780-MM-3.jpeg 600w, https:\/\/nuevodiario-assets.s3.us-east-2.amazonaws.com\/wp-content\/uploads\/2026\/02\/Gobierno-inaugura-carretera-Bayaguana%E2%80%93El-Puerto-por-RD780-MM-3.jpeg 1280w, https:\/\/nuevodiario-assets.s3.us-east-2.amazonaws.com\/wp-content\/uploads\/2026\/02\/Gobierno-inaugura-carretera-Bayaguana%E2%80%93El-Puerto-por-RD780-MM-3.jpeg 1920w\" sizes=\"auto, (max-width: 640px) 100vw, 640px\"\/><\/p>\n<p>\u201cEso es una v\u00eda de desfogue\u201d, afirm\u00f3, al se\u00f1alar que los conductores podr\u00e1n desplazarse desde Hig\u00fcey, El Seibo, Hato Mayor y San Pedro de Macor\u00eds hacia Monte Plata, Saman\u00e1, Cotu\u00ed y San Francisco de Macor\u00eds sin necesidad de utilizar la carretera del Coral o la v\u00eda de Melilla.<\/p>\n<p>Tambi\u00e9n indic\u00f3 que en la provincia de Monte Plata se ejecutan actualmente 27 obras, entre calles, puentes, carreteras principales y caminos vecinales.<\/p>\n<p>\u201cPrimero hay que ir terminando obras para despu\u00e9s poder iniciar otras obras. Ese fue el mayor encargo que tuvimos del presidente. La gente no quiere solamente que la obra se comience, sino que se termine\u201d, manifest\u00f3.<\/p>\n<h3>Reacciones de autoridades locales<\/h3>\n<p>La gobernadora de Monte Plata, Rafaela Javier Gomera, y la gobernadora de San Pedro de Macor\u00eds, Aracelis Villanueva Figueroa, resaltaron la importancia de la carretera para el dinamismo econ\u00f3mico y la movilidad de la regi\u00f3n.<\/p>\n<p><img data-recalc-dims=\"1\" data-dominant-color=\"626d65\" data-has-transparency=\"false\" style=\"--dominant-color: #626d65;\" loading=\"lazy\" decoding=\"async\" class=\"alignnone size-full wp-image-3029036 not-transparent\" src=\"https:\/\/i0.wp.com\/nuevodiario-assets.s3.us-east-2.amazonaws.com\/wp-content\/uploads\/2026\/02\/Gobierno-inaugura-carretera-Bayaguana%E2%80%93El-Puerto-por-RD780-MM-4.jpeg?resize=640%2C427&amp;quality=100&amp;ssl=1\" alt=\"\" width=\"640\" height=\"427\" srcset=\"https:\/\/nuevodiario-assets.s3.us-east-2.amazonaws.com\/wp-content\/uploads\/2026\/02\/Gobierno-inaugura-carretera-Bayaguana%E2%80%93El-Puerto-por-RD780-MM-4.jpeg 2560w, https:\/\/nuevodiario-assets.s3.us-east-2.amazonaws.com\/wp-content\/uploads\/2026\/02\/Gobierno-inaugura-carretera-Bayaguana%E2%80%93El-Puerto-por-RD780-MM-4.jpeg 400w, https:\/\/nuevodiario-assets.s3.us-east-2.amazonaws.com\/wp-content\/uploads\/2026\/02\/Gobierno-inaugura-carretera-Bayaguana%E2%80%93El-Puerto-por-RD780-MM-4.jpeg 800w, https:\/\/nuevodiario-assets.s3.us-east-2.amazonaws.com\/wp-content\/uploads\/2026\/02\/Gobierno-inaugura-carretera-Bayaguana%E2%80%93El-Puerto-por-RD780-MM-4.jpeg 768w, https:\/\/nuevodiario-assets.s3.us-east-2.amazonaws.com\/wp-content\/uploads\/2026\/02\/Gobierno-inaugura-carretera-Bayaguana%E2%80%93El-Puerto-por-RD780-MM-4.jpeg 1536w, https:\/\/nuevodiario-assets.s3.us-east-2.amazonaws.com\/wp-content\/uploads\/2026\/02\/Gobierno-inaugura-carretera-Bayaguana%E2%80%93El-Puerto-por-RD780-MM-4.jpeg 2048w, https:\/\/nuevodiario-assets.s3.us-east-2.amazonaws.com\/wp-content\/uploads\/2026\/02\/Gobierno-inaugura-carretera-Bayaguana%E2%80%93El-Puerto-por-RD780-MM-4.jpeg 600w, https:\/\/nuevodiario-assets.s3.us-east-2.amazonaws.com\/wp-content\/uploads\/2026\/02\/Gobierno-inaugura-carretera-Bayaguana%E2%80%93El-Puerto-por-RD780-MM-4.jpeg 1280w, https:\/\/nuevodiario-assets.s3.us-east-2.amazonaws.com\/wp-content\/uploads\/2026\/02\/Gobierno-inaugura-carretera-Bayaguana%E2%80%93El-Puerto-por-RD780-MM-4.jpeg 1920w\" sizes=\"auto, (max-width: 640px) 100vw, 640px\"\/><\/p>\n<p>En tanto, el senador de Monte Plata, Pedro Tineo, calific\u00f3 la inauguraci\u00f3n como \u201cun d\u00eda hist\u00f3rico\u201d para la provincia.<\/p>\n<p>\u201cHoy es un d\u00eda hist\u00f3rico para nuestra provincia. El se\u00f1or presidente hizo un compromiso en Monte Plata, un compromiso que hab\u00eda sido esperado por muchos a\u00f1os en el coraz\u00f3n de la Rep\u00fablica Dominicana\u201d, expres\u00f3 el legislador.<\/p>\n<p><img data-recalc-dims=\"1\" data-dominant-color=\"566058\" data-has-transparency=\"false\" style=\"--dominant-color: #566058;\" loading=\"lazy\" decoding=\"async\" class=\"alignnone size-full wp-image-3029037 not-transparent\" src=\"https:\/\/i0.wp.com\/nuevodiario-assets.s3.us-east-2.amazonaws.com\/wp-content\/uploads\/2026\/02\/Gobierno-inaugura-carretera-Bayaguana%E2%80%93El-Puerto-por-RD780-MM-5.jpeg?resize=640%2C391&amp;quality=100&amp;ssl=1\" alt=\"\" width=\"640\" height=\"391\" srcset=\"https:\/\/nuevodiario-assets.s3.us-east-2.amazonaws.com\/wp-content\/uploads\/2026\/02\/Gobierno-inaugura-carretera-Bayaguana%E2%80%93El-Puerto-por-RD780-MM-5.jpeg 2560w, https:\/\/nuevodiario-assets.s3.us-east-2.amazonaws.com\/wp-content\/uploads\/2026\/02\/Gobierno-inaugura-carretera-Bayaguana%E2%80%93El-Puerto-por-RD780-MM-5.jpeg 400w, https:\/\/nuevodiario-assets.s3.us-east-2.amazonaws.com\/wp-content\/uploads\/2026\/02\/Gobierno-inaugura-carretera-Bayaguana%E2%80%93El-Puerto-por-RD780-MM-5.jpeg 800w, https:\/\/nuevodiario-assets.s3.us-east-2.amazonaws.com\/wp-content\/uploads\/2026\/02\/Gobierno-inaugura-carretera-Bayaguana%E2%80%93El-Puerto-por-RD780-MM-5.jpeg 768w, https:\/\/nuevodiario-assets.s3.us-east-2.amazonaws.com\/wp-content\/uploads\/2026\/02\/Gobierno-inaugura-carretera-Bayaguana%E2%80%93El-Puerto-por-RD780-MM-5.jpeg 1536w, https:\/\/nuevodiario-assets.s3.us-east-2.amazonaws.com\/wp-content\/uploads\/2026\/02\/Gobierno-inaugura-carretera-Bayaguana%E2%80%93El-Puerto-por-RD780-MM-5.jpeg 2048w, https:\/\/nuevodiario-assets.s3.us-east-2.amazonaws.com\/wp-content\/uploads\/2026\/02\/Gobierno-inaugura-carretera-Bayaguana%E2%80%93El-Puerto-por-RD780-MM-5.jpeg 600w, https:\/\/nuevodiario-assets.s3.us-east-2.amazonaws.com\/wp-content\/uploads\/2026\/02\/Gobierno-inaugura-carretera-Bayaguana%E2%80%93El-Puerto-por-RD780-MM-5.jpeg 1280w, https:\/\/nuevodiario-assets.s3.us-east-2.amazonaws.com\/wp-content\/uploads\/2026\/02\/Gobierno-inaugura-carretera-Bayaguana%E2%80%93El-Puerto-por-RD780-MM-5.jpeg 1920w\" sizes=\"auto, (max-width: 640px) 100vw, 640px\"\/><\/p>\n<p>La carretera Bayaguana\u2013El Puerto est\u00e1 destinada a facilitar el transporte de personas y mercanc\u00edas, reducir tiempos de desplazamiento y mejorar la conexi\u00f3n entre comunidades productivas del Este y el Nordeste del pa\u00eds, seg\u00fan destacaron las autoridades durante el acto.<\/p>\n<p><h3 class=\"jp-relatedposts-headline\"><em>Relacionado<\/em><\/h3>\n<\/p>\n<p>\t\t\t\t\t\t<!-- .entry-footer --><br \/>\n\t\t\t\t\t\t<!-- \n\n<div data-type=\"_mgwidget\" data-widget-id=\"1743501\"><\/div>\n\n  -->\n\t\t\t\t\t<\/div>\n","protected":false},"excerpt":{"rendered":"<p>Carrera inaugurada este mi\u00e9rcoles. (Foto: fuente externa) Leer resumen de la noticia (IA) CLICK AQU\u00cd Analizando noticia&#8230; por favor espera. EL NUEVO DIARIO, MONTE PLATA. \u2013 El presidente Luis Abinader encabez\u00f3 este mi\u00e9rcoles la inauguraci\u00f3n de la carretera Bayaguana\u2013El Puerto, una obra vial construida con una inversi\u00f3n de RD$780 millones, que conecta comunidades de las<\/p>\n","protected":false},"author":1,"featured_media":23880,"comment_status":"open","ping_status":"open","sticky":false,"template":"","format":"standard","meta":{"footnotes":""},"categories":[1],"tags":[],"class_list":["post-23879","post","type-post","status-publish","format-standard","has-post-thumbnail","hentry","category-nacionales"],"_links":{"self":[{"href":"https:\/\/acronoticias.com\/index.php\/wp-json\/wp\/v2\/posts\/23879","targetHints":{"allow":["GET"]}}],"collection":[{"href":"https:\/\/acronoticias.com\/index.php\/wp-json\/wp\/v2\/posts"}],"about":[{"href":"https:\/\/acronoticias.com\/index.php\/wp-json\/wp\/v2\/types\/post"}],"author":[{"embeddable":true,"href":"https:\/\/acronoticias.com\/index.php\/wp-json\/wp\/v2\/users\/1"}],"replies":[{"embeddable":true,"href":"https:\/\/acronoticias.com\/index.php\/wp-json\/wp\/v2\/comments?post=23879"}],"version-history":[{"count":0,"href":"https:\/\/acronoticias.com\/index.php\/wp-json\/wp\/v2\/posts\/23879\/revisions"}],"wp:featuredmedia":[{"embeddable":true,"href":"https:\/\/acronoticias.com\/index.php\/wp-json\/wp\/v2\/media\/23880"}],"wp:attachment":[{"href":"https:\/\/acronoticias.com\/index.php\/wp-json\/wp\/v2\/media?parent=23879"}],"wp:term":[{"taxonomy":"category","embeddable":true,"href":"https:\/\/acronoticias.com\/index.php\/wp-json\/wp\/v2\/categories?post=23879"},{"taxonomy":"post_tag","embeddable":true,"href":"https:\/\/acronoticias.com\/index.php\/wp-json\/wp\/v2\/tags?post=23879"}],"curies":[{"name":"wp","href":"https:\/\/api.w.org\/{rel}","templated":true}]}}