{"id":23875,"date":"2026-02-25T22:14:49","date_gmt":"2026-02-25T22:14:49","guid":{"rendered":"https:\/\/acronoticias.com\/index.php\/2026\/02\/25\/dirigente-sindical-afirma-que-reforma-laboral-busca-reducir-derechos-en-rd-el-nuevo-diario-republica-dominicana\/"},"modified":"2026-02-25T22:14:49","modified_gmt":"2026-02-25T22:14:49","slug":"dirigente-sindical-afirma-que-reforma-laboral-busca-reducir-derechos-en-rd-el-nuevo-diario-republica-dominicana","status":"publish","type":"post","link":"https:\/\/acronoticias.com\/index.php\/2026\/02\/25\/dirigente-sindical-afirma-que-reforma-laboral-busca-reducir-derechos-en-rd-el-nuevo-diario-republica-dominicana\/","title":{"rendered":"Dirigente sindical afirma que reforma laboral busca reducir derechos en RD \u2013 El Nuevo Diario (Rep\u00fablica Dominicana)"},"content":{"rendered":"<p><i class=\"bi bi-camera-fill\" style=\"font-size:18px; color:var(--rojo)\"\/> Pepe Abreu, dirigente sindical afirm\u00f3 que la Reforma Laboral impulsada en el pa\u00eds desde 2013 no surgi\u00f3 del movimiento obrero, sino de sectores empresariales.<br \/>\n(Foto fuente externa).<\/p>\n<div>\n<div id=\"gemini-summary-wrapper\" class=\"mb-3\">\n                <button id=\"btn-get-summary\" class=\"gemini-btn\" data-post-id=\"3028873\" data-post-title=\"Dirigente sindical afirma que reforma laboral busca reducir derechos en RD\"><br \/>\n                    Leer resumen <b class=\"d-none d-md-inline\">de la noticia<\/b> (IA) <span>CLICK AQU\u00cd<\/span><br \/>\n                <\/button><\/p>\n<div id=\"gemini-loading\" class=\"mb-3\">\n<p>                    <span>Analizando noticia&#8230; por favor espera.<\/span>\n                <\/div>\n<\/p><\/div>\n<p>EL NUEVO DIARIO, BARAHONA. \u2013 El dirigente sindical Pepe Abreu denunci\u00f3 este mi\u00e9rcoles que la reforma laboral impulsada en el pa\u00eds desde 2013 responde a intereses empresariales que buscan reducir los derechos laborales bajo el pretexto de modernizaci\u00f3n.<\/p>\n<p>Abreu, l\u00edder sindical de la Confederaci\u00f3n Nacional de Unidad Sindical, hizo esta declaraci\u00f3n durante un acto p\u00fablico, donde anunci\u00f3 el inicio de una jornada de movilizaci\u00f3n regional para debatir la reforma. El recorrido continuar\u00e1 el 18 de marzo en La Romana y el 25 de marzo en Santiago, culminando con una actividad nacional frente al Congreso junto a la Confederaci\u00f3n Nacional de Trabajadores Dominicanos y la Confederaci\u00f3n Aut\u00f3noma Sindical Clasista.<\/p>\n<figure id=\"attachment_3028971\" aria-describedby=\"caption-attachment-3028971\" style=\"width: 400px\" class=\"wp-caption alignnone\"><img loading=\"lazy\" data-recalc-dims=\"1\" data-dominant-color=\"818489\" data-has-transparency=\"false\" style=\"--dominant-color: #818489;\" decoding=\"async\" class=\"size-medium wp-image-3028971 not-transparent\" src=\"https:\/\/i0.wp.com\/nuevodiario-assets.s3.us-east-2.amazonaws.com\/wp-content\/uploads\/2026\/02\/c50ca219-20b7-4e92-9aa0-eb13fad8fdbf-400x300.jpg?resize=400%2C300&amp;quality=100&amp;ssl=1\" alt=\"\" width=\"400\" height=\"300\" srcset=\"https:\/\/nuevodiario-assets.s3.us-east-2.amazonaws.com\/wp-content\/uploads\/2026\/02\/c50ca219-20b7-4e92-9aa0-eb13fad8fdbf.jpg 400w, https:\/\/nuevodiario-assets.s3.us-east-2.amazonaws.com\/wp-content\/uploads\/2026\/02\/c50ca219-20b7-4e92-9aa0-eb13fad8fdbf.jpg 800w, https:\/\/nuevodiario-assets.s3.us-east-2.amazonaws.com\/wp-content\/uploads\/2026\/02\/c50ca219-20b7-4e92-9aa0-eb13fad8fdbf.jpg 768w, https:\/\/nuevodiario-assets.s3.us-east-2.amazonaws.com\/wp-content\/uploads\/2026\/02\/c50ca219-20b7-4e92-9aa0-eb13fad8fdbf.jpg 1536w, https:\/\/nuevodiario-assets.s3.us-east-2.amazonaws.com\/wp-content\/uploads\/2026\/02\/c50ca219-20b7-4e92-9aa0-eb13fad8fdbf.jpg 600w, https:\/\/nuevodiario-assets.s3.us-east-2.amazonaws.com\/wp-content\/uploads\/2026\/02\/c50ca219-20b7-4e92-9aa0-eb13fad8fdbf.jpg 1600w, https:\/\/nuevodiario-assets.s3.us-east-2.amazonaws.com\/wp-content\/uploads\/2026\/02\/c50ca219-20b7-4e92-9aa0-eb13fad8fdbf.jpg 1280w\" sizes=\"auto, (max-width: 400px) 100vw, 400px\"\/><figcaption id=\"caption-attachment-3028971\" class=\"wp-caption-text\">Jornada nacional sindical: DECLARACION DE BARAHONA.<br \/>(Foto fuente externa)<\/figcaption><\/figure>\n<p>Seg\u00fan Abreu, el proceso de di\u00e1logo sobre la reforma se ha extendido por m\u00e1s de una d\u00e9cada, abarcando los gobiernos de Danilo Medina y Luis Abinader, e incluyendo m\u00e1s de cien reuniones en una mesa tripartita. El sector sindical ha realizado concesiones en temas procesales, flexibilizaci\u00f3n de jornadas, aspectos administrativos y fortalecimiento del rol del Ministerio de Trabajo; sin embargo, no ha logrado consenso con los empleadores.<\/p>\n<p>Abreu cuestion\u00f3 que ciertos sectores empresariales justifiquen sus propuestas con discursos sobre generaci\u00f3n de empleos, reducci\u00f3n de informalidad y atracci\u00f3n de inversi\u00f3n extranjera, cuando en realidad buscan precarizar las condiciones laborales. En este contexto, afirm\u00f3 que el tema de la cesant\u00eda se ha convertido en el eje central del debate p\u00fablico impulsado por voces afines a intereses patronales.<\/p>\n<p>El dirigente tambi\u00e9n critic\u00f3 la inacci\u00f3n de algunos legisladores en el Congreso Nacional, se\u00f1alando que el anteproyecto lleva un a\u00f1o y siete meses sin aprobarse, a pesar de que el texto remitido por el Poder Ejecutivo no incluye modificaciones sobre la cesant\u00eda.<\/p>\n<p>El objetivo de la movilizaci\u00f3n, explic\u00f3 Abreu, es exigir que, si el sector empleador no respalda la reforma tal como fue consensuada, se retire el proyecto y se mantenga vigente el C\u00f3digo Laboral de 1992, el cual ha coexistido con el crecimiento econ\u00f3mico del pa\u00eds durante las \u00faltimas tres d\u00e9cadas.<\/p>\n<p>La declaraci\u00f3n fue firmada por la comisi\u00f3n negociadora sindical, integrada adem\u00e1s por la vicepresidenta Eulogia Familia y el secretario general Sergio Castillo, quienes reiteraron el compromiso de mantener un sindicalismo que combine di\u00e1logo institucional con la defensa de los derechos laborales.<\/p>\n<p><h3 class=\"jp-relatedposts-headline\"><em>Relacionado<\/em><\/h3>\n<\/p>\n<p>\t\t\t\t\t\t<!-- .entry-footer --><br \/>\n\t\t\t\t\t\t<!-- \n\n<div data-type=\"_mgwidget\" data-widget-id=\"1743501\"><\/div>\n\n  -->\n\t\t\t\t\t<\/div>\n","protected":false},"excerpt":{"rendered":"<p>Pepe Abreu, dirigente sindical afirm\u00f3 que la Reforma Laboral impulsada en el pa\u00eds desde 2013 no surgi\u00f3 del movimiento obrero, sino de sectores empresariales. (Foto fuente externa). Leer resumen de la noticia (IA) CLICK AQU\u00cd Analizando noticia&#8230; por favor espera. EL NUEVO DIARIO, BARAHONA. \u2013 El dirigente sindical Pepe Abreu denunci\u00f3 este mi\u00e9rcoles que la<\/p>\n","protected":false},"author":1,"featured_media":23876,"comment_status":"open","ping_status":"open","sticky":false,"template":"","format":"standard","meta":{"footnotes":""},"categories":[1],"tags":[],"class_list":["post-23875","post","type-post","status-publish","format-standard","has-post-thumbnail","hentry","category-nacionales"],"_links":{"self":[{"href":"https:\/\/acronoticias.com\/index.php\/wp-json\/wp\/v2\/posts\/23875","targetHints":{"allow":["GET"]}}],"collection":[{"href":"https:\/\/acronoticias.com\/index.php\/wp-json\/wp\/v2\/posts"}],"about":[{"href":"https:\/\/acronoticias.com\/index.php\/wp-json\/wp\/v2\/types\/post"}],"author":[{"embeddable":true,"href":"https:\/\/acronoticias.com\/index.php\/wp-json\/wp\/v2\/users\/1"}],"replies":[{"embeddable":true,"href":"https:\/\/acronoticias.com\/index.php\/wp-json\/wp\/v2\/comments?post=23875"}],"version-history":[{"count":0,"href":"https:\/\/acronoticias.com\/index.php\/wp-json\/wp\/v2\/posts\/23875\/revisions"}],"wp:featuredmedia":[{"embeddable":true,"href":"https:\/\/acronoticias.com\/index.php\/wp-json\/wp\/v2\/media\/23876"}],"wp:attachment":[{"href":"https:\/\/acronoticias.com\/index.php\/wp-json\/wp\/v2\/media?parent=23875"}],"wp:term":[{"taxonomy":"category","embeddable":true,"href":"https:\/\/acronoticias.com\/index.php\/wp-json\/wp\/v2\/categories?post=23875"},{"taxonomy":"post_tag","embeddable":true,"href":"https:\/\/acronoticias.com\/index.php\/wp-json\/wp\/v2\/tags?post=23875"}],"curies":[{"name":"wp","href":"https:\/\/api.w.org\/{rel}","templated":true}]}}