{"id":23682,"date":"2026-02-25T02:50:52","date_gmt":"2026-02-25T02:50:52","guid":{"rendered":"https:\/\/acronoticias.com\/index.php\/2026\/02\/25\/trump-dice-que-ee-uu-tiene-la-frontera-mas-solida-con-diferencia-en-mucho-tiempo-el-nuevo-diario-republica-dominicana\/"},"modified":"2026-02-25T02:50:52","modified_gmt":"2026-02-25T02:50:52","slug":"trump-dice-que-ee-uu-tiene-la-frontera-mas-solida-con-diferencia-en-mucho-tiempo-el-nuevo-diario-republica-dominicana","status":"publish","type":"post","link":"https:\/\/acronoticias.com\/index.php\/2026\/02\/25\/trump-dice-que-ee-uu-tiene-la-frontera-mas-solida-con-diferencia-en-mucho-tiempo-el-nuevo-diario-republica-dominicana\/","title":{"rendered":"Trump dice que EE.UU. tiene \u00abla frontera m\u00e1s s\u00f3lida con diferencia\u00bb en mucho tiempo \u2013 El Nuevo Diario (Rep\u00fablica Dominicana)"},"content":{"rendered":"<p><i class=\"bi bi-camera-fill\" style=\"font-size:18px; color:var(--rojo)\"\/> El presidente de Estados Unidos, Donald Trump, habla durante una recepci\u00f3n con l\u00edderes empresariales en el marco de la reuni\u00f3n anual del Foro Econ\u00f3mico Mundial (FEM) en Davos el 21 de enero de 2026. El Foro Econ\u00f3mico Mundial se celebra en Davos del 19 al 23 de enero de 2026. (Foto de Mandel NGAN \/ AFP)<\/p>\n<div>\n<div id=\"gemini-summary-wrapper\" class=\"mb-3\">\n                <button id=\"btn-get-summary\" class=\"gemini-btn\" data-post-id=\"3027870\" data-post-title=\"Trump dice que EE.UU. tiene \u00abla frontera m\u00e1s s\u00f3lida con diferencia\u00bb en mucho tiempo\"><br \/>\n                    Leer resumen <b class=\"d-none d-md-inline\">de la noticia<\/b> (IA) <span>CLICK AQU\u00cd<\/span><br \/>\n                <\/button><\/p>\n<div id=\"gemini-loading\" class=\"mb-3\">\n<p>                    <span>Analizando noticia&#8230; por favor espera.<\/span>\n                <\/div>\n<\/p><\/div>\n<p>WASHINGTON. \u2013 El presidente de Estados Unidos, Donald Trump, asegur\u00f3 este martes nada m\u00e1s iniciar su discurso sobre el Estado de la Uni\u00f3n en el Capitolio que el pa\u00eds tiene ahora gracias a \u00e9l \u00abla frontera m\u00e1s s\u00f3lida con diferencia\u00bb que ha tenido nunca.<\/p>\n<p>Trump presumi\u00f3 tambi\u00e9n que en un a\u00f1o de mandato los cruces fronterizos han ca\u00eddo a cero, el tr\u00e1fico de fentanilo se redujo un 56 % y los datos de muerte violenta se han reducido.<\/p>\n<p>\u00abEn los \u00faltimo nueve meses, han sido admitidos a Estados Unidos cero extranjeros ilegales. Pero siempre vamos a permitir personas que ingreses legalmente, gente que amar\u00e1 nuestro pa\u00eds y trabajar\u00e1 duro para mantener nuestra naci\u00f3n\u00bb, indic\u00f3 el mandatario en su discurso ante la sesi\u00f3n conjunta del Congreso.<\/p>\n<p>La pol\u00edtica migratoria ha sido una de las obsesiones presidenciales desde que empez\u00f3 el segundo mandato de Trump en la Casa Blanca.<\/p>\n<p>La muerte a manos de agentes federales de dos ciudadanos estadounidenses en el \u00e1mbito de las protestas por las redadas migratorias en Mine\u00e1polis ha desatado una crisis pol\u00edtica que ha llevado al cierre temporal del Departamento Nacional de Seguridad (DHS).<\/p>\n<p><h3 class=\"jp-relatedposts-headline\"><em>Relacionado<\/em><\/h3>\n<\/p>\n<p>\t\t\t\t\t\t<!-- .entry-footer --><br \/>\n\t\t\t\t\t\t<!-- \n\n<div data-type=\"_mgwidget\" data-widget-id=\"1743501\"><\/div>\n\n  -->\n\t\t\t\t\t<\/div>\n","protected":false},"excerpt":{"rendered":"<p>El presidente de Estados Unidos, Donald Trump, habla durante una recepci\u00f3n con l\u00edderes empresariales en el marco de la reuni\u00f3n anual del Foro Econ\u00f3mico Mundial (FEM) en Davos el 21 de enero de 2026. El Foro Econ\u00f3mico Mundial se celebra en Davos del 19 al 23 de enero de 2026. (Foto de Mandel NGAN \/<\/p>\n","protected":false},"author":1,"featured_media":23683,"comment_status":"open","ping_status":"open","sticky":false,"template":"","format":"standard","meta":{"footnotes":""},"categories":[3],"tags":[],"class_list":["post-23682","post","type-post","status-publish","format-standard","has-post-thumbnail","hentry","category-internacionales"],"_links":{"self":[{"href":"https:\/\/acronoticias.com\/index.php\/wp-json\/wp\/v2\/posts\/23682","targetHints":{"allow":["GET"]}}],"collection":[{"href":"https:\/\/acronoticias.com\/index.php\/wp-json\/wp\/v2\/posts"}],"about":[{"href":"https:\/\/acronoticias.com\/index.php\/wp-json\/wp\/v2\/types\/post"}],"author":[{"embeddable":true,"href":"https:\/\/acronoticias.com\/index.php\/wp-json\/wp\/v2\/users\/1"}],"replies":[{"embeddable":true,"href":"https:\/\/acronoticias.com\/index.php\/wp-json\/wp\/v2\/comments?post=23682"}],"version-history":[{"count":0,"href":"https:\/\/acronoticias.com\/index.php\/wp-json\/wp\/v2\/posts\/23682\/revisions"}],"wp:featuredmedia":[{"embeddable":true,"href":"https:\/\/acronoticias.com\/index.php\/wp-json\/wp\/v2\/media\/23683"}],"wp:attachment":[{"href":"https:\/\/acronoticias.com\/index.php\/wp-json\/wp\/v2\/media?parent=23682"}],"wp:term":[{"taxonomy":"category","embeddable":true,"href":"https:\/\/acronoticias.com\/index.php\/wp-json\/wp\/v2\/categories?post=23682"},{"taxonomy":"post_tag","embeddable":true,"href":"https:\/\/acronoticias.com\/index.php\/wp-json\/wp\/v2\/tags?post=23682"}],"curies":[{"name":"wp","href":"https:\/\/api.w.org\/{rel}","templated":true}]}}